{"id":1035,"date":"2023-12-11T11:02:39","date_gmt":"2023-12-11T14:02:39","guid":{"rendered":"https:\/\/guaruja.org.br\/aguaviva\/?p=1035"},"modified":"2023-12-15T14:46:17","modified_gmt":"2023-12-15T17:46:17","slug":"movimento-organizado-pela-aguaviva-quer-pacificar-o-guaruja","status":"publish","type":"post","link":"https:\/\/guaruja.org.br\/aguaviva\/movimento-organizado-pela-aguaviva-quer-pacificar-o-guaruja\/","title":{"rendered":"Movimento organizado pela AGUAVIVA quer pacificar o Guaruj\u00e1"},"content":{"rendered":"\n<h2 class=\"wp-block-heading\">Primeiro encontro aconteceu na Praia das Ast\u00farias<\/h2>\n\n\n\n<p>Moradores pr\u00f3ximos da Praia das Ast\u00farias participaram na tarde de s\u00e1bado, dia 9, do lan\u00e7amento de um movimento que visa pacificar e reestruturar a cidade de Guaruj\u00e1 a partir da sociedade civil. O objetivo \u00e9 conscientizar. e construir planos de curto, m\u00e9dio e longo prazos que tragam tranquilidade para quem vive ou visita o munic\u00edpio.<\/p>\n\n\n\n<p>\u201cNossa ideia n\u00e3o \u00e9 fazer um movimento isolado para tratar apenas um problema de seguran\u00e7a ou de uma praia. Coletivamente, queremos pacificar a cidade e oferecer um norte, um rumo, uma dire\u00e7\u00e3o. Uma Cidade t\u00e3o linda como essa n\u00e3o pode se encontrar em situa\u00e7\u00e3o de desgoverno e abandono total. Nada funciona\u201d, disse o eng. Jos\u00e9 Manoel Ferreira Gon\u00e7alves, presidente da AGUAVIVA.<\/p>\n\n\n\n<figure class=\"wp-block-gallery has-nested-images columns-default is-cropped wp-block-gallery-1 is-layout-flex wp-block-gallery-is-layout-flex\">\n<figure class=\"wp-block-image size-large\"><img fetchpriority=\"high\" decoding=\"async\" width=\"768\" height=\"1024\" data-id=\"1037\" src=\"https:\/\/guaruja.org.br\/aguaviva\/wp-content\/uploads\/2023\/12\/2-768x1024.jpg\" alt=\"\" class=\"wp-image-1037\" srcset=\"https:\/\/guaruja.org.br\/aguaviva\/wp-content\/uploads\/2023\/12\/2-768x1024.jpg 768w, https:\/\/guaruja.org.br\/aguaviva\/wp-content\/uploads\/2023\/12\/2-225x300.jpg 225w, https:\/\/guaruja.org.br\/aguaviva\/wp-content\/uploads\/2023\/12\/2-1152x1536.jpg 1152w, https:\/\/guaruja.org.br\/aguaviva\/wp-content\/uploads\/2023\/12\/2.jpg 1200w\" sizes=\"(max-width: 768px) 100vw, 768px\" \/><\/figure>\n\n\n\n<figure class=\"wp-block-image size-large\"><img decoding=\"async\" width=\"768\" height=\"1024\" data-id=\"1036\" src=\"https:\/\/guaruja.org.br\/aguaviva\/wp-content\/uploads\/2023\/12\/3-768x1024.jpg\" alt=\"\" class=\"wp-image-1036\" srcset=\"https:\/\/guaruja.org.br\/aguaviva\/wp-content\/uploads\/2023\/12\/3-768x1024.jpg 768w, https:\/\/guaruja.org.br\/aguaviva\/wp-content\/uploads\/2023\/12\/3-225x300.jpg 225w, https:\/\/guaruja.org.br\/aguaviva\/wp-content\/uploads\/2023\/12\/3-1152x1536.jpg 1152w, https:\/\/guaruja.org.br\/aguaviva\/wp-content\/uploads\/2023\/12\/3.jpg 1200w\" sizes=\"(max-width: 768px) 100vw, 768px\" \/><\/figure>\n<\/figure>\n\n\n\n<p>Jos\u00e9 Manoel ressaltou o papel de articula\u00e7\u00e3o da AGUAVIVA e que para pacificar \u00e9 preciso a presen\u00e7a da sociedade civil por meio tamb\u00e9m das associa\u00e7\u00f5es de moradores existentes em toda a Cidade. \u201cVamos organizar encontros n\u00e3o s\u00f3 com os moradores das praias e perto delas e nos bairros para discutirmos solu\u00e7\u00f5es concretas que resolvam os problemas existentes. Queremos visitar todas as regi\u00f5es da Cidade e conversar com as pessoas. Foi formada a primeira comiss\u00e3o provis\u00f3ria na Praia das Ast\u00farias e isso ser\u00e1 feito em cada regi\u00e3o da Cidade. Queremos montar um grande conselho da cidadania organizado pela sociedade civil. As articula\u00e7\u00f5es j\u00e1 come\u00e7aram\u201d, afirmou o engenheiro.<\/p>\n\n\n\n<p>Enquanto isso, outras associa\u00e7\u00f5es de bairro e praias tomam iniciativas para a realiza\u00e7\u00e3o de um trabalho para melhorar a seguran\u00e7a nas suas respectivas \u00e1reas. \u201cA AGUAVIVA quer conectar tudo isso para n\u00e3o ocorra a simples transfer\u00eancia de uma praia para outra, sem esquecer o papel do Estado nesta tarefa. Na Praia do Guai\u00faba algo come\u00e7ou a ser feito\u201d, disse Jos\u00e9 Manoel.<\/p>\n\n\n\n<h2 class=\"wp-block-heading\">Ast\u00farias<\/h2>\n\n\n\n<p>Luciano Lourenco Viana Menezes, da Associa\u00e7\u00e3o dos Moradores e Amigos das Asturias e Galhetas, ressaltou a necessidade do fortalecimento da entidade. Queremos fortalecer essa luta. N\u00e3o queremos ver mais aquelas imagens e sofrer com aquilo tudo. \u00c9 fundamental que medidas urgentes sejam tomadas de olho nos pr\u00f3ximos dias e no ver\u00e3o. Agora, isso precisa continuar depois da temporada&#8221;, afirmou.<\/p>\n\n\n\n<h2 class=\"wp-block-heading\">Guai\u00faba<\/h2>\n\n\n\n<p>A Sociedade Amigos do Guai\u00faba (SAG) est\u00e1 finalizando as tratativas para contratar uma empresa de seguran\u00e7a privada para cuidar da praia. \u201cA ideia \u00e9 ter seguran\u00e7a 24 horas, fazer o link com as pessoas, ter uma Vizinhan\u00e7a Solid\u00e1ria e guarita. Vamos nos preparar para identificar e evitar as aglomera\u00e7\u00f5es e os dist\u00farbios. Queremos tamb\u00e9m que isso sirva tamb\u00e9m para as praias vizinhas\u201d, declarou o advogado Wilson Gouveia, integrante da SAG.<\/p>\n\n\n\n<p>Ele citou que a parceria com a AGUAVIVA vai fortalecer muito a luta. \u201cTemos que ter essas c\u00e9lulas com a sociedade civil para fazer valer a garantia da lei e ordem. Com isso, podemos tamb\u00e9m acionar a Pol\u00edcia. Vamos ficar atentos para que n\u00e3o aconte\u00e7a o que esses grupos fizeram e vimos pela televis\u00e3o ultimamente\u201d, disse o advogado.<\/p>\n\n\n\n<h2 class=\"wp-block-heading\">Tombo<\/h2>\n\n\n\n<p>Giancarlo Paschoal, presidente da Associa\u00e7\u00e3o dos Moradores frente ao Mar na Praia do Tombo, lembrou a grande quantidade de assaltos que acontecem naquela \u00e1rea. &#8220;Al\u00e9m do fator seguran\u00e7a, tem a quest\u00e3o social. A praia est\u00e1 cheia de moradores de rua, que dormem nos quiosques e nos com\u00e9rcios da orla. Existe tamb\u00e9m o fator ambiental. A praia est\u00e1 muito suja perto do que ela sempre foi. Abri meu com\u00e9rcio h\u00e1 nove anos e d\u00e1 tristeza ver como tudo est\u00e1 hoje &#8220;, disse.<\/p>\n\n\n\n<p>Paschoal tamb\u00e9m cr\u00ea que a solu\u00e7\u00e3o para a viol\u00eancia seja contratar seguran\u00e7a privada, como aconteceu no Guai\u00faba. \u201cEstou avaliando o projeto deles. Infelizmente n\u00e3o d\u00e1 para depender da Pol\u00edcia Militar e da Guarda Civil. A sa\u00edda para isso \u00e9 seguran\u00e7a particular 24 horas por dia\u201d, ressaltou.<br>Lembretes<\/p>\n\n\n\n<p>A AGUAVIVA lembra que nesta segunda-feira, dia 11, acontece a audi\u00eancia p\u00fablica que vai tratar da implanta\u00e7\u00e3o da Taxa de Preserva\u00e7\u00e3o Ambiental em Guaruj\u00e1. Na ter\u00e7a-feira, dia 12, haver\u00e1 a \u00faltima sess\u00e3o do ano da C\u00e2mara Municipal de Guaruj\u00e1.<\/p>\n\n\n\n<h2 class=\"wp-block-heading\">SAIU NA M\u00cdDIA<\/h2>\n\n\n\n<figure class=\"wp-block-image size-large\"><img decoding=\"async\" width=\"1024\" height=\"579\" src=\"https:\/\/guaruja.org.br\/aguaviva\/wp-content\/uploads\/2023\/12\/image-1024x579.png\" alt=\"\" class=\"wp-image-1041\" srcset=\"https:\/\/guaruja.org.br\/aguaviva\/wp-content\/uploads\/2023\/12\/image-1024x579.png 1024w, https:\/\/guaruja.org.br\/aguaviva\/wp-content\/uploads\/2023\/12\/image-300x170.png 300w, https:\/\/guaruja.org.br\/aguaviva\/wp-content\/uploads\/2023\/12\/image-768x434.png 768w, https:\/\/guaruja.org.br\/aguaviva\/wp-content\/uploads\/2023\/12\/image.png 1165w\" sizes=\"(max-width: 1024px) 100vw, 1024px\" \/><\/figure>\n\n\n\n<p>Continue lendo em <a href=\"https:\/\/emnoticia.com.br\/movimento-organizado-pela-aguaviva-quer-pacificar-o-guaruja\/\" target=\"_blank\" rel=\"noreferrer noopener\">https:\/\/emnoticia.com.br\/movimento-organizado-pela-aguaviva-quer-pacificar-o-guaruja\/<\/a><\/p>\n\n\n\n<figure class=\"wp-block-image size-full\"><img loading=\"lazy\" decoding=\"async\" width=\"558\" height=\"775\" src=\"https:\/\/guaruja.org.br\/aguaviva\/wp-content\/uploads\/2023\/12\/image-1.png\" alt=\"\" class=\"wp-image-1044\" srcset=\"https:\/\/guaruja.org.br\/aguaviva\/wp-content\/uploads\/2023\/12\/image-1.png 558w, https:\/\/guaruja.org.br\/aguaviva\/wp-content\/uploads\/2023\/12\/image-1-216x300.png 216w\" sizes=\"(max-width: 558px) 100vw, 558px\" \/><\/figure>\n\n\n\n<p>Continue lendo em <a href=\"https:\/\/or8.com.br\/movimento-organizado-pela-aguaviva-quer-pacificar-o-guaruja\/\" target=\"_blank\" rel=\"noreferrer noopener\">https:\/\/or8.com.br\/movimento-organizado-pela-aguaviva-quer-pacificar-o-guaruja\/<\/a><\/p>\n\n\n\n<p><\/p>\n\n\n\n<figure class=\"wp-block-image size-full is-resized\"><img loading=\"lazy\" decoding=\"async\" width=\"275\" height=\"663\" src=\"https:\/\/guaruja.org.br\/aguaviva\/wp-content\/uploads\/2023\/12\/saiuuu.jpg\" alt=\"\" class=\"wp-image-1102\" style=\"width:394px;height:auto\" srcset=\"https:\/\/guaruja.org.br\/aguaviva\/wp-content\/uploads\/2023\/12\/saiuuu.jpg 275w, https:\/\/guaruja.org.br\/aguaviva\/wp-content\/uploads\/2023\/12\/saiuuu-124x300.jpg 124w\" sizes=\"(max-width: 275px) 100vw, 275px\" \/><\/figure>\n","protected":false},"excerpt":{"rendered":"<p>Primeiro encontro aconteceu na Praia das Ast\u00farias Moradores pr\u00f3ximos da Praia das Ast\u00farias participaram na tarde de s\u00e1bado, dia 9, do lan\u00e7amento de um movimento que visa pacificar e reestruturar a cidade de Guaruj\u00e1 a partir da sociedade civil. O objetivo \u00e9 conscientizar. e construir planos de curto, m\u00e9dio e longo prazos que tragam tranquilidade [&hellip;]<\/p>\n","protected":false},"author":1,"featured_media":1038,"comment_status":"closed","ping_status":"closed","sticky":false,"template":"","format":"standard","meta":{"footnotes":""},"categories":[34],"tags":[61,12,84,36],"class_list":["post-1035","post","type-post","status-publish","format-standard","has-post-thumbnail","hentry","category-releases","tag-baixadasantista","tag-guaruja","tag-respeito","tag-turismo"],"yoast_head":"<!-- This site is optimized with the Yoast SEO Premium plugin v26.7 (Yoast SEO v26.7) - https:\/\/yoast.com\/wordpress\/plugins\/seo\/ -->\n<title>Movimento organizado pela AGUAVIVA quer pacificar o Guaruj\u00e1 - AGUAVIVA<\/title>\n<meta name=\"robots\" content=\"index, follow, max-snippet:-1, max-image-preview:large, max-video-preview:-1\" \/>\n<link rel=\"canonical\" href=\"https:\/\/guaruja.org.br\/aguaviva\/movimento-organizado-pela-aguaviva-quer-pacificar-o-guaruja\/\" \/>\n<meta property=\"og:locale\" content=\"pt_BR\" \/>\n<meta property=\"og:type\" content=\"article\" \/>\n<meta property=\"og:title\" content=\"Movimento organizado pela AGUAVIVA quer pacificar o Guaruj\u00e1\" \/>\n<meta property=\"og:description\" content=\"Primeiro encontro aconteceu na Praia das Ast\u00farias Moradores pr\u00f3ximos da Praia das Ast\u00farias participaram na tarde de s\u00e1bado, dia 9, do lan\u00e7amento de um movimento que visa pacificar e reestruturar a cidade de Guaruj\u00e1 a partir da sociedade civil. O objetivo \u00e9 conscientizar. e construir planos de curto, m\u00e9dio e longo prazos que tragam tranquilidade [&hellip;]\" \/>\n<meta property=\"og:url\" content=\"https:\/\/guaruja.org.br\/aguaviva\/movimento-organizado-pela-aguaviva-quer-pacificar-o-guaruja\/\" \/>\n<meta property=\"og:site_name\" content=\"AGUAVIVA\" \/>\n<meta property=\"article:publisher\" content=\"https:\/\/www.facebook.com\/guarujaaguaviva\" \/>\n<meta property=\"article:published_time\" content=\"2023-12-11T14:02:39+00:00\" \/>\n<meta property=\"article:modified_time\" content=\"2023-12-15T17:46:17+00:00\" \/>\n<meta property=\"og:image\" content=\"https:\/\/guaruja.org.br\/aguaviva\/wp-content\/uploads\/2023\/12\/1.jpg\" \/>\n\t<meta property=\"og:image:width\" content=\"1600\" \/>\n\t<meta property=\"og:image:height\" content=\"1200\" \/>\n\t<meta property=\"og:image:type\" content=\"image\/jpeg\" \/>\n<meta name=\"author\" content=\"morgana\" \/>\n<meta name=\"twitter:card\" content=\"summary_large_image\" \/>\n<meta name=\"twitter:label1\" content=\"Escrito por\" \/>\n\t<meta name=\"twitter:data1\" content=\"morgana\" \/>\n\t<meta name=\"twitter:label2\" content=\"Est. tempo de leitura\" \/>\n\t<meta name=\"twitter:data2\" content=\"5 minutos\" \/>\n<script type=\"application\/ld+json\" class=\"yoast-schema-graph\">{\"@context\":\"https:\/\/schema.org\",\"@graph\":[{\"@type\":\"Article\",\"@id\":\"https:\/\/guaruja.org.br\/aguaviva\/movimento-organizado-pela-aguaviva-quer-pacificar-o-guaruja\/#article\",\"isPartOf\":{\"@id\":\"https:\/\/guaruja.org.br\/aguaviva\/movimento-organizado-pela-aguaviva-quer-pacificar-o-guaruja\/\"},\"author\":{\"name\":\"morgana\",\"@id\":\"https:\/\/guaruja.org.br\/aguaviva\/#\/schema\/person\/9eebcb3a8418982418c00d543a25aee4\"},\"headline\":\"Movimento organizado pela AGUAVIVA quer pacificar o Guaruj\u00e1\",\"datePublished\":\"2023-12-11T14:02:39+00:00\",\"dateModified\":\"2023-12-15T17:46:17+00:00\",\"mainEntityOfPage\":{\"@id\":\"https:\/\/guaruja.org.br\/aguaviva\/movimento-organizado-pela-aguaviva-quer-pacificar-o-guaruja\/\"},\"wordCount\":741,\"publisher\":{\"@id\":\"https:\/\/guaruja.org.br\/aguaviva\/#organization\"},\"image\":{\"@id\":\"https:\/\/guaruja.org.br\/aguaviva\/movimento-organizado-pela-aguaviva-quer-pacificar-o-guaruja\/#primaryimage\"},\"thumbnailUrl\":\"https:\/\/guaruja.org.br\/aguaviva\/wp-content\/uploads\/2023\/12\/1.jpg\",\"keywords\":[\"baixadasantista\",\"guaruja\",\"respeito\",\"turismo\"],\"articleSection\":[\"Releases\"],\"inLanguage\":\"pt-BR\"},{\"@type\":\"WebPage\",\"@id\":\"https:\/\/guaruja.org.br\/aguaviva\/movimento-organizado-pela-aguaviva-quer-pacificar-o-guaruja\/\",\"url\":\"https:\/\/guaruja.org.br\/aguaviva\/movimento-organizado-pela-aguaviva-quer-pacificar-o-guaruja\/\",\"name\":\"Movimento organizado pela AGUAVIVA quer pacificar o Guaruj\u00e1 - AGUAVIVA\",\"isPartOf\":{\"@id\":\"https:\/\/guaruja.org.br\/aguaviva\/#website\"},\"primaryImageOfPage\":{\"@id\":\"https:\/\/guaruja.org.br\/aguaviva\/movimento-organizado-pela-aguaviva-quer-pacificar-o-guaruja\/#primaryimage\"},\"image\":{\"@id\":\"https:\/\/guaruja.org.br\/aguaviva\/movimento-organizado-pela-aguaviva-quer-pacificar-o-guaruja\/#primaryimage\"},\"thumbnailUrl\":\"https:\/\/guaruja.org.br\/aguaviva\/wp-content\/uploads\/2023\/12\/1.jpg\",\"datePublished\":\"2023-12-11T14:02:39+00:00\",\"dateModified\":\"2023-12-15T17:46:17+00:00\",\"breadcrumb\":{\"@id\":\"https:\/\/guaruja.org.br\/aguaviva\/movimento-organizado-pela-aguaviva-quer-pacificar-o-guaruja\/#breadcrumb\"},\"inLanguage\":\"pt-BR\",\"potentialAction\":[{\"@type\":\"ReadAction\",\"target\":[\"https:\/\/guaruja.org.br\/aguaviva\/movimento-organizado-pela-aguaviva-quer-pacificar-o-guaruja\/\"]}]},{\"@type\":\"ImageObject\",\"inLanguage\":\"pt-BR\",\"@id\":\"https:\/\/guaruja.org.br\/aguaviva\/movimento-organizado-pela-aguaviva-quer-pacificar-o-guaruja\/#primaryimage\",\"url\":\"https:\/\/guaruja.org.br\/aguaviva\/wp-content\/uploads\/2023\/12\/1.jpg\",\"contentUrl\":\"https:\/\/guaruja.org.br\/aguaviva\/wp-content\/uploads\/2023\/12\/1.jpg\",\"width\":1600,\"height\":1200},{\"@type\":\"BreadcrumbList\",\"@id\":\"https:\/\/guaruja.org.br\/aguaviva\/movimento-organizado-pela-aguaviva-quer-pacificar-o-guaruja\/#breadcrumb\",\"itemListElement\":[{\"@type\":\"ListItem\",\"position\":1,\"name\":\"In\u00edcio\",\"item\":\"https:\/\/guaruja.org.br\/aguaviva\/\"},{\"@type\":\"ListItem\",\"position\":2,\"name\":\"Movimento organizado pela AGUAVIVA quer pacificar o Guaruj\u00e1\"}]},{\"@type\":\"WebSite\",\"@id\":\"https:\/\/guaruja.org.br\/aguaviva\/#website\",\"url\":\"https:\/\/guaruja.org.br\/aguaviva\/\",\"name\":\"AGUAVIVA\",\"description\":\"Associa\u00e7\u00e3o Guaruj\u00e1 Viva\",\"publisher\":{\"@id\":\"https:\/\/guaruja.org.br\/aguaviva\/#organization\"},\"alternateName\":\"AGUAVIVA\",\"potentialAction\":[{\"@type\":\"SearchAction\",\"target\":{\"@type\":\"EntryPoint\",\"urlTemplate\":\"https:\/\/guaruja.org.br\/aguaviva\/?s={search_term_string}\"},\"query-input\":{\"@type\":\"PropertyValueSpecification\",\"valueRequired\":true,\"valueName\":\"search_term_string\"}}],\"inLanguage\":\"pt-BR\"},{\"@type\":\"Organization\",\"@id\":\"https:\/\/guaruja.org.br\/aguaviva\/#organization\",\"name\":\"AGUAVIVA\",\"alternateName\":\"AGUAVIVA\",\"url\":\"https:\/\/guaruja.org.br\/aguaviva\/\",\"logo\":{\"@type\":\"ImageObject\",\"inLanguage\":\"pt-BR\",\"@id\":\"https:\/\/guaruja.org.br\/aguaviva\/#\/schema\/logo\/image\/\",\"url\":\"https:\/\/guaruja.org.br\/aguaviva\/wp-content\/uploads\/2025\/03\/logo-aguaviva-horizontal.png\",\"contentUrl\":\"https:\/\/guaruja.org.br\/aguaviva\/wp-content\/uploads\/2025\/03\/logo-aguaviva-horizontal.png\",\"width\":3280,\"height\":1080,\"caption\":\"AGUAVIVA\"},\"image\":{\"@id\":\"https:\/\/guaruja.org.br\/aguaviva\/#\/schema\/logo\/image\/\"},\"sameAs\":[\"https:\/\/www.facebook.com\/guarujaaguaviva\",\"https:\/\/www.instagram.com\/aguavivaguaruja\/\"]},{\"@type\":\"Person\",\"@id\":\"https:\/\/guaruja.org.br\/aguaviva\/#\/schema\/person\/9eebcb3a8418982418c00d543a25aee4\",\"name\":\"morgana\",\"sameAs\":[\"https:\/\/guaruja.org.br\/aguaviva-02\"],\"url\":\"https:\/\/guaruja.org.br\/aguaviva\/author\/morgana\/\"}]}<\/script>\n<!-- \/ Yoast SEO Premium plugin. -->","yoast_head_json":{"title":"Movimento organizado pela AGUAVIVA quer pacificar o Guaruj\u00e1 - AGUAVIVA","robots":{"index":"index","follow":"follow","max-snippet":"max-snippet:-1","max-image-preview":"max-image-preview:large","max-video-preview":"max-video-preview:-1"},"canonical":"https:\/\/guaruja.org.br\/aguaviva\/movimento-organizado-pela-aguaviva-quer-pacificar-o-guaruja\/","og_locale":"pt_BR","og_type":"article","og_title":"Movimento organizado pela AGUAVIVA quer pacificar o Guaruj\u00e1","og_description":"Primeiro encontro aconteceu na Praia das Ast\u00farias Moradores pr\u00f3ximos da Praia das Ast\u00farias participaram na tarde de s\u00e1bado, dia 9, do lan\u00e7amento de um movimento que visa pacificar e reestruturar a cidade de Guaruj\u00e1 a partir da sociedade civil. O objetivo \u00e9 conscientizar. e construir planos de curto, m\u00e9dio e longo prazos que tragam tranquilidade [&hellip;]","og_url":"https:\/\/guaruja.org.br\/aguaviva\/movimento-organizado-pela-aguaviva-quer-pacificar-o-guaruja\/","og_site_name":"AGUAVIVA","article_publisher":"https:\/\/www.facebook.com\/guarujaaguaviva","article_published_time":"2023-12-11T14:02:39+00:00","article_modified_time":"2023-12-15T17:46:17+00:00","og_image":[{"width":1600,"height":1200,"url":"https:\/\/guaruja.org.br\/aguaviva\/wp-content\/uploads\/2023\/12\/1.jpg","type":"image\/jpeg"}],"author":"morgana","twitter_card":"summary_large_image","twitter_misc":{"Escrito por":"morgana","Est. tempo de leitura":"5 minutos"},"schema":{"@context":"https:\/\/schema.org","@graph":[{"@type":"Article","@id":"https:\/\/guaruja.org.br\/aguaviva\/movimento-organizado-pela-aguaviva-quer-pacificar-o-guaruja\/#article","isPartOf":{"@id":"https:\/\/guaruja.org.br\/aguaviva\/movimento-organizado-pela-aguaviva-quer-pacificar-o-guaruja\/"},"author":{"name":"morgana","@id":"https:\/\/guaruja.org.br\/aguaviva\/#\/schema\/person\/9eebcb3a8418982418c00d543a25aee4"},"headline":"Movimento organizado pela AGUAVIVA quer pacificar o Guaruj\u00e1","datePublished":"2023-12-11T14:02:39+00:00","dateModified":"2023-12-15T17:46:17+00:00","mainEntityOfPage":{"@id":"https:\/\/guaruja.org.br\/aguaviva\/movimento-organizado-pela-aguaviva-quer-pacificar-o-guaruja\/"},"wordCount":741,"publisher":{"@id":"https:\/\/guaruja.org.br\/aguaviva\/#organization"},"image":{"@id":"https:\/\/guaruja.org.br\/aguaviva\/movimento-organizado-pela-aguaviva-quer-pacificar-o-guaruja\/#primaryimage"},"thumbnailUrl":"https:\/\/guaruja.org.br\/aguaviva\/wp-content\/uploads\/2023\/12\/1.jpg","keywords":["baixadasantista","guaruja","respeito","turismo"],"articleSection":["Releases"],"inLanguage":"pt-BR"},{"@type":"WebPage","@id":"https:\/\/guaruja.org.br\/aguaviva\/movimento-organizado-pela-aguaviva-quer-pacificar-o-guaruja\/","url":"https:\/\/guaruja.org.br\/aguaviva\/movimento-organizado-pela-aguaviva-quer-pacificar-o-guaruja\/","name":"Movimento organizado pela AGUAVIVA quer pacificar o Guaruj\u00e1 - AGUAVIVA","isPartOf":{"@id":"https:\/\/guaruja.org.br\/aguaviva\/#website"},"primaryImageOfPage":{"@id":"https:\/\/guaruja.org.br\/aguaviva\/movimento-organizado-pela-aguaviva-quer-pacificar-o-guaruja\/#primaryimage"},"image":{"@id":"https:\/\/guaruja.org.br\/aguaviva\/movimento-organizado-pela-aguaviva-quer-pacificar-o-guaruja\/#primaryimage"},"thumbnailUrl":"https:\/\/guaruja.org.br\/aguaviva\/wp-content\/uploads\/2023\/12\/1.jpg","datePublished":"2023-12-11T14:02:39+00:00","dateModified":"2023-12-15T17:46:17+00:00","breadcrumb":{"@id":"https:\/\/guaruja.org.br\/aguaviva\/movimento-organizado-pela-aguaviva-quer-pacificar-o-guaruja\/#breadcrumb"},"inLanguage":"pt-BR","potentialAction":[{"@type":"ReadAction","target":["https:\/\/guaruja.org.br\/aguaviva\/movimento-organizado-pela-aguaviva-quer-pacificar-o-guaruja\/"]}]},{"@type":"ImageObject","inLanguage":"pt-BR","@id":"https:\/\/guaruja.org.br\/aguaviva\/movimento-organizado-pela-aguaviva-quer-pacificar-o-guaruja\/#primaryimage","url":"https:\/\/guaruja.org.br\/aguaviva\/wp-content\/uploads\/2023\/12\/1.jpg","contentUrl":"https:\/\/guaruja.org.br\/aguaviva\/wp-content\/uploads\/2023\/12\/1.jpg","width":1600,"height":1200},{"@type":"BreadcrumbList","@id":"https:\/\/guaruja.org.br\/aguaviva\/movimento-organizado-pela-aguaviva-quer-pacificar-o-guaruja\/#breadcrumb","itemListElement":[{"@type":"ListItem","position":1,"name":"In\u00edcio","item":"https:\/\/guaruja.org.br\/aguaviva\/"},{"@type":"ListItem","position":2,"name":"Movimento organizado pela AGUAVIVA quer pacificar o Guaruj\u00e1"}]},{"@type":"WebSite","@id":"https:\/\/guaruja.org.br\/aguaviva\/#website","url":"https:\/\/guaruja.org.br\/aguaviva\/","name":"AGUAVIVA","description":"Associa\u00e7\u00e3o Guaruj\u00e1 Viva","publisher":{"@id":"https:\/\/guaruja.org.br\/aguaviva\/#organization"},"alternateName":"AGUAVIVA","potentialAction":[{"@type":"SearchAction","target":{"@type":"EntryPoint","urlTemplate":"https:\/\/guaruja.org.br\/aguaviva\/?s={search_term_string}"},"query-input":{"@type":"PropertyValueSpecification","valueRequired":true,"valueName":"search_term_string"}}],"inLanguage":"pt-BR"},{"@type":"Organization","@id":"https:\/\/guaruja.org.br\/aguaviva\/#organization","name":"AGUAVIVA","alternateName":"AGUAVIVA","url":"https:\/\/guaruja.org.br\/aguaviva\/","logo":{"@type":"ImageObject","inLanguage":"pt-BR","@id":"https:\/\/guaruja.org.br\/aguaviva\/#\/schema\/logo\/image\/","url":"https:\/\/guaruja.org.br\/aguaviva\/wp-content\/uploads\/2025\/03\/logo-aguaviva-horizontal.png","contentUrl":"https:\/\/guaruja.org.br\/aguaviva\/wp-content\/uploads\/2025\/03\/logo-aguaviva-horizontal.png","width":3280,"height":1080,"caption":"AGUAVIVA"},"image":{"@id":"https:\/\/guaruja.org.br\/aguaviva\/#\/schema\/logo\/image\/"},"sameAs":["https:\/\/www.facebook.com\/guarujaaguaviva","https:\/\/www.instagram.com\/aguavivaguaruja\/"]},{"@type":"Person","@id":"https:\/\/guaruja.org.br\/aguaviva\/#\/schema\/person\/9eebcb3a8418982418c00d543a25aee4","name":"morgana","sameAs":["https:\/\/guaruja.org.br\/aguaviva-02"],"url":"https:\/\/guaruja.org.br\/aguaviva\/author\/morgana\/"}]}},"_links":{"self":[{"href":"https:\/\/guaruja.org.br\/aguaviva\/wp-json\/wp\/v2\/posts\/1035","targetHints":{"allow":["GET"]}}],"collection":[{"href":"https:\/\/guaruja.org.br\/aguaviva\/wp-json\/wp\/v2\/posts"}],"about":[{"href":"https:\/\/guaruja.org.br\/aguaviva\/wp-json\/wp\/v2\/types\/post"}],"author":[{"embeddable":true,"href":"https:\/\/guaruja.org.br\/aguaviva\/wp-json\/wp\/v2\/users\/1"}],"replies":[{"embeddable":true,"href":"https:\/\/guaruja.org.br\/aguaviva\/wp-json\/wp\/v2\/comments?post=1035"}],"version-history":[{"count":4,"href":"https:\/\/guaruja.org.br\/aguaviva\/wp-json\/wp\/v2\/posts\/1035\/revisions"}],"predecessor-version":[{"id":1103,"href":"https:\/\/guaruja.org.br\/aguaviva\/wp-json\/wp\/v2\/posts\/1035\/revisions\/1103"}],"wp:featuredmedia":[{"embeddable":true,"href":"https:\/\/guaruja.org.br\/aguaviva\/wp-json\/wp\/v2\/media\/1038"}],"wp:attachment":[{"href":"https:\/\/guaruja.org.br\/aguaviva\/wp-json\/wp\/v2\/media?parent=1035"}],"wp:term":[{"taxonomy":"category","embeddable":true,"href":"https:\/\/guaruja.org.br\/aguaviva\/wp-json\/wp\/v2\/categories?post=1035"},{"taxonomy":"post_tag","embeddable":true,"href":"https:\/\/guaruja.org.br\/aguaviva\/wp-json\/wp\/v2\/tags?post=1035"}],"curies":[{"name":"wp","href":"https:\/\/api.w.org\/{rel}","templated":true}]}}