{"id":1083,"date":"2023-12-14T09:57:30","date_gmt":"2023-12-14T12:57:30","guid":{"rendered":"https:\/\/guaruja.org.br\/aguaviva\/?p=1083"},"modified":"2023-12-14T10:01:14","modified_gmt":"2023-12-14T13:01:14","slug":"praia-das-asturias-em-crise-de-saneamento","status":"publish","type":"post","link":"https:\/\/guaruja.org.br\/aguaviva\/praia-das-asturias-em-crise-de-saneamento\/","title":{"rendered":"PRAIA DAS ASTURIAS EM CRISE DE SANEAMENTO"},"content":{"rendered":"\n<p>A praia das Ast\u00farias, em Guaruj\u00e1, passou as primeiras duas semanas de dezembro com bandeira vermelha, ou seja, impr\u00f3pria para o banho, segundo crit\u00e9rios da Cetesb &#8211; Companha Ambiental do Estado de S\u00e3o Paulo. Uma das praias mais charmosas do litoral vive, nos \u00faltimos meses, uma crise de saneamento b\u00e1sico.<\/p>\n\n\n\n<figure class=\"wp-block-image size-full\"><img fetchpriority=\"high\" decoding=\"async\" width=\"886\" height=\"664\" src=\"https:\/\/guaruja.org.br\/aguaviva\/wp-content\/uploads\/2023\/12\/image-2.png\" alt=\"\" class=\"wp-image-1084\" srcset=\"https:\/\/guaruja.org.br\/aguaviva\/wp-content\/uploads\/2023\/12\/image-2.png 886w, https:\/\/guaruja.org.br\/aguaviva\/wp-content\/uploads\/2023\/12\/image-2-300x225.png 300w, https:\/\/guaruja.org.br\/aguaviva\/wp-content\/uploads\/2023\/12\/image-2-768x576.png 768w\" sizes=\"(max-width: 886px) 100vw, 886px\" \/><\/figure>\n\n\n\n<p>O alerta \u00e9 da Associa\u00e7\u00e3o Guaruj\u00e1 Viva, que aponta a falta de servi\u00e7os b\u00e1sicos que pode prejudicar a sa\u00fade de banhistas e trabalhadores. Desde agosto, a Ast\u00farias voltou a ter esgoto clandestino. Dois homens foram gravados reabrindo uma tubula\u00e7\u00e3o que leva \u00e1gua polu\u00edda diretamente para o mar (assista o v\u00eddeo que circula nas redes sociais). O canal ilegal tinha sido fechado pela Sabesp no come\u00e7o do ano.<\/p>\n\n\n\n<p>Clique para acessar:<\/p>\n\n\n\n<p><a href=\"https:\/\/drive.google.com\/file\/d\/1-N0MnysDyiZvbCRW7eW0kkJUE9F-boVF\/view?usp=sharing\">https:\/\/drive.google.com\/file\/d\/1-N0MnysDyiZvbCRW7eW0kkJUE9F-boVF\/view?usp=sharing<\/a><\/p>\n\n\n\n<p>A praia das Ast\u00farias perdeu o \u00fanico banheiro p\u00fablico que dispunha, e ficava aberto, durante o dia, ao lado do posto do Corpo de Bombeiros. A estrutura foi demolida e ser\u00e1 transformada em estacionamento de viaturas.<\/p>\n\n\n\n<figure class=\"wp-block-image size-full\"><img decoding=\"async\" width=\"886\" height=\"664\" src=\"https:\/\/guaruja.org.br\/aguaviva\/wp-content\/uploads\/2023\/12\/image-3.png\" alt=\"\" class=\"wp-image-1085\" srcset=\"https:\/\/guaruja.org.br\/aguaviva\/wp-content\/uploads\/2023\/12\/image-3.png 886w, https:\/\/guaruja.org.br\/aguaviva\/wp-content\/uploads\/2023\/12\/image-3-300x225.png 300w, https:\/\/guaruja.org.br\/aguaviva\/wp-content\/uploads\/2023\/12\/image-3-768x576.png 768w\" sizes=\"(max-width: 886px) 100vw, 886px\" \/><\/figure>\n\n\n\n<p>A praia tem outros riscos. Diariamente s\u00e3o mais de 20 carrinhos fixos junto a parede do cal\u00e7ad\u00e3o comercializando lanches, por\u00e7\u00f5es, past\u00e9is e bebidas. Mais cerca de outros 20 de carrinhos espalhados por toda a faixa da areia com com\u00e9rcio de milho, coco e a\u00e7a\u00ed entre outros produtos, sem contar os vendedores ambulantes que percorrem a praia.\u00a0<\/p>\n\n\n\n<p>Os comerciantes e funcion\u00e1rios t\u00eam dificuldade para se hidratar ou levar as m\u00e3os. A \u00e1gua que eles usam \u00e9 trazida de casa, ou, gentilmente cedida por pr\u00e9dios das proximidades. A prefeitura n\u00e3o oferece torneiras com \u00e1gua pot\u00e1vel, embora a maioria dos comerciantes da praia manipule alimentos.&nbsp;<\/p>\n\n\n\n<p>Os banhistas tamb\u00e9m n\u00e3o encontram chuveiros, que podem melhorar na higiene e que ajudam a refrescar nos dias quentes, que devem ser frequentes com a chegada do ver\u00e3o.&nbsp;<\/p>\n\n\n\n<p>A Prefeitura n\u00e3o informa aos banhistas e comerciantes o motivo de n\u00e3o instalar a estrutura m\u00ednima de higiene nas Ast\u00farias. Segundo a Associa\u00e7\u00e3o Guaruj\u00e1 Viva, praias vizinhas como Guaiuba e Tombo t\u00eam servi\u00e7os como \u00e1gua, chuveiros e banheiros, associados ao consumo de produtos ou pagamento de taxa simb\u00f3lica pelos banhistas.<\/p>\n\n\n\n<p>Pedimos que os ve\u00edculos de imprensa mostrem a situa\u00e7\u00e3o e os riscos que moradores das Ast\u00farias, banhistas e comerciantes ficam expostos. Falta de saneamento cria risco \u00e0 sa\u00fade p\u00fablica.<\/p>\n\n\n\n<p>Contato Associa\u00e7\u00e3o Guaruj\u00e1 Viva:&nbsp; Whatsapp: (013) 97801-6446<\/p>\n","protected":false},"excerpt":{"rendered":"<p>A praia das Ast\u00farias, em Guaruj\u00e1, passou as primeiras duas semanas de dezembro com bandeira vermelha, ou seja, impr\u00f3pria para o banho, segundo crit\u00e9rios da Cetesb &#8211; Companha Ambiental do Estado de S\u00e3o Paulo. Uma das praias mais charmosas do litoral vive, nos \u00faltimos meses, uma crise de saneamento b\u00e1sico. O alerta \u00e9 da Associa\u00e7\u00e3o [&hellip;]<\/p>\n","protected":false},"author":1,"featured_media":1086,"comment_status":"closed","ping_status":"closed","sticky":false,"template":"","format":"standard","meta":{"footnotes":""},"categories":[34],"tags":[94,82,96,98,97,20,100,101,95,99],"class_list":["post-1083","post","type-post","status-publish","format-standard","has-post-thumbnail","hentry","category-releases","tag-associacaoguarujaviva","tag-asturias","tag-cetesb","tag-crisesaneamento","tag-esgotoclandestino","tag-guaruja-2","tag-meioambiente","tag-saudepublica","tag-sustentabilidade","tag-verao"],"yoast_head":"<!-- This site is optimized with the Yoast SEO Premium plugin v26.7 (Yoast SEO v26.7) - https:\/\/yoast.com\/wordpress\/plugins\/seo\/ -->\n<title>PRAIA DAS ASTURIAS EM CRISE DE SANEAMENTO - AGUAVIVA<\/title>\n<meta name=\"description\" content=\"A Praia das Ast\u00farias em Guaruj\u00e1 enfrenta uma crise de saneamento, tornando-se impr\u00f3pria para o banho. A Associa\u00e7\u00e3o Guaruj\u00e1 Viva alerta para a falta de saneamento b\u00e1sico, esgoto clandestino, e a aus\u00eancia de estruturas como banheiros p\u00fablicos, chuveiros, e torneiras com \u00e1gua pot\u00e1vel. Comerciantes e banhistas est\u00e3o expostos a riscos \u00e0 sa\u00fade. Veja a situa\u00e7\u00e3o e os apelos da comunidade.\" \/>\n<meta name=\"robots\" content=\"index, follow, max-snippet:-1, max-image-preview:large, max-video-preview:-1\" \/>\n<link rel=\"canonical\" href=\"https:\/\/guaruja.org.br\/aguaviva\/praia-das-asturias-em-crise-de-saneamento\/\" \/>\n<meta property=\"og:locale\" content=\"pt_BR\" \/>\n<meta property=\"og:type\" content=\"article\" \/>\n<meta property=\"og:title\" content=\"PRAIA DAS ASTURIAS EM CRISE DE SANEAMENTO\" \/>\n<meta property=\"og:description\" content=\"A Praia das Ast\u00farias em Guaruj\u00e1 enfrenta uma crise de saneamento, tornando-se impr\u00f3pria para o banho. A Associa\u00e7\u00e3o Guaruj\u00e1 Viva alerta para a falta de saneamento b\u00e1sico, esgoto clandestino, e a aus\u00eancia de estruturas como banheiros p\u00fablicos, chuveiros, e torneiras com \u00e1gua pot\u00e1vel. Comerciantes e banhistas est\u00e3o expostos a riscos \u00e0 sa\u00fade. Veja a situa\u00e7\u00e3o e os apelos da comunidade.\" \/>\n<meta property=\"og:url\" content=\"https:\/\/guaruja.org.br\/aguaviva\/praia-das-asturias-em-crise-de-saneamento\/\" \/>\n<meta property=\"og:site_name\" content=\"AGUAVIVA\" \/>\n<meta property=\"article:publisher\" content=\"https:\/\/www.facebook.com\/guarujaaguaviva\" \/>\n<meta property=\"article:published_time\" content=\"2023-12-14T12:57:30+00:00\" \/>\n<meta property=\"article:modified_time\" content=\"2023-12-14T13:01:14+00:00\" \/>\n<meta property=\"og:image\" content=\"https:\/\/guaruja.org.br\/aguaviva\/wp-content\/uploads\/2023\/12\/asturias-aguaviva-jose-manoel-ferreira-gonccalves.png\" \/>\n\t<meta property=\"og:image:width\" content=\"640\" \/>\n\t<meta property=\"og:image:height\" content=\"480\" \/>\n\t<meta property=\"og:image:type\" content=\"image\/png\" \/>\n<meta name=\"author\" content=\"morgana\" \/>\n<meta name=\"twitter:card\" content=\"summary_large_image\" \/>\n<meta name=\"twitter:label1\" content=\"Escrito por\" \/>\n\t<meta name=\"twitter:data1\" content=\"morgana\" \/>\n\t<meta name=\"twitter:label2\" content=\"Est. tempo de leitura\" \/>\n\t<meta name=\"twitter:data2\" content=\"3 minutos\" \/>\n<script type=\"application\/ld+json\" class=\"yoast-schema-graph\">{\"@context\":\"https:\/\/schema.org\",\"@graph\":[{\"@type\":\"Article\",\"@id\":\"https:\/\/guaruja.org.br\/aguaviva\/praia-das-asturias-em-crise-de-saneamento\/#article\",\"isPartOf\":{\"@id\":\"https:\/\/guaruja.org.br\/aguaviva\/praia-das-asturias-em-crise-de-saneamento\/\"},\"author\":{\"name\":\"morgana\",\"@id\":\"https:\/\/guaruja.org.br\/aguaviva\/#\/schema\/person\/9eebcb3a8418982418c00d543a25aee4\"},\"headline\":\"PRAIA DAS ASTURIAS EM CRISE DE SANEAMENTO\",\"datePublished\":\"2023-12-14T12:57:30+00:00\",\"dateModified\":\"2023-12-14T13:01:14+00:00\",\"mainEntityOfPage\":{\"@id\":\"https:\/\/guaruja.org.br\/aguaviva\/praia-das-asturias-em-crise-de-saneamento\/\"},\"wordCount\":436,\"publisher\":{\"@id\":\"https:\/\/guaruja.org.br\/aguaviva\/#organization\"},\"image\":{\"@id\":\"https:\/\/guaruja.org.br\/aguaviva\/praia-das-asturias-em-crise-de-saneamento\/#primaryimage\"},\"thumbnailUrl\":\"https:\/\/guaruja.org.br\/aguaviva\/wp-content\/uploads\/2023\/12\/asturias-aguaviva-jose-manoel-ferreira-gonccalves.png\",\"keywords\":[\"Associa\u00e7\u00e3oGuaruj\u00e1Viva\",\"asturias\",\"Cetesb\",\"CriseSaneamento\",\"EsgotoClandestino\",\"guaruj\u00e1\",\"MeioAmbiente\",\"Sa\u00fadeP\u00fablica\",\"Sustentabilidade\",\"Ver\u00e3o\"],\"articleSection\":[\"Releases\"],\"inLanguage\":\"pt-BR\"},{\"@type\":\"WebPage\",\"@id\":\"https:\/\/guaruja.org.br\/aguaviva\/praia-das-asturias-em-crise-de-saneamento\/\",\"url\":\"https:\/\/guaruja.org.br\/aguaviva\/praia-das-asturias-em-crise-de-saneamento\/\",\"name\":\"PRAIA DAS ASTURIAS EM CRISE DE SANEAMENTO - AGUAVIVA\",\"isPartOf\":{\"@id\":\"https:\/\/guaruja.org.br\/aguaviva\/#website\"},\"primaryImageOfPage\":{\"@id\":\"https:\/\/guaruja.org.br\/aguaviva\/praia-das-asturias-em-crise-de-saneamento\/#primaryimage\"},\"image\":{\"@id\":\"https:\/\/guaruja.org.br\/aguaviva\/praia-das-asturias-em-crise-de-saneamento\/#primaryimage\"},\"thumbnailUrl\":\"https:\/\/guaruja.org.br\/aguaviva\/wp-content\/uploads\/2023\/12\/asturias-aguaviva-jose-manoel-ferreira-gonccalves.png\",\"datePublished\":\"2023-12-14T12:57:30+00:00\",\"dateModified\":\"2023-12-14T13:01:14+00:00\",\"description\":\"A Praia das Ast\u00farias em Guaruj\u00e1 enfrenta uma crise de saneamento, tornando-se impr\u00f3pria para o banho. A Associa\u00e7\u00e3o Guaruj\u00e1 Viva alerta para a falta de saneamento b\u00e1sico, esgoto clandestino, e a aus\u00eancia de estruturas como banheiros p\u00fablicos, chuveiros, e torneiras com \u00e1gua pot\u00e1vel. Comerciantes e banhistas est\u00e3o expostos a riscos \u00e0 sa\u00fade. Veja a situa\u00e7\u00e3o e os apelos da comunidade.\",\"breadcrumb\":{\"@id\":\"https:\/\/guaruja.org.br\/aguaviva\/praia-das-asturias-em-crise-de-saneamento\/#breadcrumb\"},\"inLanguage\":\"pt-BR\",\"potentialAction\":[{\"@type\":\"ReadAction\",\"target\":[\"https:\/\/guaruja.org.br\/aguaviva\/praia-das-asturias-em-crise-de-saneamento\/\"]}]},{\"@type\":\"ImageObject\",\"inLanguage\":\"pt-BR\",\"@id\":\"https:\/\/guaruja.org.br\/aguaviva\/praia-das-asturias-em-crise-de-saneamento\/#primaryimage\",\"url\":\"https:\/\/guaruja.org.br\/aguaviva\/wp-content\/uploads\/2023\/12\/asturias-aguaviva-jose-manoel-ferreira-gonccalves.png\",\"contentUrl\":\"https:\/\/guaruja.org.br\/aguaviva\/wp-content\/uploads\/2023\/12\/asturias-aguaviva-jose-manoel-ferreira-gonccalves.png\",\"width\":640,\"height\":480},{\"@type\":\"BreadcrumbList\",\"@id\":\"https:\/\/guaruja.org.br\/aguaviva\/praia-das-asturias-em-crise-de-saneamento\/#breadcrumb\",\"itemListElement\":[{\"@type\":\"ListItem\",\"position\":1,\"name\":\"In\u00edcio\",\"item\":\"https:\/\/guaruja.org.br\/aguaviva\/\"},{\"@type\":\"ListItem\",\"position\":2,\"name\":\"PRAIA DAS ASTURIAS EM CRISE DE SANEAMENTO\"}]},{\"@type\":\"WebSite\",\"@id\":\"https:\/\/guaruja.org.br\/aguaviva\/#website\",\"url\":\"https:\/\/guaruja.org.br\/aguaviva\/\",\"name\":\"AGUAVIVA\",\"description\":\"Associa\u00e7\u00e3o Guaruj\u00e1 Viva\",\"publisher\":{\"@id\":\"https:\/\/guaruja.org.br\/aguaviva\/#organization\"},\"alternateName\":\"AGUAVIVA\",\"potentialAction\":[{\"@type\":\"SearchAction\",\"target\":{\"@type\":\"EntryPoint\",\"urlTemplate\":\"https:\/\/guaruja.org.br\/aguaviva\/?s={search_term_string}\"},\"query-input\":{\"@type\":\"PropertyValueSpecification\",\"valueRequired\":true,\"valueName\":\"search_term_string\"}}],\"inLanguage\":\"pt-BR\"},{\"@type\":\"Organization\",\"@id\":\"https:\/\/guaruja.org.br\/aguaviva\/#organization\",\"name\":\"AGUAVIVA\",\"alternateName\":\"AGUAVIVA\",\"url\":\"https:\/\/guaruja.org.br\/aguaviva\/\",\"logo\":{\"@type\":\"ImageObject\",\"inLanguage\":\"pt-BR\",\"@id\":\"https:\/\/guaruja.org.br\/aguaviva\/#\/schema\/logo\/image\/\",\"url\":\"https:\/\/guaruja.org.br\/aguaviva\/wp-content\/uploads\/2025\/03\/logo-aguaviva-horizontal.png\",\"contentUrl\":\"https:\/\/guaruja.org.br\/aguaviva\/wp-content\/uploads\/2025\/03\/logo-aguaviva-horizontal.png\",\"width\":3280,\"height\":1080,\"caption\":\"AGUAVIVA\"},\"image\":{\"@id\":\"https:\/\/guaruja.org.br\/aguaviva\/#\/schema\/logo\/image\/\"},\"sameAs\":[\"https:\/\/www.facebook.com\/guarujaaguaviva\",\"https:\/\/www.instagram.com\/aguavivaguaruja\/\"]},{\"@type\":\"Person\",\"@id\":\"https:\/\/guaruja.org.br\/aguaviva\/#\/schema\/person\/9eebcb3a8418982418c00d543a25aee4\",\"name\":\"morgana\",\"sameAs\":[\"https:\/\/guaruja.org.br\/aguaviva-02\"],\"url\":\"https:\/\/guaruja.org.br\/aguaviva\/author\/morgana\/\"}]}<\/script>\n<!-- \/ Yoast SEO Premium plugin. -->","yoast_head_json":{"title":"PRAIA DAS ASTURIAS EM CRISE DE SANEAMENTO - AGUAVIVA","description":"A Praia das Ast\u00farias em Guaruj\u00e1 enfrenta uma crise de saneamento, tornando-se impr\u00f3pria para o banho. A Associa\u00e7\u00e3o Guaruj\u00e1 Viva alerta para a falta de saneamento b\u00e1sico, esgoto clandestino, e a aus\u00eancia de estruturas como banheiros p\u00fablicos, chuveiros, e torneiras com \u00e1gua pot\u00e1vel. Comerciantes e banhistas est\u00e3o expostos a riscos \u00e0 sa\u00fade. Veja a situa\u00e7\u00e3o e os apelos da comunidade.","robots":{"index":"index","follow":"follow","max-snippet":"max-snippet:-1","max-image-preview":"max-image-preview:large","max-video-preview":"max-video-preview:-1"},"canonical":"https:\/\/guaruja.org.br\/aguaviva\/praia-das-asturias-em-crise-de-saneamento\/","og_locale":"pt_BR","og_type":"article","og_title":"PRAIA DAS ASTURIAS EM CRISE DE SANEAMENTO","og_description":"A Praia das Ast\u00farias em Guaruj\u00e1 enfrenta uma crise de saneamento, tornando-se impr\u00f3pria para o banho. A Associa\u00e7\u00e3o Guaruj\u00e1 Viva alerta para a falta de saneamento b\u00e1sico, esgoto clandestino, e a aus\u00eancia de estruturas como banheiros p\u00fablicos, chuveiros, e torneiras com \u00e1gua pot\u00e1vel. Comerciantes e banhistas est\u00e3o expostos a riscos \u00e0 sa\u00fade. Veja a situa\u00e7\u00e3o e os apelos da comunidade.","og_url":"https:\/\/guaruja.org.br\/aguaviva\/praia-das-asturias-em-crise-de-saneamento\/","og_site_name":"AGUAVIVA","article_publisher":"https:\/\/www.facebook.com\/guarujaaguaviva","article_published_time":"2023-12-14T12:57:30+00:00","article_modified_time":"2023-12-14T13:01:14+00:00","og_image":[{"width":640,"height":480,"url":"https:\/\/guaruja.org.br\/aguaviva\/wp-content\/uploads\/2023\/12\/asturias-aguaviva-jose-manoel-ferreira-gonccalves.png","type":"image\/png"}],"author":"morgana","twitter_card":"summary_large_image","twitter_misc":{"Escrito por":"morgana","Est. tempo de leitura":"3 minutos"},"schema":{"@context":"https:\/\/schema.org","@graph":[{"@type":"Article","@id":"https:\/\/guaruja.org.br\/aguaviva\/praia-das-asturias-em-crise-de-saneamento\/#article","isPartOf":{"@id":"https:\/\/guaruja.org.br\/aguaviva\/praia-das-asturias-em-crise-de-saneamento\/"},"author":{"name":"morgana","@id":"https:\/\/guaruja.org.br\/aguaviva\/#\/schema\/person\/9eebcb3a8418982418c00d543a25aee4"},"headline":"PRAIA DAS ASTURIAS EM CRISE DE SANEAMENTO","datePublished":"2023-12-14T12:57:30+00:00","dateModified":"2023-12-14T13:01:14+00:00","mainEntityOfPage":{"@id":"https:\/\/guaruja.org.br\/aguaviva\/praia-das-asturias-em-crise-de-saneamento\/"},"wordCount":436,"publisher":{"@id":"https:\/\/guaruja.org.br\/aguaviva\/#organization"},"image":{"@id":"https:\/\/guaruja.org.br\/aguaviva\/praia-das-asturias-em-crise-de-saneamento\/#primaryimage"},"thumbnailUrl":"https:\/\/guaruja.org.br\/aguaviva\/wp-content\/uploads\/2023\/12\/asturias-aguaviva-jose-manoel-ferreira-gonccalves.png","keywords":["Associa\u00e7\u00e3oGuaruj\u00e1Viva","asturias","Cetesb","CriseSaneamento","EsgotoClandestino","guaruj\u00e1","MeioAmbiente","Sa\u00fadeP\u00fablica","Sustentabilidade","Ver\u00e3o"],"articleSection":["Releases"],"inLanguage":"pt-BR"},{"@type":"WebPage","@id":"https:\/\/guaruja.org.br\/aguaviva\/praia-das-asturias-em-crise-de-saneamento\/","url":"https:\/\/guaruja.org.br\/aguaviva\/praia-das-asturias-em-crise-de-saneamento\/","name":"PRAIA DAS ASTURIAS EM CRISE DE SANEAMENTO - AGUAVIVA","isPartOf":{"@id":"https:\/\/guaruja.org.br\/aguaviva\/#website"},"primaryImageOfPage":{"@id":"https:\/\/guaruja.org.br\/aguaviva\/praia-das-asturias-em-crise-de-saneamento\/#primaryimage"},"image":{"@id":"https:\/\/guaruja.org.br\/aguaviva\/praia-das-asturias-em-crise-de-saneamento\/#primaryimage"},"thumbnailUrl":"https:\/\/guaruja.org.br\/aguaviva\/wp-content\/uploads\/2023\/12\/asturias-aguaviva-jose-manoel-ferreira-gonccalves.png","datePublished":"2023-12-14T12:57:30+00:00","dateModified":"2023-12-14T13:01:14+00:00","description":"A Praia das Ast\u00farias em Guaruj\u00e1 enfrenta uma crise de saneamento, tornando-se impr\u00f3pria para o banho. A Associa\u00e7\u00e3o Guaruj\u00e1 Viva alerta para a falta de saneamento b\u00e1sico, esgoto clandestino, e a aus\u00eancia de estruturas como banheiros p\u00fablicos, chuveiros, e torneiras com \u00e1gua pot\u00e1vel. Comerciantes e banhistas est\u00e3o expostos a riscos \u00e0 sa\u00fade. Veja a situa\u00e7\u00e3o e os apelos da comunidade.","breadcrumb":{"@id":"https:\/\/guaruja.org.br\/aguaviva\/praia-das-asturias-em-crise-de-saneamento\/#breadcrumb"},"inLanguage":"pt-BR","potentialAction":[{"@type":"ReadAction","target":["https:\/\/guaruja.org.br\/aguaviva\/praia-das-asturias-em-crise-de-saneamento\/"]}]},{"@type":"ImageObject","inLanguage":"pt-BR","@id":"https:\/\/guaruja.org.br\/aguaviva\/praia-das-asturias-em-crise-de-saneamento\/#primaryimage","url":"https:\/\/guaruja.org.br\/aguaviva\/wp-content\/uploads\/2023\/12\/asturias-aguaviva-jose-manoel-ferreira-gonccalves.png","contentUrl":"https:\/\/guaruja.org.br\/aguaviva\/wp-content\/uploads\/2023\/12\/asturias-aguaviva-jose-manoel-ferreira-gonccalves.png","width":640,"height":480},{"@type":"BreadcrumbList","@id":"https:\/\/guaruja.org.br\/aguaviva\/praia-das-asturias-em-crise-de-saneamento\/#breadcrumb","itemListElement":[{"@type":"ListItem","position":1,"name":"In\u00edcio","item":"https:\/\/guaruja.org.br\/aguaviva\/"},{"@type":"ListItem","position":2,"name":"PRAIA DAS ASTURIAS EM CRISE DE SANEAMENTO"}]},{"@type":"WebSite","@id":"https:\/\/guaruja.org.br\/aguaviva\/#website","url":"https:\/\/guaruja.org.br\/aguaviva\/","name":"AGUAVIVA","description":"Associa\u00e7\u00e3o Guaruj\u00e1 Viva","publisher":{"@id":"https:\/\/guaruja.org.br\/aguaviva\/#organization"},"alternateName":"AGUAVIVA","potentialAction":[{"@type":"SearchAction","target":{"@type":"EntryPoint","urlTemplate":"https:\/\/guaruja.org.br\/aguaviva\/?s={search_term_string}"},"query-input":{"@type":"PropertyValueSpecification","valueRequired":true,"valueName":"search_term_string"}}],"inLanguage":"pt-BR"},{"@type":"Organization","@id":"https:\/\/guaruja.org.br\/aguaviva\/#organization","name":"AGUAVIVA","alternateName":"AGUAVIVA","url":"https:\/\/guaruja.org.br\/aguaviva\/","logo":{"@type":"ImageObject","inLanguage":"pt-BR","@id":"https:\/\/guaruja.org.br\/aguaviva\/#\/schema\/logo\/image\/","url":"https:\/\/guaruja.org.br\/aguaviva\/wp-content\/uploads\/2025\/03\/logo-aguaviva-horizontal.png","contentUrl":"https:\/\/guaruja.org.br\/aguaviva\/wp-content\/uploads\/2025\/03\/logo-aguaviva-horizontal.png","width":3280,"height":1080,"caption":"AGUAVIVA"},"image":{"@id":"https:\/\/guaruja.org.br\/aguaviva\/#\/schema\/logo\/image\/"},"sameAs":["https:\/\/www.facebook.com\/guarujaaguaviva","https:\/\/www.instagram.com\/aguavivaguaruja\/"]},{"@type":"Person","@id":"https:\/\/guaruja.org.br\/aguaviva\/#\/schema\/person\/9eebcb3a8418982418c00d543a25aee4","name":"morgana","sameAs":["https:\/\/guaruja.org.br\/aguaviva-02"],"url":"https:\/\/guaruja.org.br\/aguaviva\/author\/morgana\/"}]}},"_links":{"self":[{"href":"https:\/\/guaruja.org.br\/aguaviva\/wp-json\/wp\/v2\/posts\/1083","targetHints":{"allow":["GET"]}}],"collection":[{"href":"https:\/\/guaruja.org.br\/aguaviva\/wp-json\/wp\/v2\/posts"}],"about":[{"href":"https:\/\/guaruja.org.br\/aguaviva\/wp-json\/wp\/v2\/types\/post"}],"author":[{"embeddable":true,"href":"https:\/\/guaruja.org.br\/aguaviva\/wp-json\/wp\/v2\/users\/1"}],"replies":[{"embeddable":true,"href":"https:\/\/guaruja.org.br\/aguaviva\/wp-json\/wp\/v2\/comments?post=1083"}],"version-history":[{"count":2,"href":"https:\/\/guaruja.org.br\/aguaviva\/wp-json\/wp\/v2\/posts\/1083\/revisions"}],"predecessor-version":[{"id":1088,"href":"https:\/\/guaruja.org.br\/aguaviva\/wp-json\/wp\/v2\/posts\/1083\/revisions\/1088"}],"wp:featuredmedia":[{"embeddable":true,"href":"https:\/\/guaruja.org.br\/aguaviva\/wp-json\/wp\/v2\/media\/1086"}],"wp:attachment":[{"href":"https:\/\/guaruja.org.br\/aguaviva\/wp-json\/wp\/v2\/media?parent=1083"}],"wp:term":[{"taxonomy":"category","embeddable":true,"href":"https:\/\/guaruja.org.br\/aguaviva\/wp-json\/wp\/v2\/categories?post=1083"},{"taxonomy":"post_tag","embeddable":true,"href":"https:\/\/guaruja.org.br\/aguaviva\/wp-json\/wp\/v2\/tags?post=1083"}],"curies":[{"name":"wp","href":"https:\/\/api.w.org\/{rel}","templated":true}]}}