{"id":1248,"date":"2024-01-12T17:16:22","date_gmt":"2024-01-12T20:16:22","guid":{"rendered":"https:\/\/guaruja.org.br\/aguaviva\/?p=1248"},"modified":"2024-01-15T10:10:37","modified_gmt":"2024-01-15T13:10:37","slug":"ong-se-reune-com-mp-e-vai-pedir-a-abertura-de-acao-civil-publica-sobre-a-instalacao-da-unidade-de-recuperacao-energetica","status":"publish","type":"post","link":"https:\/\/guaruja.org.br\/aguaviva\/ong-se-reune-com-mp-e-vai-pedir-a-abertura-de-acao-civil-publica-sobre-a-instalacao-da-unidade-de-recuperacao-energetica\/","title":{"rendered":"ONG se re\u00fane com MP e vai pedir a abertura de a\u00e7\u00e3o civil p\u00fablica sobre a instala\u00e7\u00e3o da Unidade de Recupera\u00e7\u00e3o Energ\u00e9tica"},"content":{"rendered":"\n<h2 class=\"wp-block-heading\"><em>Encontro acontece na pr\u00f3xima ter\u00e7a-feira, dia 16<\/em><\/h2>\n\n\n\n<p>A <a href=\"https:\/\/guaruja.org.br\/aguaviva\/nossas-acoes\/aguaviva-em-defesa-do-meio-ambiente-pedido-de-audiencia-com-o-gaema\/\" target=\"_blank\" rel=\"noreferrer noopener\">Associa\u00e7\u00e3o Guaruj\u00e1 Viva (AGUAVIVA) tem reuni\u00e3o marcada na pr\u00f3xima ter\u00e7a-feira, dia 16<\/a>, com a promotora de Justi\u00e7a Fl\u00e1via Maria Gon\u00e7alves, do n\u00facleo do Grupo de Atua\u00e7\u00e3o Especial de Defesa do Meio Ambiente (Gaema\/BS). Em pauta, a concess\u00e3o pela Cetesb da Licen\u00e7a de Instala\u00e7\u00e3o da Unidade de Recupera\u00e7\u00e3o Energ\u00e9tica (URE). A ONG enviou um of\u00edcio ao Gaema com pedido de provid\u00eancias e ele foi acatado e o encontro marcado.<\/p>\n\n\n\n<p>No dia 9 deste m\u00eas, o site oficial da Companhia Ambiental do Estadode S\u00e3o Paulo (<a href=\"https:\/\/cetesb.sp.gov.br\/blog\/2024\/01\/09\/aprovada-li-para-unidade-de-recuperacao-energetica-de-residuos-em-santos\/\" target=\"_blank\" rel=\"noreferrer noopener\">Cetesb) informou sobre a aprova\u00e7\u00e3o da Licen\u00e7a de Instala\u00e7\u00e3o da URE \u2013 Unidade de Recupera\u00e7\u00e3o Energ\u00e9tica \u2013 Valoriza Santos. O documento foi emitido no dia 2, pela Ag\u00eancia Ambiental de Santos, da diretoria de Controle e Licenciamento Ambiental.<\/a><\/p>\n\n\n\n<p>&#8220;A implanta\u00e7\u00e3o da URE poder\u00e1 ter custos elevados de implanta\u00e7\u00e3o e de alguma forma, descumprindo o edital, poder\u00e1 haver uma press\u00e3o para que a sociedade como um todo pague as diferen\u00e7as dos custos de opera\u00e7\u00e3o e manuten\u00e7\u00e3o. Encaminhamos ao MP uma c\u00f3pia do Parecer T\u00e9cnico que analisou o projeto. Apontamos tamb\u00e9m a transfer\u00eancia desse \u00f4nus para o poder p\u00fablico e, consequentemente aos impostos que ser\u00e3o pagos pela popula\u00e7\u00e3o. Eles prop\u00f5em transformar res\u00edduos em energia, mas a popula\u00e7\u00e3o ter\u00e1 que arcar com a taxa de incinera\u00e7\u00e3o, enquanto a empresa lucra&#8221;, disse <a href=\"https:\/\/josemanoelfg.com.br\/quem-e-jose-manoel\/\" target=\"_blank\" rel=\"noreferrer noopener\">Jos\u00e9 Manoel Ferreira Gon\u00e7alves<\/a>, presidente da AGUAVIVA.<\/p>\n\n\n\n<p>O laudo t\u00e9cnico feito em 2020 foi assinado por quatro engenheiros, entre eles <a href=\"https:\/\/josemanoelfg.com.br\/quem-e-jose-manoel\/\" target=\"_blank\" rel=\"noreferrer noopener\">Jos\u00e9 Manoel Ferreira Gon\u00e7alves<\/a>, um assistente social; um bi\u00f3logo e um ge\u00f3logo. Dentre os motivos apontados pela rejei\u00e7\u00e3o do projeto constam: &#8220;Metais de alto peso molecular (metais pesados) como chumbo, merc\u00fario, cromo, ars\u00eanio e c\u00e1dmio, n\u00e3o s\u00e3o destru\u00eddos na incinera\u00e7\u00e3o e acabam sendo transferidos para as esc\u00f3rias e cinzas volantes, diminuindo as emiss\u00f5es atmosf\u00e9ricas, mas criando uma massa significativa de res\u00edduos perigosos, sendo parte liberada na atmosfera na forma de fumos met\u00e1licos&#8221;; &#8220;O projeto adota tecnologia ultrapassada da queima direta da massa (Mass Burning), gerando uma enorme quantidade efluentes perigosos, s\u00f3lidos, l\u00edquidos e gasosos contribuindo para o aumento da polui\u00e7\u00e3o de diversos compartimentos ambientais, mesmo diante da alega\u00e7\u00e3o de obedecerem aos padr\u00f5es de emiss\u00e3o, pois s\u00e3o poluentes de dif\u00edcil degrada\u00e7\u00e3o e cumulativos&#8221;.<\/p>\n\n\n\n<p><a href=\"https:\/\/josemanoelfg.com.br\/quem-e-jose-manoel\/\" target=\"_blank\" rel=\"noreferrer noopener\">Jose Manoel<\/a> garantiu que vai apresentar ao Gaema sugest\u00f5es \u00e0s quest\u00f5es graves de interesse p\u00fablico que ser\u00e3o atingidos com a instala\u00e7\u00e3o da URE. &#8220;V\u00e3o ser jogados na atmosfera uma quantidade absurda de poluentes. A popula\u00e7\u00e3o \u00e9 que deveria receber alguma coisa pelo uso do lixo como combust\u00edvel na URE&#8221;, afirmou o engenheiro.<\/p>\n\n\n\n<p><em>Maiores informa\u00e7\u00f5es, entre em contato conosco atrav\u00e9s do telefone<strong><mark style=\"background-color:rgba(0, 0, 0, 0)\" class=\"has-inline-color has-luminous-vivid-orange-color\"> <a href=\"https:\/\/guaruja.org.br\/aguaviva\/nossas-acoes\/aguaviva-em-defesa-do-meio-ambiente-pedido-de-audiencia-com-o-gaema\/\" target=\"_blank\" rel=\"noreferrer noopener\">(013) 97801-6446<\/a><\/mark><\/strong><\/em><\/p>\n\n\n\n<h2 class=\"wp-block-heading\">Saiu na M\u00eddia <\/h2>\n\n\n\n<figure class=\"wp-block-embed is-type-wp-embed is-provider-em-not-cia wp-block-embed-em-not-cia\"><div class=\"wp-block-embed__wrapper\">\n<blockquote class=\"wp-embedded-content\" data-secret=\"TqBK8pL1WM\"><a href=\"https:\/\/emnoticia.com.br\/ong-se-reune-com-mp-e-vai-pedir-a-abertura-de-acao-civil-publica-sobre-a-instalacao-da-unidade-de-recuperacao-energetica\/\">ONG se re\u00fane com MP e vai pedir a abertura de a\u00e7\u00e3o civil p\u00fablica sobre a instala\u00e7\u00e3o da Unidade de Recupera\u00e7\u00e3o Energ\u00e9tica<\/a><\/blockquote><iframe class=\"wp-embedded-content\" sandbox=\"allow-scripts\" security=\"restricted\" style=\"position: absolute; clip: rect(1px, 1px, 1px, 1px);\" title=\"&#8220;ONG se re\u00fane com MP e vai pedir a abertura de a\u00e7\u00e3o civil p\u00fablica sobre a instala\u00e7\u00e3o da Unidade de Recupera\u00e7\u00e3o Energ\u00e9tica&#8221; &#8212; EM NOT\u00cdCIA\" src=\"https:\/\/emnoticia.com.br\/ong-se-reune-com-mp-e-vai-pedir-a-abertura-de-acao-civil-publica-sobre-a-instalacao-da-unidade-de-recuperacao-energetica\/embed\/#?secret=iyAaTdpI0z#?secret=TqBK8pL1WM\" data-secret=\"TqBK8pL1WM\" width=\"600\" height=\"338\" frameborder=\"0\" marginwidth=\"0\" marginheight=\"0\" scrolling=\"no\"><\/iframe>\n<\/div><\/figure>\n\n\n\n<figure class=\"wp-block-image size-large\"><img fetchpriority=\"high\" decoding=\"async\" width=\"1024\" height=\"1024\" src=\"https:\/\/guaruja.org.br\/aguaviva\/wp-content\/uploads\/2024\/01\/Saiu-na-Midia-AGUAVIVA-14-1024x1024.png\" alt=\"\" class=\"wp-image-1251\" srcset=\"https:\/\/guaruja.org.br\/aguaviva\/wp-content\/uploads\/2024\/01\/Saiu-na-Midia-AGUAVIVA-14-1024x1024.png 1024w, https:\/\/guaruja.org.br\/aguaviva\/wp-content\/uploads\/2024\/01\/Saiu-na-Midia-AGUAVIVA-14-300x300.png 300w, https:\/\/guaruja.org.br\/aguaviva\/wp-content\/uploads\/2024\/01\/Saiu-na-Midia-AGUAVIVA-14-150x150.png 150w, https:\/\/guaruja.org.br\/aguaviva\/wp-content\/uploads\/2024\/01\/Saiu-na-Midia-AGUAVIVA-14-768x768.png 768w, https:\/\/guaruja.org.br\/aguaviva\/wp-content\/uploads\/2024\/01\/Saiu-na-Midia-AGUAVIVA-14.png 1080w\" sizes=\"(max-width: 1024px) 100vw, 1024px\" \/><\/figure>\n","protected":false},"excerpt":{"rendered":"<p>Encontro acontece na pr\u00f3xima ter\u00e7a-feira, dia 16 A Associa\u00e7\u00e3o Guaruj\u00e1 Viva (AGUAVIVA) tem reuni\u00e3o marcada na pr\u00f3xima ter\u00e7a-feira, dia 16, com a promotora de Justi\u00e7a Fl\u00e1via Maria Gon\u00e7alves, do n\u00facleo do Grupo de Atua\u00e7\u00e3o Especial de Defesa do Meio Ambiente (Gaema\/BS). Em pauta, a concess\u00e3o pela Cetesb da Licen\u00e7a de Instala\u00e7\u00e3o da Unidade de Recupera\u00e7\u00e3o [&hellip;]<\/p>\n","protected":false},"author":1,"featured_media":1249,"comment_status":"closed","ping_status":"closed","sticky":false,"template":"","format":"standard","meta":{"footnotes":""},"categories":[34],"tags":[21,96,150,88,20,152,115,153,95,151],"class_list":["post-1248","post","type-post","status-publish","format-standard","has-post-thumbnail","hentry","category-releases","tag-aguaviva","tag-cetesb","tag-defesa-ambiental","tag-gaema","tag-guaruja-2","tag-licenca-ambiental","tag-meio-ambiente","tag-protecao-ambiental","tag-sustentabilidade","tag-ure"],"yoast_head":"<!-- This site is optimized with the Yoast SEO Premium plugin v26.7 (Yoast SEO v26.7) - https:\/\/yoast.com\/wordpress\/plugins\/seo\/ -->\n<title>ONG se re\u00fane com MP e vai pedir a abertura de a\u00e7\u00e3o civil p\u00fablica sobre a instala\u00e7\u00e3o da Unidade de Recupera\u00e7\u00e3o Energ\u00e9tica - AGUAVIVA<\/title>\n<meta name=\"description\" content=\"A Associa\u00e7\u00e3o Guaruj\u00e1 Viva (AGUAVIVA) enfrenta a aprova\u00e7\u00e3o da Licen\u00e7a de Instala\u00e7\u00e3o da Unidade de Recupera\u00e7\u00e3o Energ\u00e9tica (URE) pela Cetesb. Conhe\u00e7a os riscos ambientais, custos elevados e participe da luta pelo meio ambiente\" \/>\n<meta name=\"robots\" content=\"index, follow, max-snippet:-1, max-image-preview:large, max-video-preview:-1\" \/>\n<link rel=\"canonical\" href=\"https:\/\/guaruja.org.br\/aguaviva\/ong-se-reune-com-mp-e-vai-pedir-a-abertura-de-acao-civil-publica-sobre-a-instalacao-da-unidade-de-recuperacao-energetica\/\" \/>\n<meta property=\"og:locale\" content=\"pt_BR\" \/>\n<meta property=\"og:type\" content=\"article\" \/>\n<meta property=\"og:title\" content=\"ONG se re\u00fane com MP e vai pedir a abertura de a\u00e7\u00e3o civil p\u00fablica sobre a instala\u00e7\u00e3o da Unidade de Recupera\u00e7\u00e3o Energ\u00e9tica\" \/>\n<meta property=\"og:description\" content=\"A Associa\u00e7\u00e3o Guaruj\u00e1 Viva (AGUAVIVA) enfrenta a aprova\u00e7\u00e3o da Licen\u00e7a de Instala\u00e7\u00e3o da Unidade de Recupera\u00e7\u00e3o Energ\u00e9tica (URE) pela Cetesb. Conhe\u00e7a os riscos ambientais, custos elevados e participe da luta pelo meio ambiente\" \/>\n<meta property=\"og:url\" content=\"https:\/\/guaruja.org.br\/aguaviva\/ong-se-reune-com-mp-e-vai-pedir-a-abertura-de-acao-civil-publica-sobre-a-instalacao-da-unidade-de-recuperacao-energetica\/\" \/>\n<meta property=\"og:site_name\" content=\"AGUAVIVA\" \/>\n<meta property=\"article:publisher\" content=\"https:\/\/www.facebook.com\/guarujaaguaviva\" \/>\n<meta property=\"article:published_time\" content=\"2024-01-12T20:16:22+00:00\" \/>\n<meta property=\"article:modified_time\" content=\"2024-01-15T13:10:37+00:00\" \/>\n<meta property=\"og:image\" content=\"https:\/\/guaruja.org.br\/aguaviva\/wp-content\/uploads\/2024\/01\/ure-aguaviva-guaruja-gaema-unidade-de-recuperacao-energetica.jpeg\" \/>\n\t<meta property=\"og:image:width\" content=\"1140\" \/>\n\t<meta property=\"og:image:height\" content=\"641\" \/>\n\t<meta property=\"og:image:type\" content=\"image\/jpeg\" \/>\n<meta name=\"author\" content=\"morgana\" \/>\n<meta name=\"twitter:card\" content=\"summary_large_image\" \/>\n<meta name=\"twitter:label1\" content=\"Escrito por\" \/>\n\t<meta name=\"twitter:data1\" content=\"morgana\" \/>\n\t<meta name=\"twitter:label2\" content=\"Est. tempo de leitura\" \/>\n\t<meta name=\"twitter:data2\" content=\"3 minutos\" \/>\n<script type=\"application\/ld+json\" class=\"yoast-schema-graph\">{\"@context\":\"https:\/\/schema.org\",\"@graph\":[{\"@type\":\"Article\",\"@id\":\"https:\/\/guaruja.org.br\/aguaviva\/ong-se-reune-com-mp-e-vai-pedir-a-abertura-de-acao-civil-publica-sobre-a-instalacao-da-unidade-de-recuperacao-energetica\/#article\",\"isPartOf\":{\"@id\":\"https:\/\/guaruja.org.br\/aguaviva\/ong-se-reune-com-mp-e-vai-pedir-a-abertura-de-acao-civil-publica-sobre-a-instalacao-da-unidade-de-recuperacao-energetica\/\"},\"author\":{\"name\":\"morgana\",\"@id\":\"https:\/\/guaruja.org.br\/aguaviva\/#\/schema\/person\/9eebcb3a8418982418c00d543a25aee4\"},\"headline\":\"ONG se re\u00fane com MP e vai pedir a abertura de a\u00e7\u00e3o civil p\u00fablica sobre a instala\u00e7\u00e3o da Unidade de Recupera\u00e7\u00e3o Energ\u00e9tica\",\"datePublished\":\"2024-01-12T20:16:22+00:00\",\"dateModified\":\"2024-01-15T13:10:37+00:00\",\"mainEntityOfPage\":{\"@id\":\"https:\/\/guaruja.org.br\/aguaviva\/ong-se-reune-com-mp-e-vai-pedir-a-abertura-de-acao-civil-publica-sobre-a-instalacao-da-unidade-de-recuperacao-energetica\/\"},\"wordCount\":533,\"publisher\":{\"@id\":\"https:\/\/guaruja.org.br\/aguaviva\/#organization\"},\"image\":{\"@id\":\"https:\/\/guaruja.org.br\/aguaviva\/ong-se-reune-com-mp-e-vai-pedir-a-abertura-de-acao-civil-publica-sobre-a-instalacao-da-unidade-de-recuperacao-energetica\/#primaryimage\"},\"thumbnailUrl\":\"https:\/\/guaruja.org.br\/aguaviva\/wp-content\/uploads\/2024\/01\/ure-aguaviva-guaruja-gaema-unidade-de-recuperacao-energetica.jpeg\",\"keywords\":[\"aguaviva\",\"Cetesb\",\"Defesa Ambiental\",\"gaema\",\"guaruj\u00e1\",\"Licen\u00e7a Ambiental\",\"Meio Ambiente\",\"Prote\u00e7\u00e3o Ambiental\",\"Sustentabilidade\",\"URE\"],\"articleSection\":[\"Releases\"],\"inLanguage\":\"pt-BR\"},{\"@type\":\"WebPage\",\"@id\":\"https:\/\/guaruja.org.br\/aguaviva\/ong-se-reune-com-mp-e-vai-pedir-a-abertura-de-acao-civil-publica-sobre-a-instalacao-da-unidade-de-recuperacao-energetica\/\",\"url\":\"https:\/\/guaruja.org.br\/aguaviva\/ong-se-reune-com-mp-e-vai-pedir-a-abertura-de-acao-civil-publica-sobre-a-instalacao-da-unidade-de-recuperacao-energetica\/\",\"name\":\"ONG se re\u00fane com MP e vai pedir a abertura de a\u00e7\u00e3o civil p\u00fablica sobre a instala\u00e7\u00e3o da Unidade de Recupera\u00e7\u00e3o Energ\u00e9tica - AGUAVIVA\",\"isPartOf\":{\"@id\":\"https:\/\/guaruja.org.br\/aguaviva\/#website\"},\"primaryImageOfPage\":{\"@id\":\"https:\/\/guaruja.org.br\/aguaviva\/ong-se-reune-com-mp-e-vai-pedir-a-abertura-de-acao-civil-publica-sobre-a-instalacao-da-unidade-de-recuperacao-energetica\/#primaryimage\"},\"image\":{\"@id\":\"https:\/\/guaruja.org.br\/aguaviva\/ong-se-reune-com-mp-e-vai-pedir-a-abertura-de-acao-civil-publica-sobre-a-instalacao-da-unidade-de-recuperacao-energetica\/#primaryimage\"},\"thumbnailUrl\":\"https:\/\/guaruja.org.br\/aguaviva\/wp-content\/uploads\/2024\/01\/ure-aguaviva-guaruja-gaema-unidade-de-recuperacao-energetica.jpeg\",\"datePublished\":\"2024-01-12T20:16:22+00:00\",\"dateModified\":\"2024-01-15T13:10:37+00:00\",\"description\":\"A Associa\u00e7\u00e3o Guaruj\u00e1 Viva (AGUAVIVA) enfrenta a aprova\u00e7\u00e3o da Licen\u00e7a de Instala\u00e7\u00e3o da Unidade de Recupera\u00e7\u00e3o Energ\u00e9tica (URE) pela Cetesb. Conhe\u00e7a os riscos ambientais, custos elevados e participe da luta pelo meio ambiente\",\"breadcrumb\":{\"@id\":\"https:\/\/guaruja.org.br\/aguaviva\/ong-se-reune-com-mp-e-vai-pedir-a-abertura-de-acao-civil-publica-sobre-a-instalacao-da-unidade-de-recuperacao-energetica\/#breadcrumb\"},\"inLanguage\":\"pt-BR\",\"potentialAction\":[{\"@type\":\"ReadAction\",\"target\":[\"https:\/\/guaruja.org.br\/aguaviva\/ong-se-reune-com-mp-e-vai-pedir-a-abertura-de-acao-civil-publica-sobre-a-instalacao-da-unidade-de-recuperacao-energetica\/\"]}]},{\"@type\":\"ImageObject\",\"inLanguage\":\"pt-BR\",\"@id\":\"https:\/\/guaruja.org.br\/aguaviva\/ong-se-reune-com-mp-e-vai-pedir-a-abertura-de-acao-civil-publica-sobre-a-instalacao-da-unidade-de-recuperacao-energetica\/#primaryimage\",\"url\":\"https:\/\/guaruja.org.br\/aguaviva\/wp-content\/uploads\/2024\/01\/ure-aguaviva-guaruja-gaema-unidade-de-recuperacao-energetica.jpeg\",\"contentUrl\":\"https:\/\/guaruja.org.br\/aguaviva\/wp-content\/uploads\/2024\/01\/ure-aguaviva-guaruja-gaema-unidade-de-recuperacao-energetica.jpeg\",\"width\":1140,\"height\":641},{\"@type\":\"BreadcrumbList\",\"@id\":\"https:\/\/guaruja.org.br\/aguaviva\/ong-se-reune-com-mp-e-vai-pedir-a-abertura-de-acao-civil-publica-sobre-a-instalacao-da-unidade-de-recuperacao-energetica\/#breadcrumb\",\"itemListElement\":[{\"@type\":\"ListItem\",\"position\":1,\"name\":\"In\u00edcio\",\"item\":\"https:\/\/guaruja.org.br\/aguaviva\/\"},{\"@type\":\"ListItem\",\"position\":2,\"name\":\"ONG se re\u00fane com MP e vai pedir a abertura de a\u00e7\u00e3o civil p\u00fablica sobre a instala\u00e7\u00e3o da Unidade de Recupera\u00e7\u00e3o Energ\u00e9tica\"}]},{\"@type\":\"WebSite\",\"@id\":\"https:\/\/guaruja.org.br\/aguaviva\/#website\",\"url\":\"https:\/\/guaruja.org.br\/aguaviva\/\",\"name\":\"AGUAVIVA\",\"description\":\"Associa\u00e7\u00e3o Guaruj\u00e1 Viva\",\"publisher\":{\"@id\":\"https:\/\/guaruja.org.br\/aguaviva\/#organization\"},\"alternateName\":\"AGUAVIVA\",\"potentialAction\":[{\"@type\":\"SearchAction\",\"target\":{\"@type\":\"EntryPoint\",\"urlTemplate\":\"https:\/\/guaruja.org.br\/aguaviva\/?s={search_term_string}\"},\"query-input\":{\"@type\":\"PropertyValueSpecification\",\"valueRequired\":true,\"valueName\":\"search_term_string\"}}],\"inLanguage\":\"pt-BR\"},{\"@type\":\"Organization\",\"@id\":\"https:\/\/guaruja.org.br\/aguaviva\/#organization\",\"name\":\"AGUAVIVA\",\"alternateName\":\"AGUAVIVA\",\"url\":\"https:\/\/guaruja.org.br\/aguaviva\/\",\"logo\":{\"@type\":\"ImageObject\",\"inLanguage\":\"pt-BR\",\"@id\":\"https:\/\/guaruja.org.br\/aguaviva\/#\/schema\/logo\/image\/\",\"url\":\"https:\/\/guaruja.org.br\/aguaviva\/wp-content\/uploads\/2025\/03\/logo-aguaviva-horizontal.png\",\"contentUrl\":\"https:\/\/guaruja.org.br\/aguaviva\/wp-content\/uploads\/2025\/03\/logo-aguaviva-horizontal.png\",\"width\":3280,\"height\":1080,\"caption\":\"AGUAVIVA\"},\"image\":{\"@id\":\"https:\/\/guaruja.org.br\/aguaviva\/#\/schema\/logo\/image\/\"},\"sameAs\":[\"https:\/\/www.facebook.com\/guarujaaguaviva\",\"https:\/\/www.instagram.com\/aguavivaguaruja\/\"]},{\"@type\":\"Person\",\"@id\":\"https:\/\/guaruja.org.br\/aguaviva\/#\/schema\/person\/9eebcb3a8418982418c00d543a25aee4\",\"name\":\"morgana\",\"sameAs\":[\"https:\/\/guaruja.org.br\/aguaviva-02\"],\"url\":\"https:\/\/guaruja.org.br\/aguaviva\/author\/morgana\/\"}]}<\/script>\n<!-- \/ Yoast SEO Premium plugin. -->","yoast_head_json":{"title":"ONG se re\u00fane com MP e vai pedir a abertura de a\u00e7\u00e3o civil p\u00fablica sobre a instala\u00e7\u00e3o da Unidade de Recupera\u00e7\u00e3o Energ\u00e9tica - AGUAVIVA","description":"A Associa\u00e7\u00e3o Guaruj\u00e1 Viva (AGUAVIVA) enfrenta a aprova\u00e7\u00e3o da Licen\u00e7a de Instala\u00e7\u00e3o da Unidade de Recupera\u00e7\u00e3o Energ\u00e9tica (URE) pela Cetesb. Conhe\u00e7a os riscos ambientais, custos elevados e participe da luta pelo meio ambiente","robots":{"index":"index","follow":"follow","max-snippet":"max-snippet:-1","max-image-preview":"max-image-preview:large","max-video-preview":"max-video-preview:-1"},"canonical":"https:\/\/guaruja.org.br\/aguaviva\/ong-se-reune-com-mp-e-vai-pedir-a-abertura-de-acao-civil-publica-sobre-a-instalacao-da-unidade-de-recuperacao-energetica\/","og_locale":"pt_BR","og_type":"article","og_title":"ONG se re\u00fane com MP e vai pedir a abertura de a\u00e7\u00e3o civil p\u00fablica sobre a instala\u00e7\u00e3o da Unidade de Recupera\u00e7\u00e3o Energ\u00e9tica","og_description":"A Associa\u00e7\u00e3o Guaruj\u00e1 Viva (AGUAVIVA) enfrenta a aprova\u00e7\u00e3o da Licen\u00e7a de Instala\u00e7\u00e3o da Unidade de Recupera\u00e7\u00e3o Energ\u00e9tica (URE) pela Cetesb. Conhe\u00e7a os riscos ambientais, custos elevados e participe da luta pelo meio ambiente","og_url":"https:\/\/guaruja.org.br\/aguaviva\/ong-se-reune-com-mp-e-vai-pedir-a-abertura-de-acao-civil-publica-sobre-a-instalacao-da-unidade-de-recuperacao-energetica\/","og_site_name":"AGUAVIVA","article_publisher":"https:\/\/www.facebook.com\/guarujaaguaviva","article_published_time":"2024-01-12T20:16:22+00:00","article_modified_time":"2024-01-15T13:10:37+00:00","og_image":[{"width":1140,"height":641,"url":"https:\/\/guaruja.org.br\/aguaviva\/wp-content\/uploads\/2024\/01\/ure-aguaviva-guaruja-gaema-unidade-de-recuperacao-energetica.jpeg","type":"image\/jpeg"}],"author":"morgana","twitter_card":"summary_large_image","twitter_misc":{"Escrito por":"morgana","Est. tempo de leitura":"3 minutos"},"schema":{"@context":"https:\/\/schema.org","@graph":[{"@type":"Article","@id":"https:\/\/guaruja.org.br\/aguaviva\/ong-se-reune-com-mp-e-vai-pedir-a-abertura-de-acao-civil-publica-sobre-a-instalacao-da-unidade-de-recuperacao-energetica\/#article","isPartOf":{"@id":"https:\/\/guaruja.org.br\/aguaviva\/ong-se-reune-com-mp-e-vai-pedir-a-abertura-de-acao-civil-publica-sobre-a-instalacao-da-unidade-de-recuperacao-energetica\/"},"author":{"name":"morgana","@id":"https:\/\/guaruja.org.br\/aguaviva\/#\/schema\/person\/9eebcb3a8418982418c00d543a25aee4"},"headline":"ONG se re\u00fane com MP e vai pedir a abertura de a\u00e7\u00e3o civil p\u00fablica sobre a instala\u00e7\u00e3o da Unidade de Recupera\u00e7\u00e3o Energ\u00e9tica","datePublished":"2024-01-12T20:16:22+00:00","dateModified":"2024-01-15T13:10:37+00:00","mainEntityOfPage":{"@id":"https:\/\/guaruja.org.br\/aguaviva\/ong-se-reune-com-mp-e-vai-pedir-a-abertura-de-acao-civil-publica-sobre-a-instalacao-da-unidade-de-recuperacao-energetica\/"},"wordCount":533,"publisher":{"@id":"https:\/\/guaruja.org.br\/aguaviva\/#organization"},"image":{"@id":"https:\/\/guaruja.org.br\/aguaviva\/ong-se-reune-com-mp-e-vai-pedir-a-abertura-de-acao-civil-publica-sobre-a-instalacao-da-unidade-de-recuperacao-energetica\/#primaryimage"},"thumbnailUrl":"https:\/\/guaruja.org.br\/aguaviva\/wp-content\/uploads\/2024\/01\/ure-aguaviva-guaruja-gaema-unidade-de-recuperacao-energetica.jpeg","keywords":["aguaviva","Cetesb","Defesa Ambiental","gaema","guaruj\u00e1","Licen\u00e7a Ambiental","Meio Ambiente","Prote\u00e7\u00e3o Ambiental","Sustentabilidade","URE"],"articleSection":["Releases"],"inLanguage":"pt-BR"},{"@type":"WebPage","@id":"https:\/\/guaruja.org.br\/aguaviva\/ong-se-reune-com-mp-e-vai-pedir-a-abertura-de-acao-civil-publica-sobre-a-instalacao-da-unidade-de-recuperacao-energetica\/","url":"https:\/\/guaruja.org.br\/aguaviva\/ong-se-reune-com-mp-e-vai-pedir-a-abertura-de-acao-civil-publica-sobre-a-instalacao-da-unidade-de-recuperacao-energetica\/","name":"ONG se re\u00fane com MP e vai pedir a abertura de a\u00e7\u00e3o civil p\u00fablica sobre a instala\u00e7\u00e3o da Unidade de Recupera\u00e7\u00e3o Energ\u00e9tica - AGUAVIVA","isPartOf":{"@id":"https:\/\/guaruja.org.br\/aguaviva\/#website"},"primaryImageOfPage":{"@id":"https:\/\/guaruja.org.br\/aguaviva\/ong-se-reune-com-mp-e-vai-pedir-a-abertura-de-acao-civil-publica-sobre-a-instalacao-da-unidade-de-recuperacao-energetica\/#primaryimage"},"image":{"@id":"https:\/\/guaruja.org.br\/aguaviva\/ong-se-reune-com-mp-e-vai-pedir-a-abertura-de-acao-civil-publica-sobre-a-instalacao-da-unidade-de-recuperacao-energetica\/#primaryimage"},"thumbnailUrl":"https:\/\/guaruja.org.br\/aguaviva\/wp-content\/uploads\/2024\/01\/ure-aguaviva-guaruja-gaema-unidade-de-recuperacao-energetica.jpeg","datePublished":"2024-01-12T20:16:22+00:00","dateModified":"2024-01-15T13:10:37+00:00","description":"A Associa\u00e7\u00e3o Guaruj\u00e1 Viva (AGUAVIVA) enfrenta a aprova\u00e7\u00e3o da Licen\u00e7a de Instala\u00e7\u00e3o da Unidade de Recupera\u00e7\u00e3o Energ\u00e9tica (URE) pela Cetesb. Conhe\u00e7a os riscos ambientais, custos elevados e participe da luta pelo meio ambiente","breadcrumb":{"@id":"https:\/\/guaruja.org.br\/aguaviva\/ong-se-reune-com-mp-e-vai-pedir-a-abertura-de-acao-civil-publica-sobre-a-instalacao-da-unidade-de-recuperacao-energetica\/#breadcrumb"},"inLanguage":"pt-BR","potentialAction":[{"@type":"ReadAction","target":["https:\/\/guaruja.org.br\/aguaviva\/ong-se-reune-com-mp-e-vai-pedir-a-abertura-de-acao-civil-publica-sobre-a-instalacao-da-unidade-de-recuperacao-energetica\/"]}]},{"@type":"ImageObject","inLanguage":"pt-BR","@id":"https:\/\/guaruja.org.br\/aguaviva\/ong-se-reune-com-mp-e-vai-pedir-a-abertura-de-acao-civil-publica-sobre-a-instalacao-da-unidade-de-recuperacao-energetica\/#primaryimage","url":"https:\/\/guaruja.org.br\/aguaviva\/wp-content\/uploads\/2024\/01\/ure-aguaviva-guaruja-gaema-unidade-de-recuperacao-energetica.jpeg","contentUrl":"https:\/\/guaruja.org.br\/aguaviva\/wp-content\/uploads\/2024\/01\/ure-aguaviva-guaruja-gaema-unidade-de-recuperacao-energetica.jpeg","width":1140,"height":641},{"@type":"BreadcrumbList","@id":"https:\/\/guaruja.org.br\/aguaviva\/ong-se-reune-com-mp-e-vai-pedir-a-abertura-de-acao-civil-publica-sobre-a-instalacao-da-unidade-de-recuperacao-energetica\/#breadcrumb","itemListElement":[{"@type":"ListItem","position":1,"name":"In\u00edcio","item":"https:\/\/guaruja.org.br\/aguaviva\/"},{"@type":"ListItem","position":2,"name":"ONG se re\u00fane com MP e vai pedir a abertura de a\u00e7\u00e3o civil p\u00fablica sobre a instala\u00e7\u00e3o da Unidade de Recupera\u00e7\u00e3o Energ\u00e9tica"}]},{"@type":"WebSite","@id":"https:\/\/guaruja.org.br\/aguaviva\/#website","url":"https:\/\/guaruja.org.br\/aguaviva\/","name":"AGUAVIVA","description":"Associa\u00e7\u00e3o Guaruj\u00e1 Viva","publisher":{"@id":"https:\/\/guaruja.org.br\/aguaviva\/#organization"},"alternateName":"AGUAVIVA","potentialAction":[{"@type":"SearchAction","target":{"@type":"EntryPoint","urlTemplate":"https:\/\/guaruja.org.br\/aguaviva\/?s={search_term_string}"},"query-input":{"@type":"PropertyValueSpecification","valueRequired":true,"valueName":"search_term_string"}}],"inLanguage":"pt-BR"},{"@type":"Organization","@id":"https:\/\/guaruja.org.br\/aguaviva\/#organization","name":"AGUAVIVA","alternateName":"AGUAVIVA","url":"https:\/\/guaruja.org.br\/aguaviva\/","logo":{"@type":"ImageObject","inLanguage":"pt-BR","@id":"https:\/\/guaruja.org.br\/aguaviva\/#\/schema\/logo\/image\/","url":"https:\/\/guaruja.org.br\/aguaviva\/wp-content\/uploads\/2025\/03\/logo-aguaviva-horizontal.png","contentUrl":"https:\/\/guaruja.org.br\/aguaviva\/wp-content\/uploads\/2025\/03\/logo-aguaviva-horizontal.png","width":3280,"height":1080,"caption":"AGUAVIVA"},"image":{"@id":"https:\/\/guaruja.org.br\/aguaviva\/#\/schema\/logo\/image\/"},"sameAs":["https:\/\/www.facebook.com\/guarujaaguaviva","https:\/\/www.instagram.com\/aguavivaguaruja\/"]},{"@type":"Person","@id":"https:\/\/guaruja.org.br\/aguaviva\/#\/schema\/person\/9eebcb3a8418982418c00d543a25aee4","name":"morgana","sameAs":["https:\/\/guaruja.org.br\/aguaviva-02"],"url":"https:\/\/guaruja.org.br\/aguaviva\/author\/morgana\/"}]}},"_links":{"self":[{"href":"https:\/\/guaruja.org.br\/aguaviva\/wp-json\/wp\/v2\/posts\/1248","targetHints":{"allow":["GET"]}}],"collection":[{"href":"https:\/\/guaruja.org.br\/aguaviva\/wp-json\/wp\/v2\/posts"}],"about":[{"href":"https:\/\/guaruja.org.br\/aguaviva\/wp-json\/wp\/v2\/types\/post"}],"author":[{"embeddable":true,"href":"https:\/\/guaruja.org.br\/aguaviva\/wp-json\/wp\/v2\/users\/1"}],"replies":[{"embeddable":true,"href":"https:\/\/guaruja.org.br\/aguaviva\/wp-json\/wp\/v2\/comments?post=1248"}],"version-history":[{"count":3,"href":"https:\/\/guaruja.org.br\/aguaviva\/wp-json\/wp\/v2\/posts\/1248\/revisions"}],"predecessor-version":[{"id":1254,"href":"https:\/\/guaruja.org.br\/aguaviva\/wp-json\/wp\/v2\/posts\/1248\/revisions\/1254"}],"wp:featuredmedia":[{"embeddable":true,"href":"https:\/\/guaruja.org.br\/aguaviva\/wp-json\/wp\/v2\/media\/1249"}],"wp:attachment":[{"href":"https:\/\/guaruja.org.br\/aguaviva\/wp-json\/wp\/v2\/media?parent=1248"}],"wp:term":[{"taxonomy":"category","embeddable":true,"href":"https:\/\/guaruja.org.br\/aguaviva\/wp-json\/wp\/v2\/categories?post=1248"},{"taxonomy":"post_tag","embeddable":true,"href":"https:\/\/guaruja.org.br\/aguaviva\/wp-json\/wp\/v2\/tags?post=1248"}],"curies":[{"name":"wp","href":"https:\/\/api.w.org\/{rel}","templated":true}]}}