{"id":1256,"date":"2024-01-17T15:05:27","date_gmt":"2024-01-17T18:05:27","guid":{"rendered":"https:\/\/guaruja.org.br\/aguaviva\/?p=1256"},"modified":"2025-11-25T16:10:49","modified_gmt":"2025-11-25T19:10:49","slug":"mp-instaura-inquerito-civil-para-apurar-responsabilidades-e-os-danos-ambientais-do-acidente-com-caminhao-tanque-na-rodovia-conego-domenico-rangoni","status":"publish","type":"post","link":"https:\/\/guaruja.org.br\/aguaviva\/mp-instaura-inquerito-civil-para-apurar-responsabilidades-e-os-danos-ambientais-do-acidente-com-caminhao-tanque-na-rodovia-conego-domenico-rangoni\/","title":{"rendered":"MP instaura Inqu\u00e9rito Civil para apurar responsabilidades e os danos ambientais do acidente com caminh\u00e3o-tanque na Rodovia C\u00f4nego Dom\u00eanico Rangoni"},"content":{"rendered":"\n<h2 class=\"wp-block-heading\"><em>Ve\u00edculo transportando nafta explodiu e matou o motorista<\/em><\/h2>\n\n\n\n<p>Promotora de Justi\u00e7a Almachia Zwarg Acerbi, do Grupo de Atua\u00e7\u00e3o Especial de Defesa do Meio Ambiente, do Minist\u00e9rio P\u00fablico de S\u00e3o Paulo, determinou a instaura\u00e7\u00e3o de um Inqu\u00e9rito Civil (IC) para averiguar eventuais danos ambientais decorrente do acidente rodovi\u00e1rio causado pelo tombamento de um caminh\u00e3o-tranque transportando nafta, na Rodovia C\u00f4nego Dom\u00eanico Rangoni, em dire\u00e7\u00e3o \u00e0 Cidade de Guaruj\u00e1, depois do acesso \u00e0 Ilha Barnab\u00e9, na altura do km 249, e tamb\u00e9m apura\u00e7\u00e3o sobre a exist\u00eancia de um Plano de A\u00e7\u00e3o de Emerg\u00eancia (PAE), na madrugada de 23 de dezembro passado.<\/p>\n\n\n\n<p>O IC foi uma solicita\u00e7\u00e3o da Associa\u00e7\u00e3o Guaruj\u00e1 Viva (AGUAVIVA) para apura\u00e7\u00e3o dos graves fatos que foram vividos por milhares de pessoas em decorr\u00eancia do acidente com uma caminh\u00e3o-tanque, que resultou na morte do caminhoneiro, que transportava perto de 48 mil litros de nafta.<\/p>\n\n\n\n<p>&#8220;O Minist\u00e9rio P\u00fablico entendeu que \u00e9 preciso averiguar a falta de preparo, como treinamento de funcion\u00e1rios e plano de a\u00e7\u00e3o conjunto, entre a pol\u00edcia rodovi\u00e1ria, para lidar com o problema desse porte. A inexist\u00eancia de um Plano de A\u00e7\u00e3o e Emerg\u00eancia poderia ter resultado em mais mortes na estrada\u201d, disse Jos\u00e9 Manoel Ferreira Gon\u00e7alves, presidente da AGUAVIVA, que retornova da Capital eno dia e hor\u00e1rio do acidente.<\/p>\n\n\n\n<p>A promotora determinou ainda que a empresa HPA Transportadora, propret\u00e1ria do caminh\u00e3o-tanque, apresente manifesta\u00e7\u00e3o sobre os fatos narrados e esclare\u00e7a se o l\u00edquido transportado no ve\u00edculo envolvido no acidente investigado era mesmo \u201cnafta\u201d considerado inflam\u00e1vel e quais medidas preventivas de dano ambiental adotou antes do sinistro e quais a\u00e7\u00f5es tomou posteriormente para minimizar o impacto ambiental decorrente do acidente.<\/p>\n\n\n\n<p>Almachia Zwarg Acerbi determinou a notifica\u00e7\u00e3o da Ecovias para que se manifeste sobre o acidente e forne\u00e7a informa\u00e7\u00f5es esclarecendo quais medidas foram tomadas visando o isolamento do local; mudan\u00e7a de rota do tr\u00e2nsito para seguran\u00e7a dos usu\u00e1rios e fluidez do tr\u00e1fego na rodovia; bem como todos os detalhes da implementa\u00e7\u00e3o de seu Plano de A\u00e7\u00e3o de Emerg\u00eancia, discriminando as a\u00e7\u00f5es posteriormente adotadas para minimizar as consequ\u00eancias do acidente seja de ordem ambiental e de ordem de tr\u00e1fego dos usu\u00e1rios na rodovia que administra; bem como no geral como s\u00e3o rotineiramente colocadas em pr\u00e1tica as a\u00e7\u00f5es preventivas desse plano. A promotora solicitou ainda informa\u00e7\u00f5es \u00e0 Pol\u00edcia Rodovi\u00e1ria Federal, Corpo de Bombeiros e Defesa Civil do Guaruj\u00e1 sobre o acidente investigado.<\/p>\n\n\n\n<p>A Cetesb e a Funda\u00e7\u00e3o Florestal ter\u00e3o dentro de um prazo de 15 dias \u00fateis apontar se foram identificados danos ambientais, al\u00e9m da polui\u00e7\u00e3o atmosf\u00e9rica decorrente da explos\u00e3o, eventual derramamento do l\u00edquido transportado a atingir o len\u00e7ol fre\u00e1tico, \u00e1guas subterr\u00e2neas, bem como por ser l\u00edquido inflam\u00e1vel inicialmente identificado por \u201cnafta\u201d se houve a consequente instaura\u00e7\u00e3o de processo administrativo para a apura\u00e7\u00e3o de responsabilidade civil, mediante realiza\u00e7\u00e3o de vistoria no local, com intuito de averiguar a situa\u00e7\u00e3o p\u00f3s-acidente; c\u00f3pia de eventuais autua\u00e7\u00f5es expedidas e encaminhadas \u00e0 empresa HPA Transportadora ou \u00e0 ECOVIAS, bem como as respectivas respostas ofertadas; e apresentsr demais informa\u00e7\u00f5es pertinentes ao fato, como eventuais pareceres t\u00e9cnicos confeccionados.<\/p>\n\n\n\n<p>\u201cA Ecovias e os poucos policiais rodovi\u00e1rios n\u00e3o se entendiam. As provid\u00eancias eram desencontradas, e n\u00e3o havia comunica\u00e7\u00e3o entre os agentes p\u00fablicos trabalhando na ocorr\u00eancia. Pedimos muitas vezes a libera\u00e7\u00e3o excepcional dos port\u00f5es que separam as pistas na dire\u00e7\u00e3o de retorno para S\u00e3o Paulo, para que pud\u00e9ssemos desobstruir a pista em dire\u00e7\u00e3o ao Guaruj\u00e1, at\u00e9 mesmo para permitir o deslocamento das viaturas policiais, caminh\u00f5es de bombeiro, ambul\u00e2ncias, presos no gigante congestionamento que se formava e crescia a cada segundo que passava. Ficou claro o despreparo para lidar com a crise\u201d, afirmou Jos\u00e9 Manoel.<\/p>\n\n\n\n<p>De acordo com o presidente da AGUAVIVA, a concession\u00e1ria do sistema Anchieta-Imigrantes, demorou para entender a gravidade dos fatos e agir com cautela e intelig\u00eancia. \u201cEla estava unicamente preocupada com o exato local do grave acidente, sem perceber o drama vivido pelos usu\u00e1rios do sistema por ela muito mal operado. A preocupa\u00e7\u00e3o era garantir a cobran\u00e7a do ped\u00e1gio de quem dali retornasse. Isso acabou acontecendo por volta das 4h30 da madrugada. Foi um pesadelo provocado inicialmente pelo acidente e depois pela incapacidade gerencial evidente\u201d, declarou.<\/p>\n\n\n\n<h2 class=\"wp-block-heading\">DOCUMENTOS RELACIONADOS<\/h2>\n\n\n\n<div data-wp-interactive=\"core\/file\" class=\"wp-block-file\"><object data-wp-bind--hidden=\"!state.hasPdfPreview\" hidden class=\"wp-block-file__embed\" data=\"https:\/\/guaruja.org.br\/aguaviva\/wp-content\/uploads\/2024\/01\/Oficio-AV-201.2024-GAEMA-Oficio-Complementar.pdf\" type=\"application\/pdf\" style=\"width:100%;height:600px\" aria-label=\"Incorporado de Oficio-AV-201.2024-GAEMA-Oficio-Complementar.\"><\/object><a id=\"wp-block-file--media-cddc3981-c7b8-494e-81c3-45042c9e9dea\" href=\"https:\/\/guaruja.org.br\/aguaviva\/wp-content\/uploads\/2024\/01\/Oficio-AV-201.2024-GAEMA-Oficio-Complementar.pdf\">Oficio-AV-201.2024-GAEMA-Oficio-Complementar<\/a><a href=\"https:\/\/guaruja.org.br\/aguaviva\/wp-content\/uploads\/2024\/01\/Oficio-AV-201.2024-GAEMA-Oficio-Complementar.pdf\" class=\"wp-block-file__button wp-element-button\" download aria-describedby=\"wp-block-file--media-cddc3981-c7b8-494e-81c3-45042c9e9dea\">Baixar<\/a><\/div>\n\n\n\n<div data-wp-interactive=\"core\/file\" class=\"wp-block-file\"><object data-wp-bind--hidden=\"!state.hasPdfPreview\" hidden class=\"wp-block-file__embed\" data=\"https:\/\/guaruja.org.br\/aguaviva\/wp-content\/uploads\/2024\/01\/Portaria-de-instauracao-Incendio-em-um-caminhao-tanque.pdf\" type=\"application\/pdf\" style=\"width:100%;height:600px\" aria-label=\"Incorporado de Portaria-de-instauracao-Incendio-em-um-caminhao-tanque.\"><\/object><a id=\"wp-block-file--media-132f5600-6eeb-4ec9-a640-2dc718dfe7da\" href=\"https:\/\/guaruja.org.br\/aguaviva\/wp-content\/uploads\/2024\/01\/Portaria-de-instauracao-Incendio-em-um-caminhao-tanque.pdf\">Portaria-de-instauracao-Incendio-em-um-caminhao-tanque<\/a><a href=\"https:\/\/guaruja.org.br\/aguaviva\/wp-content\/uploads\/2024\/01\/Portaria-de-instauracao-Incendio-em-um-caminhao-tanque.pdf\" class=\"wp-block-file__button wp-element-button\" download aria-describedby=\"wp-block-file--media-132f5600-6eeb-4ec9-a640-2dc718dfe7da\">Baixar<\/a><\/div>\n\n\n\n<div data-wp-interactive=\"core\/file\" class=\"wp-block-file\"><object data-wp-bind--hidden=\"!state.hasPdfPreview\" hidden class=\"wp-block-file__embed\" data=\"https:\/\/guaruja.org.br\/aguaviva\/wp-content\/uploads\/2024\/01\/Oficio-AV-173.2024-GAEMA-1.pdf\" type=\"application\/pdf\" style=\"width:100%;height:600px\" aria-label=\"Incorporado de Oficio-AV-173.2024-GAEMA-1.\"><\/object><a id=\"wp-block-file--media-1e199616-0fbb-46ca-bf57-8214c389d574\" href=\"https:\/\/guaruja.org.br\/aguaviva\/wp-content\/uploads\/2024\/01\/Oficio-AV-173.2024-GAEMA-1.pdf\">Oficio-AV-173.2024-GAEMA-1<\/a><a href=\"https:\/\/guaruja.org.br\/aguaviva\/wp-content\/uploads\/2024\/01\/Oficio-AV-173.2024-GAEMA-1.pdf\" class=\"wp-block-file__button wp-element-button\" download aria-describedby=\"wp-block-file--media-1e199616-0fbb-46ca-bf57-8214c389d574\">Baixar<\/a><\/div>\n\n\n\n<h2 class=\"wp-block-heading\">SAIU NA M\u00cdDIA<\/h2>\n\n\n\n<figure class=\"wp-block-image size-full\"><img fetchpriority=\"high\" decoding=\"async\" width=\"687\" height=\"854\" src=\"https:\/\/guaruja.org.br\/aguaviva\/wp-content\/uploads\/2024\/01\/image-4.png\" alt=\"\" class=\"wp-image-1284\" srcset=\"https:\/\/guaruja.org.br\/aguaviva\/wp-content\/uploads\/2024\/01\/image-4.png 687w, https:\/\/guaruja.org.br\/aguaviva\/wp-content\/uploads\/2024\/01\/image-4-241x300.png 241w\" sizes=\"(max-width: 687px) 100vw, 687px\" \/><\/figure>\n\n\n\n<h2 class=\"wp-block-heading\"> <\/h2>\n\n\n\n<figure class=\"wp-block-image size-large\"><img decoding=\"async\" width=\"1024\" height=\"1024\" src=\"https:\/\/guaruja.org.br\/aguaviva\/wp-content\/uploads\/2024\/01\/Saiu-na-Midia-AGUAVIVA-15-1024x1024.png\" alt=\"\" class=\"wp-image-1268\" srcset=\"https:\/\/guaruja.org.br\/aguaviva\/wp-content\/uploads\/2024\/01\/Saiu-na-Midia-AGUAVIVA-15-1024x1024.png 1024w, https:\/\/guaruja.org.br\/aguaviva\/wp-content\/uploads\/2024\/01\/Saiu-na-Midia-AGUAVIVA-15-300x300.png 300w, https:\/\/guaruja.org.br\/aguaviva\/wp-content\/uploads\/2024\/01\/Saiu-na-Midia-AGUAVIVA-15-150x150.png 150w, https:\/\/guaruja.org.br\/aguaviva\/wp-content\/uploads\/2024\/01\/Saiu-na-Midia-AGUAVIVA-15-768x768.png 768w, https:\/\/guaruja.org.br\/aguaviva\/wp-content\/uploads\/2024\/01\/Saiu-na-Midia-AGUAVIVA-15.png 1080w\" sizes=\"(max-width: 1024px) 100vw, 1024px\" \/><\/figure>\n\n\n\n<p><a href=\"https:\/\/www.diariodolitoral.com.br\/cotidiano\/acidente-de-caminhao-tanque-na-conego-domenico-rangoni-vira-inquerito\/178485\/?fbclid=IwAR1PETEH_-5vYJGwKfgV65VfujmruER9MFnCZ_nX7cw6U2niPT1Hmqys3Go\">https:\/\/www.diariodolitoral.com.br\/cotidiano\/acidente-de-caminhao-tanque-na-conego-domenico-rangoni-vira-inquerito\/178485\/?fbclid=IwAR1PETEH_-5vYJGwKfgV65VfujmruER9MFnCZ_nX7cw6U2niPT1Hmqys3Go<\/a><\/p>\n\n\n\n<p><a href=\"https:\/\/www.atribuna.com.br\/cidades\/geral\/mp-vai-investigar-danos-ambientais-e-demora-em-atendimento-a-caminhao-que-explodiu-no-litoral-de-sp\">https:\/\/www.atribuna.com.br\/cidades\/geral\/mp-vai-investigar-danos-ambientais-e-demora-em-atendimento-a-caminhao-que-explodiu-no-litoral-de-sp<\/a><\/p>\n\n\n\n<p><a href=\"https:\/\/globoplay.globo.com\/v\/12275697\/\">https:\/\/globoplay.globo.com\/v\/12275697\/<\/a><\/p>\n\n\n\n<figure class=\"wp-block-embed is-type-wp-embed is-provider-cota-jur-dica wp-block-embed-cota-jur-dica\"><div class=\"wp-block-embed__wrapper\">\n<blockquote class=\"wp-embedded-content\" data-secret=\"Tq4mSf9p6s\"><a href=\"https:\/\/cotajuridica.com.br\/mp-instaura-ic-referente-a-acidente-em-rodovia\/\">MP instaura IC referente a acidente em Rodovia<\/a><\/blockquote><iframe class=\"wp-embedded-content\" sandbox=\"allow-scripts\" security=\"restricted\" style=\"position: absolute; clip: rect(1px, 1px, 1px, 1px);\" title=\"&#8220;MP instaura IC referente a acidente em Rodovia&#8221; &#8212; Cota Jur\u00eddica\" src=\"https:\/\/cotajuridica.com.br\/mp-instaura-ic-referente-a-acidente-em-rodovia\/embed\/#?secret=gAadO0YcQ2#?secret=Tq4mSf9p6s\" data-secret=\"Tq4mSf9p6s\" width=\"600\" height=\"338\" frameborder=\"0\" marginwidth=\"0\" marginheight=\"0\" scrolling=\"no\"><\/iframe>\n<\/div><\/figure>\n\n\n\n<p><a href=\"https:\/\/jornalmidiadigital.com.br\/noticia\/624704\/mp-instaura-inquerito-civil-para-apurar-responsabilidades-e-os-danos-ambientais-do-acidente-com-caminhao-tanque-na-rodovia-conego-domenico-rangoni\">https:\/\/jornalmidiadigital.com.br\/noticia\/624704\/mp-instaura-inquerito-civil-para-apurar-responsabilidades-e-os-danos-ambientais-do-acidente-com-caminhao-tanque-na-rodovia-conego-domenico-rangoni<\/a><\/p>\n\n\n\n<p><a href=\"https:\/\/emnoticia.com.br\/mp-instaura-inquerito-civil-para-apurar-responsabilidades-e-os-danos-ambientais-do-acidente-com-caminhao-tanque-na-rodovia-conego-domenico-rangoni\/\">https:\/\/emnoticia.com.br\/mp-instaura-inquerito-civil-para-apurar-responsabilidades-e-os-danos-ambientais-do-acidente-com-caminhao-tanque-na-rodovia-conego-domenico-rangoni\/<\/a><\/p>\n\n\n\n<p><a href=\"https:\/\/saladanoticia.com.br\/noticia\/75708\/mp-instaura-inquerito-civil-para-apurar-responsabilidades-e-os-danos-ambientais-do-acidente-com-caminhao-tanque-na-rodovia-conego-domenico-rangoni\">https:\/\/saladanoticia.com.br\/noticia\/75708\/mp-instaura-inquerito-civil-para-apurar-responsabilidades-e-os-danos-ambientais-do-acidente-com-caminhao-tanque-na-rodovia-conego-domenico-rangoni<\/a><\/p>\n\n\n\n<p><a href=\"https:\/\/gazetadepinheiros.com.br\/noticia\/7052\/mp-instaura-inquerito-civil-para-apurar-responsabilidades-e-os-danos-ambientais-do-acidente-com-caminhao-tanque-na-rodovia-conego-domenico-rangoni#:~:text=O%20IC%20foi%20uma%20solicita%C3%A7%C3%A3o,48%20mil%20litros%20de%20nafta\">https:\/\/gazetadepinheiros.com.br\/noticia\/7052\/mp-instaura-inquerito-civil-para-apurar-responsabilidades-e-os-danos-ambientais-do-acidente-com-caminhao-tanque-na-rodovia-conego-domenico-rangoni#:~:text=O%20IC%20foi%20uma%20solicita%C3%A7%C3%A3o,48%20mil%20litros%20de%20nafta<\/a><\/p>\n\n\n\n<p><a href=\"https:\/\/itaqueraemnoticias.com.br\/noticia\/70090\/mp-instaura-inquerito-civil-para-apurar-responsabilidades-e-os-danos-ambientais-do-acidente-com-caminhao-tanque-na-rodovia-conego-domenico-rangoni\">https:\/\/itaqueraemnoticias.com.br\/noticia\/70090\/mp-instaura-inquerito-civil-para-apurar-responsabilidades-e-os-danos-ambientais-do-acidente-com-caminhao-tanque-na-rodovia-conego-domenico-rangoni<\/a><\/p>\n\n\n\n<p><a href=\"https:\/\/gazetadasemana.com.br\/noticia\/152264\/mp-instaura-inquerito-civil-para-apurar-responsabilidades-e-os-danos-ambientais-do-acidente-com-caminhao-tanque-na-rodovia-conego-domenico-rangoni\">https:\/\/gazetadasemana.com.br\/noticia\/152264\/mp-instaura-inquerito-civil-para-apurar-responsabilidades-e-os-danos-ambientais-do-acidente-com-caminhao-tanque-na-rodovia-conego-domenico-rangoni<\/a><\/p>\n\n\n\n<p><a href=\"https:\/\/santaportal.com.br\/baixada\/mp-instaura-inquerito-para-apurar-responsabilidades-sobre-caminhao-tanque-que-explodiu-na-conego\">https:\/\/santaportal.com.br\/baixada\/mp-instaura-inquerito-para-apurar-responsabilidades-sobre-caminhao-tanque-que-explodiu-na-conego<\/a><\/p>\n\n\n\n<p><a href=\"https:\/\/canalcomq.com.br\/noticia\/1649\/mp-instaura-inquerito-civil-para-apurar-responsabilidades-e-os-danos-ambientais-do-acidente-com-caminhao-tanque-na-rodovia-conego-domenico-rangoni\">https:\/\/canalcomq.com.br\/noticia\/1649\/mp-instaura-inquerito-civil-para-apurar-responsabilidades-e-os-danos-ambientais-do-acidente-com-caminhao-tanque-na-rodovia-conego-domenico-rangoni<\/a><\/p>\n\n\n\n<p><a href=\"https:\/\/jornaldobelem.com.br\/noticia\/28519\/mp-instaura-inquerito-civil-para-apurar-responsabilidades-e-os-danos-ambientais-do-acidente-com-caminhao-tanque-na-rodovia-conego-domenico-rangoni\">https:\/\/jornaldobelem.com.br\/noticia\/28519\/mp-instaura-inquerito-civil-para-apurar-responsabilidades-e-os-danos-ambientais-do-acidente-com-caminhao-tanque-na-rodovia-conego-domenico-rangoni<\/a><\/p>\n\n\n\n<p><a href=\"https:\/\/gazetadepinheiros.com.br\/noticia\/7052\/mp-instaura-inquerito-civil-para-apurar-responsabilidades-e-os-danos-ambientais-do-acidente-com-caminhao-tanque-na-rodovia-conego-domenico-rangoni\">https:\/\/gazetadepinheiros.com.br\/noticia\/7052\/mp-instaura-inquerito-civil-para-apurar-responsabilidades-e-os-danos-ambientais-do-acidente-com-caminhao-tanque-na-rodovia-conego-domenico-rangoni<\/a><\/p>\n","protected":false},"excerpt":{"rendered":"<p>Ve\u00edculo transportando nafta explodiu e matou o motorista Promotora de Justi\u00e7a Almachia Zwarg Acerbi, do Grupo de Atua\u00e7\u00e3o Especial de Defesa do Meio Ambiente, do Minist\u00e9rio P\u00fablico de S\u00e3o Paulo, determinou a instaura\u00e7\u00e3o de um Inqu\u00e9rito Civil (IC) para averiguar eventuais danos ambientais decorrente do acidente rodovi\u00e1rio causado pelo tombamento de um caminh\u00e3o-tranque transportando nafta, [&hellip;]<\/p>\n","protected":false},"author":1,"featured_media":1257,"comment_status":"closed","ping_status":"closed","sticky":false,"template":"","format":"standard","meta":{"footnotes":""},"categories":[34],"tags":[156,119,154,158,157,155,160,100,83,106,159],"class_list":["post-1256","post","type-post","status-publish","format-standard","has-post-thumbnail","hentry","category-releases","tag-acidenterodoviario","tag-aguavivaguaruja","tag-caminhaotanque","tag-ecovias","tag-hpatransportadora","tag-inqueritocivil","tag-josemanoel","tag-meioambiente","tag-mpsp","tag-responsabilidadeambiental","tag-segurancarodoviaria"],"yoast_head":"<!-- This site is optimized with the Yoast SEO Premium plugin v26.7 (Yoast SEO v26.7) - https:\/\/yoast.com\/wordpress\/plugins\/seo\/ -->\n<title>MP instaura Inqu\u00e9rito Civil para apurar responsabilidades e os danos ambientais do acidente com caminh\u00e3o-tanque na Rodovia C\u00f4nego Dom\u00eanico Rangoni - AGUAVIVA<\/title>\n<meta name=\"description\" content=\"Promotora de Justi\u00e7a Almachia Zwarg Acerbi, do MP-SP, abre Inqu\u00e9rito Civil ap\u00f3s acidente com caminh\u00e3o-tanque na Rodovia C\u00f4nego Dom\u00eanico Rangoni. A investiga\u00e7\u00e3o abrange danos ambientais, falta de preparo e plano de a\u00e7\u00e3o, envolvendo a empresa HPA Transportadora e a concession\u00e1ria Ecovias.\" \/>\n<meta name=\"robots\" content=\"index, follow, max-snippet:-1, max-image-preview:large, max-video-preview:-1\" \/>\n<link rel=\"canonical\" href=\"https:\/\/guaruja.org.br\/aguaviva\/mp-instaura-inquerito-civil-para-apurar-responsabilidades-e-os-danos-ambientais-do-acidente-com-caminhao-tanque-na-rodovia-conego-domenico-rangoni\/\" \/>\n<meta property=\"og:locale\" content=\"pt_BR\" \/>\n<meta property=\"og:type\" content=\"article\" \/>\n<meta property=\"og:title\" content=\"MP instaura Inqu\u00e9rito Civil para apurar responsabilidades e os danos ambientais do acidente com caminh\u00e3o-tanque na Rodovia C\u00f4nego Dom\u00eanico Rangoni\" \/>\n<meta property=\"og:description\" content=\"Promotora de Justi\u00e7a Almachia Zwarg Acerbi, do MP-SP, abre Inqu\u00e9rito Civil ap\u00f3s acidente com caminh\u00e3o-tanque na Rodovia C\u00f4nego Dom\u00eanico Rangoni. A investiga\u00e7\u00e3o abrange danos ambientais, falta de preparo e plano de a\u00e7\u00e3o, envolvendo a empresa HPA Transportadora e a concession\u00e1ria Ecovias.\" \/>\n<meta property=\"og:url\" content=\"https:\/\/guaruja.org.br\/aguaviva\/mp-instaura-inquerito-civil-para-apurar-responsabilidades-e-os-danos-ambientais-do-acidente-com-caminhao-tanque-na-rodovia-conego-domenico-rangoni\/\" \/>\n<meta property=\"og:site_name\" content=\"AGUAVIVA\" \/>\n<meta property=\"article:publisher\" content=\"https:\/\/www.facebook.com\/guarujaaguaviva\" \/>\n<meta property=\"article:published_time\" content=\"2024-01-17T18:05:27+00:00\" \/>\n<meta property=\"article:modified_time\" content=\"2025-11-25T19:10:49+00:00\" \/>\n<meta property=\"og:image\" content=\"https:\/\/guaruja.org.br\/aguaviva\/wp-content\/uploads\/2024\/01\/gaema_caminha.png\" \/>\n\t<meta property=\"og:image:width\" content=\"745\" \/>\n\t<meta property=\"og:image:height\" content=\"545\" \/>\n\t<meta property=\"og:image:type\" content=\"image\/png\" \/>\n<meta name=\"author\" content=\"morgana\" \/>\n<meta name=\"twitter:card\" content=\"summary_large_image\" \/>\n<meta name=\"twitter:label1\" content=\"Escrito por\" \/>\n\t<meta name=\"twitter:data1\" content=\"morgana\" \/>\n\t<meta name=\"twitter:label2\" content=\"Est. tempo de leitura\" \/>\n\t<meta name=\"twitter:data2\" content=\"5 minutos\" \/>\n<script type=\"application\/ld+json\" class=\"yoast-schema-graph\">{\"@context\":\"https:\/\/schema.org\",\"@graph\":[{\"@type\":\"Article\",\"@id\":\"https:\/\/guaruja.org.br\/aguaviva\/mp-instaura-inquerito-civil-para-apurar-responsabilidades-e-os-danos-ambientais-do-acidente-com-caminhao-tanque-na-rodovia-conego-domenico-rangoni\/#article\",\"isPartOf\":{\"@id\":\"https:\/\/guaruja.org.br\/aguaviva\/mp-instaura-inquerito-civil-para-apurar-responsabilidades-e-os-danos-ambientais-do-acidente-com-caminhao-tanque-na-rodovia-conego-domenico-rangoni\/\"},\"author\":{\"name\":\"morgana\",\"@id\":\"https:\/\/guaruja.org.br\/aguaviva\/#\/schema\/person\/9eebcb3a8418982418c00d543a25aee4\"},\"headline\":\"MP instaura Inqu\u00e9rito Civil para apurar responsabilidades e os danos ambientais do acidente com caminh\u00e3o-tanque na Rodovia C\u00f4nego Dom\u00eanico Rangoni\",\"datePublished\":\"2024-01-17T18:05:27+00:00\",\"dateModified\":\"2025-11-25T19:10:49+00:00\",\"mainEntityOfPage\":{\"@id\":\"https:\/\/guaruja.org.br\/aguaviva\/mp-instaura-inquerito-civil-para-apurar-responsabilidades-e-os-danos-ambientais-do-acidente-com-caminhao-tanque-na-rodovia-conego-domenico-rangoni\/\"},\"wordCount\":919,\"publisher\":{\"@id\":\"https:\/\/guaruja.org.br\/aguaviva\/#organization\"},\"image\":{\"@id\":\"https:\/\/guaruja.org.br\/aguaviva\/mp-instaura-inquerito-civil-para-apurar-responsabilidades-e-os-danos-ambientais-do-acidente-com-caminhao-tanque-na-rodovia-conego-domenico-rangoni\/#primaryimage\"},\"thumbnailUrl\":\"https:\/\/guaruja.org.br\/aguaviva\/wp-content\/uploads\/2024\/01\/gaema_caminha.png\",\"keywords\":[\"AcidenteRodovi\u00e1rio\",\"aguavivaguaruja\",\"Caminh\u00e3oTanque\",\"Ecovias\",\"HPATransportadora\",\"Inqu\u00e9ritoCivil\",\"JOSEMANOEL\",\"MeioAmbiente\",\"mpsp\",\"RESPONSABILIDADEAMBIENTAL\",\"Seguran\u00e7aRodovi\u00e1ria\"],\"articleSection\":[\"Releases\"],\"inLanguage\":\"pt-BR\"},{\"@type\":\"WebPage\",\"@id\":\"https:\/\/guaruja.org.br\/aguaviva\/mp-instaura-inquerito-civil-para-apurar-responsabilidades-e-os-danos-ambientais-do-acidente-com-caminhao-tanque-na-rodovia-conego-domenico-rangoni\/\",\"url\":\"https:\/\/guaruja.org.br\/aguaviva\/mp-instaura-inquerito-civil-para-apurar-responsabilidades-e-os-danos-ambientais-do-acidente-com-caminhao-tanque-na-rodovia-conego-domenico-rangoni\/\",\"name\":\"MP instaura Inqu\u00e9rito Civil para apurar responsabilidades e os danos ambientais do acidente com caminh\u00e3o-tanque na Rodovia C\u00f4nego Dom\u00eanico Rangoni - AGUAVIVA\",\"isPartOf\":{\"@id\":\"https:\/\/guaruja.org.br\/aguaviva\/#website\"},\"primaryImageOfPage\":{\"@id\":\"https:\/\/guaruja.org.br\/aguaviva\/mp-instaura-inquerito-civil-para-apurar-responsabilidades-e-os-danos-ambientais-do-acidente-com-caminhao-tanque-na-rodovia-conego-domenico-rangoni\/#primaryimage\"},\"image\":{\"@id\":\"https:\/\/guaruja.org.br\/aguaviva\/mp-instaura-inquerito-civil-para-apurar-responsabilidades-e-os-danos-ambientais-do-acidente-com-caminhao-tanque-na-rodovia-conego-domenico-rangoni\/#primaryimage\"},\"thumbnailUrl\":\"https:\/\/guaruja.org.br\/aguaviva\/wp-content\/uploads\/2024\/01\/gaema_caminha.png\",\"datePublished\":\"2024-01-17T18:05:27+00:00\",\"dateModified\":\"2025-11-25T19:10:49+00:00\",\"description\":\"Promotora de Justi\u00e7a Almachia Zwarg Acerbi, do MP-SP, abre Inqu\u00e9rito Civil ap\u00f3s acidente com caminh\u00e3o-tanque na Rodovia C\u00f4nego Dom\u00eanico Rangoni. A investiga\u00e7\u00e3o abrange danos ambientais, falta de preparo e plano de a\u00e7\u00e3o, envolvendo a empresa HPA Transportadora e a concession\u00e1ria Ecovias.\",\"breadcrumb\":{\"@id\":\"https:\/\/guaruja.org.br\/aguaviva\/mp-instaura-inquerito-civil-para-apurar-responsabilidades-e-os-danos-ambientais-do-acidente-com-caminhao-tanque-na-rodovia-conego-domenico-rangoni\/#breadcrumb\"},\"inLanguage\":\"pt-BR\",\"potentialAction\":[{\"@type\":\"ReadAction\",\"target\":[\"https:\/\/guaruja.org.br\/aguaviva\/mp-instaura-inquerito-civil-para-apurar-responsabilidades-e-os-danos-ambientais-do-acidente-com-caminhao-tanque-na-rodovia-conego-domenico-rangoni\/\"]}]},{\"@type\":\"ImageObject\",\"inLanguage\":\"pt-BR\",\"@id\":\"https:\/\/guaruja.org.br\/aguaviva\/mp-instaura-inquerito-civil-para-apurar-responsabilidades-e-os-danos-ambientais-do-acidente-com-caminhao-tanque-na-rodovia-conego-domenico-rangoni\/#primaryimage\",\"url\":\"https:\/\/guaruja.org.br\/aguaviva\/wp-content\/uploads\/2024\/01\/gaema_caminha.png\",\"contentUrl\":\"https:\/\/guaruja.org.br\/aguaviva\/wp-content\/uploads\/2024\/01\/gaema_caminha.png\",\"width\":745,\"height\":545},{\"@type\":\"BreadcrumbList\",\"@id\":\"https:\/\/guaruja.org.br\/aguaviva\/mp-instaura-inquerito-civil-para-apurar-responsabilidades-e-os-danos-ambientais-do-acidente-com-caminhao-tanque-na-rodovia-conego-domenico-rangoni\/#breadcrumb\",\"itemListElement\":[{\"@type\":\"ListItem\",\"position\":1,\"name\":\"In\u00edcio\",\"item\":\"https:\/\/guaruja.org.br\/aguaviva\/\"},{\"@type\":\"ListItem\",\"position\":2,\"name\":\"MP instaura Inqu\u00e9rito Civil para apurar responsabilidades e os danos ambientais do acidente com caminh\u00e3o-tanque na Rodovia C\u00f4nego Dom\u00eanico Rangoni\"}]},{\"@type\":\"WebSite\",\"@id\":\"https:\/\/guaruja.org.br\/aguaviva\/#website\",\"url\":\"https:\/\/guaruja.org.br\/aguaviva\/\",\"name\":\"AGUAVIVA\",\"description\":\"Associa\u00e7\u00e3o Guaruj\u00e1 Viva\",\"publisher\":{\"@id\":\"https:\/\/guaruja.org.br\/aguaviva\/#organization\"},\"alternateName\":\"AGUAVIVA\",\"potentialAction\":[{\"@type\":\"SearchAction\",\"target\":{\"@type\":\"EntryPoint\",\"urlTemplate\":\"https:\/\/guaruja.org.br\/aguaviva\/?s={search_term_string}\"},\"query-input\":{\"@type\":\"PropertyValueSpecification\",\"valueRequired\":true,\"valueName\":\"search_term_string\"}}],\"inLanguage\":\"pt-BR\"},{\"@type\":\"Organization\",\"@id\":\"https:\/\/guaruja.org.br\/aguaviva\/#organization\",\"name\":\"AGUAVIVA\",\"alternateName\":\"AGUAVIVA\",\"url\":\"https:\/\/guaruja.org.br\/aguaviva\/\",\"logo\":{\"@type\":\"ImageObject\",\"inLanguage\":\"pt-BR\",\"@id\":\"https:\/\/guaruja.org.br\/aguaviva\/#\/schema\/logo\/image\/\",\"url\":\"https:\/\/guaruja.org.br\/aguaviva\/wp-content\/uploads\/2025\/03\/logo-aguaviva-horizontal.png\",\"contentUrl\":\"https:\/\/guaruja.org.br\/aguaviva\/wp-content\/uploads\/2025\/03\/logo-aguaviva-horizontal.png\",\"width\":3280,\"height\":1080,\"caption\":\"AGUAVIVA\"},\"image\":{\"@id\":\"https:\/\/guaruja.org.br\/aguaviva\/#\/schema\/logo\/image\/\"},\"sameAs\":[\"https:\/\/www.facebook.com\/guarujaaguaviva\",\"https:\/\/www.instagram.com\/aguavivaguaruja\/\"]},{\"@type\":\"Person\",\"@id\":\"https:\/\/guaruja.org.br\/aguaviva\/#\/schema\/person\/9eebcb3a8418982418c00d543a25aee4\",\"name\":\"morgana\",\"sameAs\":[\"https:\/\/guaruja.org.br\/aguaviva-02\"],\"url\":\"https:\/\/guaruja.org.br\/aguaviva\/author\/morgana\/\"}]}<\/script>\n<!-- \/ Yoast SEO Premium plugin. -->","yoast_head_json":{"title":"MP instaura Inqu\u00e9rito Civil para apurar responsabilidades e os danos ambientais do acidente com caminh\u00e3o-tanque na Rodovia C\u00f4nego Dom\u00eanico Rangoni - AGUAVIVA","description":"Promotora de Justi\u00e7a Almachia Zwarg Acerbi, do MP-SP, abre Inqu\u00e9rito Civil ap\u00f3s acidente com caminh\u00e3o-tanque na Rodovia C\u00f4nego Dom\u00eanico Rangoni. A investiga\u00e7\u00e3o abrange danos ambientais, falta de preparo e plano de a\u00e7\u00e3o, envolvendo a empresa HPA Transportadora e a concession\u00e1ria Ecovias.","robots":{"index":"index","follow":"follow","max-snippet":"max-snippet:-1","max-image-preview":"max-image-preview:large","max-video-preview":"max-video-preview:-1"},"canonical":"https:\/\/guaruja.org.br\/aguaviva\/mp-instaura-inquerito-civil-para-apurar-responsabilidades-e-os-danos-ambientais-do-acidente-com-caminhao-tanque-na-rodovia-conego-domenico-rangoni\/","og_locale":"pt_BR","og_type":"article","og_title":"MP instaura Inqu\u00e9rito Civil para apurar responsabilidades e os danos ambientais do acidente com caminh\u00e3o-tanque na Rodovia C\u00f4nego Dom\u00eanico Rangoni","og_description":"Promotora de Justi\u00e7a Almachia Zwarg Acerbi, do MP-SP, abre Inqu\u00e9rito Civil ap\u00f3s acidente com caminh\u00e3o-tanque na Rodovia C\u00f4nego Dom\u00eanico Rangoni. A investiga\u00e7\u00e3o abrange danos ambientais, falta de preparo e plano de a\u00e7\u00e3o, envolvendo a empresa HPA Transportadora e a concession\u00e1ria Ecovias.","og_url":"https:\/\/guaruja.org.br\/aguaviva\/mp-instaura-inquerito-civil-para-apurar-responsabilidades-e-os-danos-ambientais-do-acidente-com-caminhao-tanque-na-rodovia-conego-domenico-rangoni\/","og_site_name":"AGUAVIVA","article_publisher":"https:\/\/www.facebook.com\/guarujaaguaviva","article_published_time":"2024-01-17T18:05:27+00:00","article_modified_time":"2025-11-25T19:10:49+00:00","og_image":[{"width":745,"height":545,"url":"https:\/\/guaruja.org.br\/aguaviva\/wp-content\/uploads\/2024\/01\/gaema_caminha.png","type":"image\/png"}],"author":"morgana","twitter_card":"summary_large_image","twitter_misc":{"Escrito por":"morgana","Est. tempo de leitura":"5 minutos"},"schema":{"@context":"https:\/\/schema.org","@graph":[{"@type":"Article","@id":"https:\/\/guaruja.org.br\/aguaviva\/mp-instaura-inquerito-civil-para-apurar-responsabilidades-e-os-danos-ambientais-do-acidente-com-caminhao-tanque-na-rodovia-conego-domenico-rangoni\/#article","isPartOf":{"@id":"https:\/\/guaruja.org.br\/aguaviva\/mp-instaura-inquerito-civil-para-apurar-responsabilidades-e-os-danos-ambientais-do-acidente-com-caminhao-tanque-na-rodovia-conego-domenico-rangoni\/"},"author":{"name":"morgana","@id":"https:\/\/guaruja.org.br\/aguaviva\/#\/schema\/person\/9eebcb3a8418982418c00d543a25aee4"},"headline":"MP instaura Inqu\u00e9rito Civil para apurar responsabilidades e os danos ambientais do acidente com caminh\u00e3o-tanque na Rodovia C\u00f4nego Dom\u00eanico Rangoni","datePublished":"2024-01-17T18:05:27+00:00","dateModified":"2025-11-25T19:10:49+00:00","mainEntityOfPage":{"@id":"https:\/\/guaruja.org.br\/aguaviva\/mp-instaura-inquerito-civil-para-apurar-responsabilidades-e-os-danos-ambientais-do-acidente-com-caminhao-tanque-na-rodovia-conego-domenico-rangoni\/"},"wordCount":919,"publisher":{"@id":"https:\/\/guaruja.org.br\/aguaviva\/#organization"},"image":{"@id":"https:\/\/guaruja.org.br\/aguaviva\/mp-instaura-inquerito-civil-para-apurar-responsabilidades-e-os-danos-ambientais-do-acidente-com-caminhao-tanque-na-rodovia-conego-domenico-rangoni\/#primaryimage"},"thumbnailUrl":"https:\/\/guaruja.org.br\/aguaviva\/wp-content\/uploads\/2024\/01\/gaema_caminha.png","keywords":["AcidenteRodovi\u00e1rio","aguavivaguaruja","Caminh\u00e3oTanque","Ecovias","HPATransportadora","Inqu\u00e9ritoCivil","JOSEMANOEL","MeioAmbiente","mpsp","RESPONSABILIDADEAMBIENTAL","Seguran\u00e7aRodovi\u00e1ria"],"articleSection":["Releases"],"inLanguage":"pt-BR"},{"@type":"WebPage","@id":"https:\/\/guaruja.org.br\/aguaviva\/mp-instaura-inquerito-civil-para-apurar-responsabilidades-e-os-danos-ambientais-do-acidente-com-caminhao-tanque-na-rodovia-conego-domenico-rangoni\/","url":"https:\/\/guaruja.org.br\/aguaviva\/mp-instaura-inquerito-civil-para-apurar-responsabilidades-e-os-danos-ambientais-do-acidente-com-caminhao-tanque-na-rodovia-conego-domenico-rangoni\/","name":"MP instaura Inqu\u00e9rito Civil para apurar responsabilidades e os danos ambientais do acidente com caminh\u00e3o-tanque na Rodovia C\u00f4nego Dom\u00eanico Rangoni - AGUAVIVA","isPartOf":{"@id":"https:\/\/guaruja.org.br\/aguaviva\/#website"},"primaryImageOfPage":{"@id":"https:\/\/guaruja.org.br\/aguaviva\/mp-instaura-inquerito-civil-para-apurar-responsabilidades-e-os-danos-ambientais-do-acidente-com-caminhao-tanque-na-rodovia-conego-domenico-rangoni\/#primaryimage"},"image":{"@id":"https:\/\/guaruja.org.br\/aguaviva\/mp-instaura-inquerito-civil-para-apurar-responsabilidades-e-os-danos-ambientais-do-acidente-com-caminhao-tanque-na-rodovia-conego-domenico-rangoni\/#primaryimage"},"thumbnailUrl":"https:\/\/guaruja.org.br\/aguaviva\/wp-content\/uploads\/2024\/01\/gaema_caminha.png","datePublished":"2024-01-17T18:05:27+00:00","dateModified":"2025-11-25T19:10:49+00:00","description":"Promotora de Justi\u00e7a Almachia Zwarg Acerbi, do MP-SP, abre Inqu\u00e9rito Civil ap\u00f3s acidente com caminh\u00e3o-tanque na Rodovia C\u00f4nego Dom\u00eanico Rangoni. A investiga\u00e7\u00e3o abrange danos ambientais, falta de preparo e plano de a\u00e7\u00e3o, envolvendo a empresa HPA Transportadora e a concession\u00e1ria Ecovias.","breadcrumb":{"@id":"https:\/\/guaruja.org.br\/aguaviva\/mp-instaura-inquerito-civil-para-apurar-responsabilidades-e-os-danos-ambientais-do-acidente-com-caminhao-tanque-na-rodovia-conego-domenico-rangoni\/#breadcrumb"},"inLanguage":"pt-BR","potentialAction":[{"@type":"ReadAction","target":["https:\/\/guaruja.org.br\/aguaviva\/mp-instaura-inquerito-civil-para-apurar-responsabilidades-e-os-danos-ambientais-do-acidente-com-caminhao-tanque-na-rodovia-conego-domenico-rangoni\/"]}]},{"@type":"ImageObject","inLanguage":"pt-BR","@id":"https:\/\/guaruja.org.br\/aguaviva\/mp-instaura-inquerito-civil-para-apurar-responsabilidades-e-os-danos-ambientais-do-acidente-com-caminhao-tanque-na-rodovia-conego-domenico-rangoni\/#primaryimage","url":"https:\/\/guaruja.org.br\/aguaviva\/wp-content\/uploads\/2024\/01\/gaema_caminha.png","contentUrl":"https:\/\/guaruja.org.br\/aguaviva\/wp-content\/uploads\/2024\/01\/gaema_caminha.png","width":745,"height":545},{"@type":"BreadcrumbList","@id":"https:\/\/guaruja.org.br\/aguaviva\/mp-instaura-inquerito-civil-para-apurar-responsabilidades-e-os-danos-ambientais-do-acidente-com-caminhao-tanque-na-rodovia-conego-domenico-rangoni\/#breadcrumb","itemListElement":[{"@type":"ListItem","position":1,"name":"In\u00edcio","item":"https:\/\/guaruja.org.br\/aguaviva\/"},{"@type":"ListItem","position":2,"name":"MP instaura Inqu\u00e9rito Civil para apurar responsabilidades e os danos ambientais do acidente com caminh\u00e3o-tanque na Rodovia C\u00f4nego Dom\u00eanico Rangoni"}]},{"@type":"WebSite","@id":"https:\/\/guaruja.org.br\/aguaviva\/#website","url":"https:\/\/guaruja.org.br\/aguaviva\/","name":"AGUAVIVA","description":"Associa\u00e7\u00e3o Guaruj\u00e1 Viva","publisher":{"@id":"https:\/\/guaruja.org.br\/aguaviva\/#organization"},"alternateName":"AGUAVIVA","potentialAction":[{"@type":"SearchAction","target":{"@type":"EntryPoint","urlTemplate":"https:\/\/guaruja.org.br\/aguaviva\/?s={search_term_string}"},"query-input":{"@type":"PropertyValueSpecification","valueRequired":true,"valueName":"search_term_string"}}],"inLanguage":"pt-BR"},{"@type":"Organization","@id":"https:\/\/guaruja.org.br\/aguaviva\/#organization","name":"AGUAVIVA","alternateName":"AGUAVIVA","url":"https:\/\/guaruja.org.br\/aguaviva\/","logo":{"@type":"ImageObject","inLanguage":"pt-BR","@id":"https:\/\/guaruja.org.br\/aguaviva\/#\/schema\/logo\/image\/","url":"https:\/\/guaruja.org.br\/aguaviva\/wp-content\/uploads\/2025\/03\/logo-aguaviva-horizontal.png","contentUrl":"https:\/\/guaruja.org.br\/aguaviva\/wp-content\/uploads\/2025\/03\/logo-aguaviva-horizontal.png","width":3280,"height":1080,"caption":"AGUAVIVA"},"image":{"@id":"https:\/\/guaruja.org.br\/aguaviva\/#\/schema\/logo\/image\/"},"sameAs":["https:\/\/www.facebook.com\/guarujaaguaviva","https:\/\/www.instagram.com\/aguavivaguaruja\/"]},{"@type":"Person","@id":"https:\/\/guaruja.org.br\/aguaviva\/#\/schema\/person\/9eebcb3a8418982418c00d543a25aee4","name":"morgana","sameAs":["https:\/\/guaruja.org.br\/aguaviva-02"],"url":"https:\/\/guaruja.org.br\/aguaviva\/author\/morgana\/"}]}},"_links":{"self":[{"href":"https:\/\/guaruja.org.br\/aguaviva\/wp-json\/wp\/v2\/posts\/1256","targetHints":{"allow":["GET"]}}],"collection":[{"href":"https:\/\/guaruja.org.br\/aguaviva\/wp-json\/wp\/v2\/posts"}],"about":[{"href":"https:\/\/guaruja.org.br\/aguaviva\/wp-json\/wp\/v2\/types\/post"}],"author":[{"embeddable":true,"href":"https:\/\/guaruja.org.br\/aguaviva\/wp-json\/wp\/v2\/users\/1"}],"replies":[{"embeddable":true,"href":"https:\/\/guaruja.org.br\/aguaviva\/wp-json\/wp\/v2\/comments?post=1256"}],"version-history":[{"count":9,"href":"https:\/\/guaruja.org.br\/aguaviva\/wp-json\/wp\/v2\/posts\/1256\/revisions"}],"predecessor-version":[{"id":1285,"href":"https:\/\/guaruja.org.br\/aguaviva\/wp-json\/wp\/v2\/posts\/1256\/revisions\/1285"}],"wp:featuredmedia":[{"embeddable":true,"href":"https:\/\/guaruja.org.br\/aguaviva\/wp-json\/wp\/v2\/media\/1257"}],"wp:attachment":[{"href":"https:\/\/guaruja.org.br\/aguaviva\/wp-json\/wp\/v2\/media?parent=1256"}],"wp:term":[{"taxonomy":"category","embeddable":true,"href":"https:\/\/guaruja.org.br\/aguaviva\/wp-json\/wp\/v2\/categories?post=1256"},{"taxonomy":"post_tag","embeddable":true,"href":"https:\/\/guaruja.org.br\/aguaviva\/wp-json\/wp\/v2\/tags?post=1256"}],"curies":[{"name":"wp","href":"https:\/\/api.w.org\/{rel}","templated":true}]}}