{"id":1358,"date":"2024-02-08T11:34:08","date_gmt":"2024-02-08T14:34:08","guid":{"rendered":"https:\/\/guaruja.org.br\/aguaviva\/?p=1358"},"modified":"2024-02-08T11:44:59","modified_gmt":"2024-02-08T14:44:59","slug":"preservacao-e-folia-o-desafio-do-carnaval-no-forte-itapema","status":"publish","type":"post","link":"https:\/\/guaruja.org.br\/aguaviva\/preservacao-e-folia-o-desafio-do-carnaval-no-forte-itapema\/","title":{"rendered":"Preserva\u00e7\u00e3o e Folia: O Desafio do Carnaval no Forte Itapema"},"content":{"rendered":"\n<p class=\"has-text-align-right\"><em><strong>*Por Jos\u00e9 Manoel Ferreira Gon\u00e7alves<\/strong><\/em><\/p>\n\n\n\n<h3 class=\"wp-block-heading\"><strong>Carnaval no Guaruj\u00e1: Celebra\u00e7\u00e3o Hist\u00f3rica e Contempor\u00e2nea<\/strong><\/h3>\n\n\n\n<p>Como cidad\u00e3o e presidente da AGUAVIVA, encaro o carnaval n\u00e3o apenas como uma festa, mas como uma institui\u00e7\u00e3o cultural fundamentada em s\u00e9culos de tradi\u00e7\u00e3o, que oferece aos povos, por interm\u00e9dio de governos e inclusive institui\u00e7\u00f5es religiosas de todas as eras, a oportunidade de express\u00e3o e celebra\u00e7\u00e3o coletiva. No Guaruj\u00e1, um munic\u00edpio rico em cultura e hist\u00f3ria, o carnaval deve ser n\u00e3o apenas vivido, mas tamb\u00e9m avivado e elevado em seu valor cultural. Ele representa um momento em que a comunidade se une numa alegria contagiante, uma experi\u00eancia vivida por muitos como um direito inalien\u00e1vel.<\/p>\n\n\n\n<h3 class=\"wp-block-heading\"><strong>Responsabilidade Cultural: A Voz da AGUAVIVA<\/strong><\/h3>\n\n\n\n<p>Contudo, vivemos hoje um ponto de inflex\u00e3o, onde tal celebra\u00e7\u00e3o entra em conflito com a preserva\u00e7\u00e3o de nossa heran\u00e7a cultural. Como exposto em um documento oficial apresentado pela AGUAVIVA, vem \u00e0 tona a preocupa\u00e7\u00e3o com o &#8220;BARBAFEST GUARUJ\u00c1&#8221;, um evento previsto para ocorrer nas depend\u00eancias do Forte Itapema, patrim\u00f4nio hist\u00f3rico de imenso valor. Este emblem\u00e1tico monumento, datado do per\u00edodo colonial e localizado no distrito de Vicente de Carvalho, caracteriza-se como um marco cultural e um fator fundamental na identidade de nosso munic\u00edpio.<\/p>\n\n\n\n<h3 class=\"wp-block-heading\"><strong>Preserva\u00e7\u00e3o Hist\u00f3rica versus Festejos Modernos<\/strong><\/h3>\n\n\n\n<p>O carnaval \u00e9 uma manifesta\u00e7\u00e3o de liberdade, no entanto, a liberdade n\u00e3o pode existir sem responsabilidade. A AGUAVIVA busca assegurar que o legado e os valores intr\u00ednsecos ao Forte Itapema sejam mantidos intactos, sublinhando que certos espa\u00e7os hist\u00f3ricos exigem um cuidado especial durante eventos de grande magnitude. Como manifestado no documento oficial dirigido ao IPHAN, quest\u00f5es cruciais devem ser levantadas: os planejadores do evento entregaram um pr\u00e9-projeto que garanta a preserva\u00e7\u00e3o hist\u00f3rica? Quais os procedimentos para garantir a seguran\u00e7a estrutural da edifica\u00e7\u00e3o e a salvaguarda do patrim\u00f4nio durante o evento?<\/p>\n\n\n\n<h3 class=\"wp-block-heading\"><strong>O Compromisso da AGUAVIVA com o Futuro Cultural<\/strong><\/h3>\n\n\n\n<p>A AGUAVIVA se posiciona firmemente quanto \u00e0 necessidade de di\u00e1logo e a\u00e7\u00e3o imediata para conciliar as festividades com a preserva\u00e7\u00e3o hist\u00f3rica. O valor de eventos como o carnaval e o &#8220;BARBAFEST GUARUJ\u00c1&#8221; \u00e9 reconhecido, mas n\u00e3o pode, sob nenhuma circunst\u00e2ncia, suplantar ou colocar em risco o patrim\u00f4nio hist\u00f3rico. O Instituto do Patrim\u00f4nio Hist\u00f3rico e Art\u00edstico Nacional (IPHAN) \u00e9 chamado a cumprir seu papel essencial como guardi\u00e3o da mem\u00f3ria e da integridade cultural, assegurando que qualquer atividade desenvolvida no Forte Itapema esteja em pleno alinhamento com os princ\u00edpios de conserva\u00e7\u00e3o.<\/p>\n\n\n\n<h3 class=\"wp-block-heading\"><strong>Transpar\u00eancia e Democracia em Defesa da Cultura<\/strong><\/h3>\n\n\n\n<p>Por meio de um apelo ao IPHAN e \u00e0 sociedade, a AGUAVIVA sublinha a import\u00e2ncia da transpar\u00eancia total, da participa\u00e7\u00e3o democr\u00e1tica e da promo\u00e7\u00e3o dos direitos difusos dos cidad\u00e3os. A cultura, a hist\u00f3ria e a mem\u00f3ria da cidade de Guaruj\u00e1 s\u00e3o patrim\u00f4nios insubstitu\u00edveis da comunidade, e preserv\u00e1-los \u00e9 um ato de respeito \u00e0s gera\u00e7\u00f5es presentes e futuras. Nem a anima\u00e7\u00e3o do carnaval nem o entusiasmo que acompanha eventos contempor\u00e2neos podem nublar esse compromisso.<\/p>\n\n\n\n<h3 class=\"wp-block-heading\"><strong>Encontrando Equil\u00edbrio para o Legado do Guaruj\u00e1<\/strong><\/h3>\n\n\n\n<p>Feliz \u00e9 a cidade que pode saborear a alegria do carnaval sem sacrificar os monumentos que contam sua hist\u00f3ria. O debate em torno do &#8220;BARBAFEST GUARUJ\u00c1&#8221; projeta uma mensagem maior de conscientiza\u00e7\u00e3o e reflex\u00e3o para os cidad\u00e3os do Guaruj\u00e1. \u00c9 uma oportunidade para reconhecer a import\u00e2ncia de proteger os espa\u00e7os que nos conectam ao passado enquanto avan\u00e7amos pelas sendas do futuro, buscando um terreno comum onde celebra\u00e7\u00e3o e conserva\u00e7\u00e3o possam coexistir em harmonia. A AGUAVIVA compromete-se a manter essa vis\u00e3o viva, mantendo o carnaval do Guaruj\u00e1 como uma for\u00e7a vital e positiva na comunidade, sem nunca esquecer que somos, todos n\u00f3s, portadores e guardi\u00f5es de um legado inestim\u00e1vel.<\/p>\n\n\n\n<p>Jos\u00e9 Manoel Ferreira Gon\u00e7alves \u00e9 engenheiro, jornalista, escritor e advogado. Presidente da \u00c1gua-Viva, Associa\u00e7\u00e3o Guaruj\u00e1 Viva e da Ferrofrente, Frente Nacional pela Volta das Ferrovias.<\/p>\n\n\n\n<p><\/p>\n\n\n\n<p><\/p>\n","protected":false},"excerpt":{"rendered":"<p>*Por Jos\u00e9 Manoel Ferreira Gon\u00e7alves Carnaval no Guaruj\u00e1: Celebra\u00e7\u00e3o Hist\u00f3rica e Contempor\u00e2nea Como cidad\u00e3o e presidente da AGUAVIVA, encaro o carnaval n\u00e3o apenas como uma festa, mas como uma institui\u00e7\u00e3o cultural fundamentada em s\u00e9culos de tradi\u00e7\u00e3o, que oferece aos povos, por interm\u00e9dio de governos e inclusive institui\u00e7\u00f5es religiosas de todas as eras, a oportunidade de [&hellip;]<\/p>\n","protected":false},"author":1,"featured_media":1361,"comment_status":"closed","ping_status":"closed","sticky":true,"template":"","format":"standard","meta":{"footnotes":""},"categories":[9],"tags":[21,256,253,258,255,12,87,257,92,254],"class_list":["post-1358","post","type-post","status-publish","format-standard","has-post-thumbnail","hentry","category-artigos","tag-aguaviva","tag-barbafest","tag-carnaval","tag-direitosculturais","tag-forteitapema","tag-guaruja","tag-iphan","tag-participacaodemocratica","tag-patrimoniohistorico","tag-preservacaocultural"],"yoast_head":"<!-- This site is optimized with the Yoast SEO Premium plugin v26.7 (Yoast SEO v26.7) - https:\/\/yoast.com\/wordpress\/plugins\/seo\/ -->\n<title>Preserva\u00e7\u00e3o e Folia: O Desafio do Carnaval no Forte Itapema - AGUAVIVA<\/title>\n<meta name=\"description\" content=\"Jos\u00e9 Manoel, presidente da AGUAVIVA, ressalta a import\u00e2ncia do carnaval no Guaruj\u00e1 e destaca a necessidade urgente de preservar o patrim\u00f4nio hist\u00f3rico frente aos novos desafios\" \/>\n<meta name=\"robots\" content=\"index, follow, max-snippet:-1, max-image-preview:large, max-video-preview:-1\" \/>\n<link rel=\"canonical\" href=\"https:\/\/guaruja.org.br\/aguaviva\/preservacao-e-folia-o-desafio-do-carnaval-no-forte-itapema\/\" \/>\n<meta property=\"og:locale\" content=\"pt_BR\" \/>\n<meta property=\"og:type\" content=\"article\" \/>\n<meta property=\"og:title\" content=\"Preserva\u00e7\u00e3o e Folia: O Desafio do Carnaval no Forte Itapema\" \/>\n<meta property=\"og:description\" content=\"Jos\u00e9 Manoel, presidente da AGUAVIVA, ressalta a import\u00e2ncia do carnaval no Guaruj\u00e1 e destaca a necessidade urgente de preservar o patrim\u00f4nio hist\u00f3rico frente aos novos desafios\" \/>\n<meta property=\"og:url\" content=\"https:\/\/guaruja.org.br\/aguaviva\/preservacao-e-folia-o-desafio-do-carnaval-no-forte-itapema\/\" \/>\n<meta property=\"og:site_name\" content=\"AGUAVIVA\" \/>\n<meta property=\"article:publisher\" content=\"https:\/\/www.facebook.com\/guarujaaguaviva\" \/>\n<meta property=\"article:published_time\" content=\"2024-02-08T14:34:08+00:00\" \/>\n<meta property=\"article:modified_time\" content=\"2024-02-08T14:44:59+00:00\" \/>\n<meta property=\"og:image\" content=\"https:\/\/guaruja.org.br\/aguaviva\/wp-content\/uploads\/2024\/02\/Forte-da-Vera-Cruz-do-Itapema-2.jpg\" \/>\n\t<meta property=\"og:image:width\" content=\"1024\" \/>\n\t<meta property=\"og:image:height\" content=\"682\" \/>\n\t<meta property=\"og:image:type\" content=\"image\/jpeg\" \/>\n<meta name=\"author\" content=\"morgana\" \/>\n<meta name=\"twitter:card\" content=\"summary_large_image\" \/>\n<meta name=\"twitter:label1\" content=\"Escrito por\" \/>\n\t<meta name=\"twitter:data1\" content=\"morgana\" \/>\n\t<meta name=\"twitter:label2\" content=\"Est. tempo de leitura\" \/>\n\t<meta name=\"twitter:data2\" content=\"4 minutos\" \/>\n<script type=\"application\/ld+json\" class=\"yoast-schema-graph\">{\"@context\":\"https:\/\/schema.org\",\"@graph\":[{\"@type\":\"Article\",\"@id\":\"https:\/\/guaruja.org.br\/aguaviva\/preservacao-e-folia-o-desafio-do-carnaval-no-forte-itapema\/#article\",\"isPartOf\":{\"@id\":\"https:\/\/guaruja.org.br\/aguaviva\/preservacao-e-folia-o-desafio-do-carnaval-no-forte-itapema\/\"},\"author\":{\"name\":\"morgana\",\"@id\":\"https:\/\/guaruja.org.br\/aguaviva\/#\/schema\/person\/9eebcb3a8418982418c00d543a25aee4\"},\"headline\":\"Preserva\u00e7\u00e3o e Folia: O Desafio do Carnaval no Forte Itapema\",\"datePublished\":\"2024-02-08T14:34:08+00:00\",\"dateModified\":\"2024-02-08T14:44:59+00:00\",\"mainEntityOfPage\":{\"@id\":\"https:\/\/guaruja.org.br\/aguaviva\/preservacao-e-folia-o-desafio-do-carnaval-no-forte-itapema\/\"},\"wordCount\":699,\"publisher\":{\"@id\":\"https:\/\/guaruja.org.br\/aguaviva\/#organization\"},\"image\":{\"@id\":\"https:\/\/guaruja.org.br\/aguaviva\/preservacao-e-folia-o-desafio-do-carnaval-no-forte-itapema\/#primaryimage\"},\"thumbnailUrl\":\"https:\/\/guaruja.org.br\/aguaviva\/wp-content\/uploads\/2024\/02\/Forte-da-Vera-Cruz-do-Itapema-2.jpg\",\"keywords\":[\"aguaviva\",\"BARBAFEST\",\"Carnaval\",\"DireitosCulturais\",\"ForteItapema\",\"guaruja\",\"iphan\",\"ParticipacaoDemocr\u00e1tica\",\"PATRIMONIOHISTORICO\",\"PreservacaoCultural\"],\"articleSection\":[\"Artigos\"],\"inLanguage\":\"pt-BR\"},{\"@type\":\"WebPage\",\"@id\":\"https:\/\/guaruja.org.br\/aguaviva\/preservacao-e-folia-o-desafio-do-carnaval-no-forte-itapema\/\",\"url\":\"https:\/\/guaruja.org.br\/aguaviva\/preservacao-e-folia-o-desafio-do-carnaval-no-forte-itapema\/\",\"name\":\"Preserva\u00e7\u00e3o e Folia: O Desafio do Carnaval no Forte Itapema - AGUAVIVA\",\"isPartOf\":{\"@id\":\"https:\/\/guaruja.org.br\/aguaviva\/#website\"},\"primaryImageOfPage\":{\"@id\":\"https:\/\/guaruja.org.br\/aguaviva\/preservacao-e-folia-o-desafio-do-carnaval-no-forte-itapema\/#primaryimage\"},\"image\":{\"@id\":\"https:\/\/guaruja.org.br\/aguaviva\/preservacao-e-folia-o-desafio-do-carnaval-no-forte-itapema\/#primaryimage\"},\"thumbnailUrl\":\"https:\/\/guaruja.org.br\/aguaviva\/wp-content\/uploads\/2024\/02\/Forte-da-Vera-Cruz-do-Itapema-2.jpg\",\"datePublished\":\"2024-02-08T14:34:08+00:00\",\"dateModified\":\"2024-02-08T14:44:59+00:00\",\"description\":\"Jos\u00e9 Manoel, presidente da AGUAVIVA, ressalta a import\u00e2ncia do carnaval no Guaruj\u00e1 e destaca a necessidade urgente de preservar o patrim\u00f4nio hist\u00f3rico frente aos novos desafios\",\"breadcrumb\":{\"@id\":\"https:\/\/guaruja.org.br\/aguaviva\/preservacao-e-folia-o-desafio-do-carnaval-no-forte-itapema\/#breadcrumb\"},\"inLanguage\":\"pt-BR\",\"potentialAction\":[{\"@type\":\"ReadAction\",\"target\":[\"https:\/\/guaruja.org.br\/aguaviva\/preservacao-e-folia-o-desafio-do-carnaval-no-forte-itapema\/\"]}]},{\"@type\":\"ImageObject\",\"inLanguage\":\"pt-BR\",\"@id\":\"https:\/\/guaruja.org.br\/aguaviva\/preservacao-e-folia-o-desafio-do-carnaval-no-forte-itapema\/#primaryimage\",\"url\":\"https:\/\/guaruja.org.br\/aguaviva\/wp-content\/uploads\/2024\/02\/Forte-da-Vera-Cruz-do-Itapema-2.jpg\",\"contentUrl\":\"https:\/\/guaruja.org.br\/aguaviva\/wp-content\/uploads\/2024\/02\/Forte-da-Vera-Cruz-do-Itapema-2.jpg\",\"width\":1024,\"height\":682},{\"@type\":\"BreadcrumbList\",\"@id\":\"https:\/\/guaruja.org.br\/aguaviva\/preservacao-e-folia-o-desafio-do-carnaval-no-forte-itapema\/#breadcrumb\",\"itemListElement\":[{\"@type\":\"ListItem\",\"position\":1,\"name\":\"In\u00edcio\",\"item\":\"https:\/\/guaruja.org.br\/aguaviva\/\"},{\"@type\":\"ListItem\",\"position\":2,\"name\":\"Preserva\u00e7\u00e3o e Folia: O Desafio do Carnaval no Forte Itapema\"}]},{\"@type\":\"WebSite\",\"@id\":\"https:\/\/guaruja.org.br\/aguaviva\/#website\",\"url\":\"https:\/\/guaruja.org.br\/aguaviva\/\",\"name\":\"AGUAVIVA\",\"description\":\"Associa\u00e7\u00e3o Guaruj\u00e1 Viva\",\"publisher\":{\"@id\":\"https:\/\/guaruja.org.br\/aguaviva\/#organization\"},\"alternateName\":\"AGUAVIVA\",\"potentialAction\":[{\"@type\":\"SearchAction\",\"target\":{\"@type\":\"EntryPoint\",\"urlTemplate\":\"https:\/\/guaruja.org.br\/aguaviva\/?s={search_term_string}\"},\"query-input\":{\"@type\":\"PropertyValueSpecification\",\"valueRequired\":true,\"valueName\":\"search_term_string\"}}],\"inLanguage\":\"pt-BR\"},{\"@type\":\"Organization\",\"@id\":\"https:\/\/guaruja.org.br\/aguaviva\/#organization\",\"name\":\"AGUAVIVA\",\"alternateName\":\"AGUAVIVA\",\"url\":\"https:\/\/guaruja.org.br\/aguaviva\/\",\"logo\":{\"@type\":\"ImageObject\",\"inLanguage\":\"pt-BR\",\"@id\":\"https:\/\/guaruja.org.br\/aguaviva\/#\/schema\/logo\/image\/\",\"url\":\"https:\/\/guaruja.org.br\/aguaviva\/wp-content\/uploads\/2025\/03\/logo-aguaviva-horizontal.png\",\"contentUrl\":\"https:\/\/guaruja.org.br\/aguaviva\/wp-content\/uploads\/2025\/03\/logo-aguaviva-horizontal.png\",\"width\":3280,\"height\":1080,\"caption\":\"AGUAVIVA\"},\"image\":{\"@id\":\"https:\/\/guaruja.org.br\/aguaviva\/#\/schema\/logo\/image\/\"},\"sameAs\":[\"https:\/\/www.facebook.com\/guarujaaguaviva\",\"https:\/\/www.instagram.com\/aguavivaguaruja\/\"]},{\"@type\":\"Person\",\"@id\":\"https:\/\/guaruja.org.br\/aguaviva\/#\/schema\/person\/9eebcb3a8418982418c00d543a25aee4\",\"name\":\"morgana\",\"sameAs\":[\"https:\/\/guaruja.org.br\/aguaviva-02\"],\"url\":\"https:\/\/guaruja.org.br\/aguaviva\/author\/morgana\/\"}]}<\/script>\n<!-- \/ Yoast SEO Premium plugin. -->","yoast_head_json":{"title":"Preserva\u00e7\u00e3o e Folia: O Desafio do Carnaval no Forte Itapema - AGUAVIVA","description":"Jos\u00e9 Manoel, presidente da AGUAVIVA, ressalta a import\u00e2ncia do carnaval no Guaruj\u00e1 e destaca a necessidade urgente de preservar o patrim\u00f4nio hist\u00f3rico frente aos novos desafios","robots":{"index":"index","follow":"follow","max-snippet":"max-snippet:-1","max-image-preview":"max-image-preview:large","max-video-preview":"max-video-preview:-1"},"canonical":"https:\/\/guaruja.org.br\/aguaviva\/preservacao-e-folia-o-desafio-do-carnaval-no-forte-itapema\/","og_locale":"pt_BR","og_type":"article","og_title":"Preserva\u00e7\u00e3o e Folia: O Desafio do Carnaval no Forte Itapema","og_description":"Jos\u00e9 Manoel, presidente da AGUAVIVA, ressalta a import\u00e2ncia do carnaval no Guaruj\u00e1 e destaca a necessidade urgente de preservar o patrim\u00f4nio hist\u00f3rico frente aos novos desafios","og_url":"https:\/\/guaruja.org.br\/aguaviva\/preservacao-e-folia-o-desafio-do-carnaval-no-forte-itapema\/","og_site_name":"AGUAVIVA","article_publisher":"https:\/\/www.facebook.com\/guarujaaguaviva","article_published_time":"2024-02-08T14:34:08+00:00","article_modified_time":"2024-02-08T14:44:59+00:00","og_image":[{"width":1024,"height":682,"url":"https:\/\/guaruja.org.br\/aguaviva\/wp-content\/uploads\/2024\/02\/Forte-da-Vera-Cruz-do-Itapema-2.jpg","type":"image\/jpeg"}],"author":"morgana","twitter_card":"summary_large_image","twitter_misc":{"Escrito por":"morgana","Est. tempo de leitura":"4 minutos"},"schema":{"@context":"https:\/\/schema.org","@graph":[{"@type":"Article","@id":"https:\/\/guaruja.org.br\/aguaviva\/preservacao-e-folia-o-desafio-do-carnaval-no-forte-itapema\/#article","isPartOf":{"@id":"https:\/\/guaruja.org.br\/aguaviva\/preservacao-e-folia-o-desafio-do-carnaval-no-forte-itapema\/"},"author":{"name":"morgana","@id":"https:\/\/guaruja.org.br\/aguaviva\/#\/schema\/person\/9eebcb3a8418982418c00d543a25aee4"},"headline":"Preserva\u00e7\u00e3o e Folia: O Desafio do Carnaval no Forte Itapema","datePublished":"2024-02-08T14:34:08+00:00","dateModified":"2024-02-08T14:44:59+00:00","mainEntityOfPage":{"@id":"https:\/\/guaruja.org.br\/aguaviva\/preservacao-e-folia-o-desafio-do-carnaval-no-forte-itapema\/"},"wordCount":699,"publisher":{"@id":"https:\/\/guaruja.org.br\/aguaviva\/#organization"},"image":{"@id":"https:\/\/guaruja.org.br\/aguaviva\/preservacao-e-folia-o-desafio-do-carnaval-no-forte-itapema\/#primaryimage"},"thumbnailUrl":"https:\/\/guaruja.org.br\/aguaviva\/wp-content\/uploads\/2024\/02\/Forte-da-Vera-Cruz-do-Itapema-2.jpg","keywords":["aguaviva","BARBAFEST","Carnaval","DireitosCulturais","ForteItapema","guaruja","iphan","ParticipacaoDemocr\u00e1tica","PATRIMONIOHISTORICO","PreservacaoCultural"],"articleSection":["Artigos"],"inLanguage":"pt-BR"},{"@type":"WebPage","@id":"https:\/\/guaruja.org.br\/aguaviva\/preservacao-e-folia-o-desafio-do-carnaval-no-forte-itapema\/","url":"https:\/\/guaruja.org.br\/aguaviva\/preservacao-e-folia-o-desafio-do-carnaval-no-forte-itapema\/","name":"Preserva\u00e7\u00e3o e Folia: O Desafio do Carnaval no Forte Itapema - AGUAVIVA","isPartOf":{"@id":"https:\/\/guaruja.org.br\/aguaviva\/#website"},"primaryImageOfPage":{"@id":"https:\/\/guaruja.org.br\/aguaviva\/preservacao-e-folia-o-desafio-do-carnaval-no-forte-itapema\/#primaryimage"},"image":{"@id":"https:\/\/guaruja.org.br\/aguaviva\/preservacao-e-folia-o-desafio-do-carnaval-no-forte-itapema\/#primaryimage"},"thumbnailUrl":"https:\/\/guaruja.org.br\/aguaviva\/wp-content\/uploads\/2024\/02\/Forte-da-Vera-Cruz-do-Itapema-2.jpg","datePublished":"2024-02-08T14:34:08+00:00","dateModified":"2024-02-08T14:44:59+00:00","description":"Jos\u00e9 Manoel, presidente da AGUAVIVA, ressalta a import\u00e2ncia do carnaval no Guaruj\u00e1 e destaca a necessidade urgente de preservar o patrim\u00f4nio hist\u00f3rico frente aos novos desafios","breadcrumb":{"@id":"https:\/\/guaruja.org.br\/aguaviva\/preservacao-e-folia-o-desafio-do-carnaval-no-forte-itapema\/#breadcrumb"},"inLanguage":"pt-BR","potentialAction":[{"@type":"ReadAction","target":["https:\/\/guaruja.org.br\/aguaviva\/preservacao-e-folia-o-desafio-do-carnaval-no-forte-itapema\/"]}]},{"@type":"ImageObject","inLanguage":"pt-BR","@id":"https:\/\/guaruja.org.br\/aguaviva\/preservacao-e-folia-o-desafio-do-carnaval-no-forte-itapema\/#primaryimage","url":"https:\/\/guaruja.org.br\/aguaviva\/wp-content\/uploads\/2024\/02\/Forte-da-Vera-Cruz-do-Itapema-2.jpg","contentUrl":"https:\/\/guaruja.org.br\/aguaviva\/wp-content\/uploads\/2024\/02\/Forte-da-Vera-Cruz-do-Itapema-2.jpg","width":1024,"height":682},{"@type":"BreadcrumbList","@id":"https:\/\/guaruja.org.br\/aguaviva\/preservacao-e-folia-o-desafio-do-carnaval-no-forte-itapema\/#breadcrumb","itemListElement":[{"@type":"ListItem","position":1,"name":"In\u00edcio","item":"https:\/\/guaruja.org.br\/aguaviva\/"},{"@type":"ListItem","position":2,"name":"Preserva\u00e7\u00e3o e Folia: O Desafio do Carnaval no Forte Itapema"}]},{"@type":"WebSite","@id":"https:\/\/guaruja.org.br\/aguaviva\/#website","url":"https:\/\/guaruja.org.br\/aguaviva\/","name":"AGUAVIVA","description":"Associa\u00e7\u00e3o Guaruj\u00e1 Viva","publisher":{"@id":"https:\/\/guaruja.org.br\/aguaviva\/#organization"},"alternateName":"AGUAVIVA","potentialAction":[{"@type":"SearchAction","target":{"@type":"EntryPoint","urlTemplate":"https:\/\/guaruja.org.br\/aguaviva\/?s={search_term_string}"},"query-input":{"@type":"PropertyValueSpecification","valueRequired":true,"valueName":"search_term_string"}}],"inLanguage":"pt-BR"},{"@type":"Organization","@id":"https:\/\/guaruja.org.br\/aguaviva\/#organization","name":"AGUAVIVA","alternateName":"AGUAVIVA","url":"https:\/\/guaruja.org.br\/aguaviva\/","logo":{"@type":"ImageObject","inLanguage":"pt-BR","@id":"https:\/\/guaruja.org.br\/aguaviva\/#\/schema\/logo\/image\/","url":"https:\/\/guaruja.org.br\/aguaviva\/wp-content\/uploads\/2025\/03\/logo-aguaviva-horizontal.png","contentUrl":"https:\/\/guaruja.org.br\/aguaviva\/wp-content\/uploads\/2025\/03\/logo-aguaviva-horizontal.png","width":3280,"height":1080,"caption":"AGUAVIVA"},"image":{"@id":"https:\/\/guaruja.org.br\/aguaviva\/#\/schema\/logo\/image\/"},"sameAs":["https:\/\/www.facebook.com\/guarujaaguaviva","https:\/\/www.instagram.com\/aguavivaguaruja\/"]},{"@type":"Person","@id":"https:\/\/guaruja.org.br\/aguaviva\/#\/schema\/person\/9eebcb3a8418982418c00d543a25aee4","name":"morgana","sameAs":["https:\/\/guaruja.org.br\/aguaviva-02"],"url":"https:\/\/guaruja.org.br\/aguaviva\/author\/morgana\/"}]}},"_links":{"self":[{"href":"https:\/\/guaruja.org.br\/aguaviva\/wp-json\/wp\/v2\/posts\/1358","targetHints":{"allow":["GET"]}}],"collection":[{"href":"https:\/\/guaruja.org.br\/aguaviva\/wp-json\/wp\/v2\/posts"}],"about":[{"href":"https:\/\/guaruja.org.br\/aguaviva\/wp-json\/wp\/v2\/types\/post"}],"author":[{"embeddable":true,"href":"https:\/\/guaruja.org.br\/aguaviva\/wp-json\/wp\/v2\/users\/1"}],"replies":[{"embeddable":true,"href":"https:\/\/guaruja.org.br\/aguaviva\/wp-json\/wp\/v2\/comments?post=1358"}],"version-history":[{"count":1,"href":"https:\/\/guaruja.org.br\/aguaviva\/wp-json\/wp\/v2\/posts\/1358\/revisions"}],"predecessor-version":[{"id":1360,"href":"https:\/\/guaruja.org.br\/aguaviva\/wp-json\/wp\/v2\/posts\/1358\/revisions\/1360"}],"wp:featuredmedia":[{"embeddable":true,"href":"https:\/\/guaruja.org.br\/aguaviva\/wp-json\/wp\/v2\/media\/1361"}],"wp:attachment":[{"href":"https:\/\/guaruja.org.br\/aguaviva\/wp-json\/wp\/v2\/media?parent=1358"}],"wp:term":[{"taxonomy":"category","embeddable":true,"href":"https:\/\/guaruja.org.br\/aguaviva\/wp-json\/wp\/v2\/categories?post=1358"},{"taxonomy":"post_tag","embeddable":true,"href":"https:\/\/guaruja.org.br\/aguaviva\/wp-json\/wp\/v2\/tags?post=1358"}],"curies":[{"name":"wp","href":"https:\/\/api.w.org\/{rel}","templated":true}]}}