{"id":2121,"date":"2024-06-24T16:39:05","date_gmt":"2024-06-24T19:39:05","guid":{"rendered":"https:\/\/guaruja.org.br\/aguaviva\/?p=2121"},"modified":"2024-06-24T16:46:42","modified_gmt":"2024-06-24T19:46:42","slug":"aguaviva-apresenta-propostas-na-conferencia-municipal-das-cidades-de-guaruja-e-elege-dois-delegados-para-etapa-estadual","status":"publish","type":"post","link":"https:\/\/guaruja.org.br\/aguaviva\/aguaviva-apresenta-propostas-na-conferencia-municipal-das-cidades-de-guaruja-e-elege-dois-delegados-para-etapa-estadual\/","title":{"rendered":"AguaViva apresenta propostas na Confer\u00eancia Municipal das Cidades de Guaruj\u00e1 e elege dois delegados para etapa estadual"},"content":{"rendered":"\n<p><em>Jos\u00e9 Manoel Ferreira Gon\u00e7alves e Sidnei Bibiano foram eleitos na Confer\u00eancia Municipal das Cidades de Guaruj\u00e1 como delegados para participar da etapa estadual do evento. Integrantes da Associa\u00e7\u00e3o Guaruj\u00e1 Viva (AguaViva), Bibiano \u00e9 o delegado titular e Jos\u00e9 Manoel, suplente.<\/em><\/p>\n\n\n\n<figure class=\"wp-block-image size-large\"><img fetchpriority=\"high\" decoding=\"async\" width=\"1024\" height=\"631\" src=\"https:\/\/guaruja.org.br\/aguaviva\/wp-content\/uploads\/2024\/06\/image-7-1024x631.png\" alt=\"\" class=\"wp-image-2122\" srcset=\"https:\/\/guaruja.org.br\/aguaviva\/wp-content\/uploads\/2024\/06\/image-7-1024x631.png 1024w, https:\/\/guaruja.org.br\/aguaviva\/wp-content\/uploads\/2024\/06\/image-7-300x185.png 300w, https:\/\/guaruja.org.br\/aguaviva\/wp-content\/uploads\/2024\/06\/image-7-768x473.png 768w, https:\/\/guaruja.org.br\/aguaviva\/wp-content\/uploads\/2024\/06\/image-7.png 1477w\" sizes=\"(max-width: 1024px) 100vw, 1024px\" \/><\/figure>\n\n\n\n<p>AguaViva apresentou algumas propostas \u00e0 Comiss\u00e3o Organizadora da 6\u00aa Confer\u00eancia Municipal das Cidades de Guaruj\u00e1.<\/p>\n\n\n\n<p>Dentre elas est\u00e3o: tarifa zero no transporte p\u00fablico \u00e9 um tema que vem ganhando destaque no debate econ\u00f4mico e social no Brasil; Resposta \u00e0 Precariza\u00e7\u00e3o do Trabalho: Enfrentamento dos altos n\u00edveis de informalidade e desemprego agravados pelos governos Bolsonaro e D\u00f3ria e Tarc\u00edsio; Incentivo ao Microempreendedorismo: Apoio aos pequenos neg\u00f3cios locais com dificuldades de acesso ao cr\u00e9dito e retomada de opera\u00e7\u00f5es; Fomento \u00e0s Cooperativas de Trabalho: Est\u00edmulo \u00e0 forma\u00e7\u00e3o de cooperativas, especialmente em setores como o t\u00eaxtil e servi\u00e7os ambientais; Desenvolvimento do Setor Tur\u00edstico e Pesqueiro: Profissionaliza\u00e7\u00e3o e apoio \u00e0s atividades tur\u00edsticas e pesqueiras, valorizando a economia local; Promo\u00e7\u00e3o da Agricultura Familiar: Incentivo ao uso de terrenos ociosos para hortas comunit\u00e1rias, visando seguran\u00e7a alimentar; Cria\u00e7\u00e3o de Programa de Renda B\u00e1sica e Banco Comunit\u00e1rio: Implementa\u00e7\u00e3o de pol\u00edticas de apoio \u00e0 complementa\u00e7\u00e3o de renda e est\u00edmulo ao microcr\u00e9dito; Apoio \u00e0 Economia Solid\u00e1ria: Desenvolvimento de pol\u00edticas p\u00fablicas para fortalecer iniciativas de economia solid\u00e1ria, garantindo o direito ao trabalho e Combate \u00e0 Precariza\u00e7\u00e3o e Fomento \u00e0 Economia Solid\u00e1ria.<\/p>\n\n\n\n<p>Sidnei Bibiano comentou sobre a Tarifa Zero. &#8220;A implementa\u00e7\u00e3o n\u00e3o \u00e9 apenas uma medida econ\u00f4mica, mas tamb\u00e9m social. Ela proporciona uma inclus\u00e3o social \u00edmpar, porque com a gratuidade, todas as camadas da popula\u00e7\u00e3o t\u00eam acesso facilitado a servi\u00e7os essenciais como educa\u00e7\u00e3o, sa\u00fade e cultura. Isso significa que mais pessoas poder\u00e3o frequentar escolas, universidades, hospitais e centros culturais, o que, por sua vez, fortalece o capital humano e social da cidade&#8221;, afirmou.<\/p>\n\n\n\n<p>&#8220;O panorama econ\u00f4mico e social de Guaruj\u00e1 revela a necessidade de uma abordagem multifacetada para enfrentar seus desafios. \u00c9 fundamental que sejam implementadas pol\u00edticas p\u00fablicas voltadas para o fomento econ\u00f4mico, capacita\u00e7\u00e3o da m\u00e3o de obra, e atra\u00e7\u00e3o de investimentos em tecnologia. Somente assim Guaruj\u00e1 poder\u00e1 transformar seus desafios em oportunidades de crescimento e desenvolvimento sustent\u00e1vel&#8221;, disse Jos\u00e9 Manoel.<\/p>\n","protected":false},"excerpt":{"rendered":"<p>Jos\u00e9 Manoel Ferreira Gon\u00e7alves e Sidnei Bibiano foram eleitos na Confer\u00eancia Municipal das Cidades de Guaruj\u00e1 como delegados para participar da etapa estadual do evento. Integrantes da Associa\u00e7\u00e3o Guaruj\u00e1 Viva (AguaViva), Bibiano \u00e9 o delegado titular e Jos\u00e9 Manoel, suplente. AguaViva apresentou algumas propostas \u00e0 Comiss\u00e3o Organizadora da 6\u00aa Confer\u00eancia Municipal das Cidades de Guaruj\u00e1. [&hellip;]<\/p>\n","protected":false},"author":1,"featured_media":2125,"comment_status":"closed","ping_status":"closed","sticky":false,"template":"","format":"standard","meta":{"footnotes":""},"categories":[34],"tags":[],"class_list":["post-2121","post","type-post","status-publish","format-standard","has-post-thumbnail","hentry","category-releases"],"yoast_head":"<!-- This site is optimized with the Yoast SEO Premium plugin v26.7 (Yoast SEO v26.7) - https:\/\/yoast.com\/wordpress\/plugins\/seo\/ -->\n<title>AguaViva apresenta propostas na Confer\u00eancia Municipal das Cidades de Guaruj\u00e1 e elege dois delegados para etapa estadual - AGUAVIVA<\/title>\n<meta name=\"description\" content=\"Jos\u00e9 Manoel Ferreira Gon\u00e7alves e Sidnei Bibiano foram eleitos na Confer\u00eancia Municipal das Cidades de Guaruj\u00e1 como delegados para participar da etapa estadual do evento. Integrantes da Associa\u00e7\u00e3o Guaruj\u00e1 Viva (AguaViva), Bibiano \u00e9 o delegado titular e Jos\u00e9 Manoel, suplente.\" \/>\n<meta name=\"robots\" content=\"index, follow, max-snippet:-1, max-image-preview:large, max-video-preview:-1\" \/>\n<link rel=\"canonical\" href=\"https:\/\/guaruja.org.br\/aguaviva\/aguaviva-apresenta-propostas-na-conferencia-municipal-das-cidades-de-guaruja-e-elege-dois-delegados-para-etapa-estadual\/\" \/>\n<meta property=\"og:locale\" content=\"pt_BR\" \/>\n<meta property=\"og:type\" content=\"article\" \/>\n<meta property=\"og:title\" content=\"AguaViva apresenta propostas na Confer\u00eancia Municipal das Cidades de Guaruj\u00e1 e elege dois delegados para etapa estadual\" \/>\n<meta property=\"og:description\" content=\"Jos\u00e9 Manoel Ferreira Gon\u00e7alves e Sidnei Bibiano foram eleitos na Confer\u00eancia Municipal das Cidades de Guaruj\u00e1 como delegados para participar da etapa estadual do evento. Integrantes da Associa\u00e7\u00e3o Guaruj\u00e1 Viva (AguaViva), Bibiano \u00e9 o delegado titular e Jos\u00e9 Manoel, suplente.\" \/>\n<meta property=\"og:url\" content=\"https:\/\/guaruja.org.br\/aguaviva\/aguaviva-apresenta-propostas-na-conferencia-municipal-das-cidades-de-guaruja-e-elege-dois-delegados-para-etapa-estadual\/\" \/>\n<meta property=\"og:site_name\" content=\"AGUAVIVA\" \/>\n<meta property=\"article:publisher\" content=\"https:\/\/www.facebook.com\/guarujaaguaviva\" \/>\n<meta property=\"article:published_time\" content=\"2024-06-24T19:39:05+00:00\" \/>\n<meta property=\"article:modified_time\" content=\"2024-06-24T19:46:42+00:00\" \/>\n<meta property=\"og:image\" content=\"https:\/\/guaruja.org.br\/aguaviva\/wp-content\/uploads\/2024\/06\/conferencia24.06.2024-2.jpg\" \/>\n\t<meta property=\"og:image:width\" content=\"1600\" \/>\n\t<meta property=\"og:image:height\" content=\"1200\" \/>\n\t<meta property=\"og:image:type\" content=\"image\/jpeg\" \/>\n<meta name=\"author\" content=\"morgana\" \/>\n<meta name=\"twitter:card\" content=\"summary_large_image\" \/>\n<meta name=\"twitter:label1\" content=\"Escrito por\" \/>\n\t<meta name=\"twitter:data1\" content=\"morgana\" \/>\n\t<meta name=\"twitter:label2\" content=\"Est. tempo de leitura\" \/>\n\t<meta name=\"twitter:data2\" content=\"3 minutos\" \/>\n<script type=\"application\/ld+json\" class=\"yoast-schema-graph\">{\"@context\":\"https:\/\/schema.org\",\"@graph\":[{\"@type\":\"Article\",\"@id\":\"https:\/\/guaruja.org.br\/aguaviva\/aguaviva-apresenta-propostas-na-conferencia-municipal-das-cidades-de-guaruja-e-elege-dois-delegados-para-etapa-estadual\/#article\",\"isPartOf\":{\"@id\":\"https:\/\/guaruja.org.br\/aguaviva\/aguaviva-apresenta-propostas-na-conferencia-municipal-das-cidades-de-guaruja-e-elege-dois-delegados-para-etapa-estadual\/\"},\"author\":{\"name\":\"morgana\",\"@id\":\"https:\/\/guaruja.org.br\/aguaviva\/#\/schema\/person\/9eebcb3a8418982418c00d543a25aee4\"},\"headline\":\"AguaViva apresenta propostas na Confer\u00eancia Municipal das Cidades de Guaruj\u00e1 e elege dois delegados para etapa estadual\",\"datePublished\":\"2024-06-24T19:39:05+00:00\",\"dateModified\":\"2024-06-24T19:46:42+00:00\",\"mainEntityOfPage\":{\"@id\":\"https:\/\/guaruja.org.br\/aguaviva\/aguaviva-apresenta-propostas-na-conferencia-municipal-das-cidades-de-guaruja-e-elege-dois-delegados-para-etapa-estadual\/\"},\"wordCount\":412,\"publisher\":{\"@id\":\"https:\/\/guaruja.org.br\/aguaviva\/#organization\"},\"image\":{\"@id\":\"https:\/\/guaruja.org.br\/aguaviva\/aguaviva-apresenta-propostas-na-conferencia-municipal-das-cidades-de-guaruja-e-elege-dois-delegados-para-etapa-estadual\/#primaryimage\"},\"thumbnailUrl\":\"https:\/\/guaruja.org.br\/aguaviva\/wp-content\/uploads\/2024\/06\/conferencia24.06.2024-2.jpg\",\"articleSection\":[\"Releases\"],\"inLanguage\":\"pt-BR\"},{\"@type\":\"WebPage\",\"@id\":\"https:\/\/guaruja.org.br\/aguaviva\/aguaviva-apresenta-propostas-na-conferencia-municipal-das-cidades-de-guaruja-e-elege-dois-delegados-para-etapa-estadual\/\",\"url\":\"https:\/\/guaruja.org.br\/aguaviva\/aguaviva-apresenta-propostas-na-conferencia-municipal-das-cidades-de-guaruja-e-elege-dois-delegados-para-etapa-estadual\/\",\"name\":\"AguaViva apresenta propostas na Confer\u00eancia Municipal das Cidades de Guaruj\u00e1 e elege dois delegados para etapa estadual - AGUAVIVA\",\"isPartOf\":{\"@id\":\"https:\/\/guaruja.org.br\/aguaviva\/#website\"},\"primaryImageOfPage\":{\"@id\":\"https:\/\/guaruja.org.br\/aguaviva\/aguaviva-apresenta-propostas-na-conferencia-municipal-das-cidades-de-guaruja-e-elege-dois-delegados-para-etapa-estadual\/#primaryimage\"},\"image\":{\"@id\":\"https:\/\/guaruja.org.br\/aguaviva\/aguaviva-apresenta-propostas-na-conferencia-municipal-das-cidades-de-guaruja-e-elege-dois-delegados-para-etapa-estadual\/#primaryimage\"},\"thumbnailUrl\":\"https:\/\/guaruja.org.br\/aguaviva\/wp-content\/uploads\/2024\/06\/conferencia24.06.2024-2.jpg\",\"datePublished\":\"2024-06-24T19:39:05+00:00\",\"dateModified\":\"2024-06-24T19:46:42+00:00\",\"description\":\"Jos\u00e9 Manoel Ferreira Gon\u00e7alves e Sidnei Bibiano foram eleitos na Confer\u00eancia Municipal das Cidades de Guaruj\u00e1 como delegados para participar da etapa estadual do evento. Integrantes da Associa\u00e7\u00e3o Guaruj\u00e1 Viva (AguaViva), Bibiano \u00e9 o delegado titular e Jos\u00e9 Manoel, suplente.\",\"breadcrumb\":{\"@id\":\"https:\/\/guaruja.org.br\/aguaviva\/aguaviva-apresenta-propostas-na-conferencia-municipal-das-cidades-de-guaruja-e-elege-dois-delegados-para-etapa-estadual\/#breadcrumb\"},\"inLanguage\":\"pt-BR\",\"potentialAction\":[{\"@type\":\"ReadAction\",\"target\":[\"https:\/\/guaruja.org.br\/aguaviva\/aguaviva-apresenta-propostas-na-conferencia-municipal-das-cidades-de-guaruja-e-elege-dois-delegados-para-etapa-estadual\/\"]}]},{\"@type\":\"ImageObject\",\"inLanguage\":\"pt-BR\",\"@id\":\"https:\/\/guaruja.org.br\/aguaviva\/aguaviva-apresenta-propostas-na-conferencia-municipal-das-cidades-de-guaruja-e-elege-dois-delegados-para-etapa-estadual\/#primaryimage\",\"url\":\"https:\/\/guaruja.org.br\/aguaviva\/wp-content\/uploads\/2024\/06\/conferencia24.06.2024-2.jpg\",\"contentUrl\":\"https:\/\/guaruja.org.br\/aguaviva\/wp-content\/uploads\/2024\/06\/conferencia24.06.2024-2.jpg\",\"width\":1600,\"height\":1200},{\"@type\":\"BreadcrumbList\",\"@id\":\"https:\/\/guaruja.org.br\/aguaviva\/aguaviva-apresenta-propostas-na-conferencia-municipal-das-cidades-de-guaruja-e-elege-dois-delegados-para-etapa-estadual\/#breadcrumb\",\"itemListElement\":[{\"@type\":\"ListItem\",\"position\":1,\"name\":\"In\u00edcio\",\"item\":\"https:\/\/guaruja.org.br\/aguaviva\/\"},{\"@type\":\"ListItem\",\"position\":2,\"name\":\"AguaViva apresenta propostas na Confer\u00eancia Municipal das Cidades de Guaruj\u00e1 e elege dois delegados para etapa estadual\"}]},{\"@type\":\"WebSite\",\"@id\":\"https:\/\/guaruja.org.br\/aguaviva\/#website\",\"url\":\"https:\/\/guaruja.org.br\/aguaviva\/\",\"name\":\"AGUAVIVA\",\"description\":\"Associa\u00e7\u00e3o Guaruj\u00e1 Viva\",\"publisher\":{\"@id\":\"https:\/\/guaruja.org.br\/aguaviva\/#organization\"},\"alternateName\":\"AGUAVIVA\",\"potentialAction\":[{\"@type\":\"SearchAction\",\"target\":{\"@type\":\"EntryPoint\",\"urlTemplate\":\"https:\/\/guaruja.org.br\/aguaviva\/?s={search_term_string}\"},\"query-input\":{\"@type\":\"PropertyValueSpecification\",\"valueRequired\":true,\"valueName\":\"search_term_string\"}}],\"inLanguage\":\"pt-BR\"},{\"@type\":\"Organization\",\"@id\":\"https:\/\/guaruja.org.br\/aguaviva\/#organization\",\"name\":\"AGUAVIVA\",\"alternateName\":\"AGUAVIVA\",\"url\":\"https:\/\/guaruja.org.br\/aguaviva\/\",\"logo\":{\"@type\":\"ImageObject\",\"inLanguage\":\"pt-BR\",\"@id\":\"https:\/\/guaruja.org.br\/aguaviva\/#\/schema\/logo\/image\/\",\"url\":\"https:\/\/guaruja.org.br\/aguaviva\/wp-content\/uploads\/2025\/03\/logo-aguaviva-horizontal.png\",\"contentUrl\":\"https:\/\/guaruja.org.br\/aguaviva\/wp-content\/uploads\/2025\/03\/logo-aguaviva-horizontal.png\",\"width\":3280,\"height\":1080,\"caption\":\"AGUAVIVA\"},\"image\":{\"@id\":\"https:\/\/guaruja.org.br\/aguaviva\/#\/schema\/logo\/image\/\"},\"sameAs\":[\"https:\/\/www.facebook.com\/guarujaaguaviva\",\"https:\/\/www.instagram.com\/aguavivaguaruja\/\"]},{\"@type\":\"Person\",\"@id\":\"https:\/\/guaruja.org.br\/aguaviva\/#\/schema\/person\/9eebcb3a8418982418c00d543a25aee4\",\"name\":\"morgana\",\"sameAs\":[\"https:\/\/guaruja.org.br\/aguaviva-02\"],\"url\":\"https:\/\/guaruja.org.br\/aguaviva\/author\/morgana\/\"}]}<\/script>\n<!-- \/ Yoast SEO Premium plugin. -->","yoast_head_json":{"title":"AguaViva apresenta propostas na Confer\u00eancia Municipal das Cidades de Guaruj\u00e1 e elege dois delegados para etapa estadual - AGUAVIVA","description":"Jos\u00e9 Manoel Ferreira Gon\u00e7alves e Sidnei Bibiano foram eleitos na Confer\u00eancia Municipal das Cidades de Guaruj\u00e1 como delegados para participar da etapa estadual do evento. Integrantes da Associa\u00e7\u00e3o Guaruj\u00e1 Viva (AguaViva), Bibiano \u00e9 o delegado titular e Jos\u00e9 Manoel, suplente.","robots":{"index":"index","follow":"follow","max-snippet":"max-snippet:-1","max-image-preview":"max-image-preview:large","max-video-preview":"max-video-preview:-1"},"canonical":"https:\/\/guaruja.org.br\/aguaviva\/aguaviva-apresenta-propostas-na-conferencia-municipal-das-cidades-de-guaruja-e-elege-dois-delegados-para-etapa-estadual\/","og_locale":"pt_BR","og_type":"article","og_title":"AguaViva apresenta propostas na Confer\u00eancia Municipal das Cidades de Guaruj\u00e1 e elege dois delegados para etapa estadual","og_description":"Jos\u00e9 Manoel Ferreira Gon\u00e7alves e Sidnei Bibiano foram eleitos na Confer\u00eancia Municipal das Cidades de Guaruj\u00e1 como delegados para participar da etapa estadual do evento. Integrantes da Associa\u00e7\u00e3o Guaruj\u00e1 Viva (AguaViva), Bibiano \u00e9 o delegado titular e Jos\u00e9 Manoel, suplente.","og_url":"https:\/\/guaruja.org.br\/aguaviva\/aguaviva-apresenta-propostas-na-conferencia-municipal-das-cidades-de-guaruja-e-elege-dois-delegados-para-etapa-estadual\/","og_site_name":"AGUAVIVA","article_publisher":"https:\/\/www.facebook.com\/guarujaaguaviva","article_published_time":"2024-06-24T19:39:05+00:00","article_modified_time":"2024-06-24T19:46:42+00:00","og_image":[{"width":1600,"height":1200,"url":"https:\/\/guaruja.org.br\/aguaviva\/wp-content\/uploads\/2024\/06\/conferencia24.06.2024-2.jpg","type":"image\/jpeg"}],"author":"morgana","twitter_card":"summary_large_image","twitter_misc":{"Escrito por":"morgana","Est. tempo de leitura":"3 minutos"},"schema":{"@context":"https:\/\/schema.org","@graph":[{"@type":"Article","@id":"https:\/\/guaruja.org.br\/aguaviva\/aguaviva-apresenta-propostas-na-conferencia-municipal-das-cidades-de-guaruja-e-elege-dois-delegados-para-etapa-estadual\/#article","isPartOf":{"@id":"https:\/\/guaruja.org.br\/aguaviva\/aguaviva-apresenta-propostas-na-conferencia-municipal-das-cidades-de-guaruja-e-elege-dois-delegados-para-etapa-estadual\/"},"author":{"name":"morgana","@id":"https:\/\/guaruja.org.br\/aguaviva\/#\/schema\/person\/9eebcb3a8418982418c00d543a25aee4"},"headline":"AguaViva apresenta propostas na Confer\u00eancia Municipal das Cidades de Guaruj\u00e1 e elege dois delegados para etapa estadual","datePublished":"2024-06-24T19:39:05+00:00","dateModified":"2024-06-24T19:46:42+00:00","mainEntityOfPage":{"@id":"https:\/\/guaruja.org.br\/aguaviva\/aguaviva-apresenta-propostas-na-conferencia-municipal-das-cidades-de-guaruja-e-elege-dois-delegados-para-etapa-estadual\/"},"wordCount":412,"publisher":{"@id":"https:\/\/guaruja.org.br\/aguaviva\/#organization"},"image":{"@id":"https:\/\/guaruja.org.br\/aguaviva\/aguaviva-apresenta-propostas-na-conferencia-municipal-das-cidades-de-guaruja-e-elege-dois-delegados-para-etapa-estadual\/#primaryimage"},"thumbnailUrl":"https:\/\/guaruja.org.br\/aguaviva\/wp-content\/uploads\/2024\/06\/conferencia24.06.2024-2.jpg","articleSection":["Releases"],"inLanguage":"pt-BR"},{"@type":"WebPage","@id":"https:\/\/guaruja.org.br\/aguaviva\/aguaviva-apresenta-propostas-na-conferencia-municipal-das-cidades-de-guaruja-e-elege-dois-delegados-para-etapa-estadual\/","url":"https:\/\/guaruja.org.br\/aguaviva\/aguaviva-apresenta-propostas-na-conferencia-municipal-das-cidades-de-guaruja-e-elege-dois-delegados-para-etapa-estadual\/","name":"AguaViva apresenta propostas na Confer\u00eancia Municipal das Cidades de Guaruj\u00e1 e elege dois delegados para etapa estadual - AGUAVIVA","isPartOf":{"@id":"https:\/\/guaruja.org.br\/aguaviva\/#website"},"primaryImageOfPage":{"@id":"https:\/\/guaruja.org.br\/aguaviva\/aguaviva-apresenta-propostas-na-conferencia-municipal-das-cidades-de-guaruja-e-elege-dois-delegados-para-etapa-estadual\/#primaryimage"},"image":{"@id":"https:\/\/guaruja.org.br\/aguaviva\/aguaviva-apresenta-propostas-na-conferencia-municipal-das-cidades-de-guaruja-e-elege-dois-delegados-para-etapa-estadual\/#primaryimage"},"thumbnailUrl":"https:\/\/guaruja.org.br\/aguaviva\/wp-content\/uploads\/2024\/06\/conferencia24.06.2024-2.jpg","datePublished":"2024-06-24T19:39:05+00:00","dateModified":"2024-06-24T19:46:42+00:00","description":"Jos\u00e9 Manoel Ferreira Gon\u00e7alves e Sidnei Bibiano foram eleitos na Confer\u00eancia Municipal das Cidades de Guaruj\u00e1 como delegados para participar da etapa estadual do evento. Integrantes da Associa\u00e7\u00e3o Guaruj\u00e1 Viva (AguaViva), Bibiano \u00e9 o delegado titular e Jos\u00e9 Manoel, suplente.","breadcrumb":{"@id":"https:\/\/guaruja.org.br\/aguaviva\/aguaviva-apresenta-propostas-na-conferencia-municipal-das-cidades-de-guaruja-e-elege-dois-delegados-para-etapa-estadual\/#breadcrumb"},"inLanguage":"pt-BR","potentialAction":[{"@type":"ReadAction","target":["https:\/\/guaruja.org.br\/aguaviva\/aguaviva-apresenta-propostas-na-conferencia-municipal-das-cidades-de-guaruja-e-elege-dois-delegados-para-etapa-estadual\/"]}]},{"@type":"ImageObject","inLanguage":"pt-BR","@id":"https:\/\/guaruja.org.br\/aguaviva\/aguaviva-apresenta-propostas-na-conferencia-municipal-das-cidades-de-guaruja-e-elege-dois-delegados-para-etapa-estadual\/#primaryimage","url":"https:\/\/guaruja.org.br\/aguaviva\/wp-content\/uploads\/2024\/06\/conferencia24.06.2024-2.jpg","contentUrl":"https:\/\/guaruja.org.br\/aguaviva\/wp-content\/uploads\/2024\/06\/conferencia24.06.2024-2.jpg","width":1600,"height":1200},{"@type":"BreadcrumbList","@id":"https:\/\/guaruja.org.br\/aguaviva\/aguaviva-apresenta-propostas-na-conferencia-municipal-das-cidades-de-guaruja-e-elege-dois-delegados-para-etapa-estadual\/#breadcrumb","itemListElement":[{"@type":"ListItem","position":1,"name":"In\u00edcio","item":"https:\/\/guaruja.org.br\/aguaviva\/"},{"@type":"ListItem","position":2,"name":"AguaViva apresenta propostas na Confer\u00eancia Municipal das Cidades de Guaruj\u00e1 e elege dois delegados para etapa estadual"}]},{"@type":"WebSite","@id":"https:\/\/guaruja.org.br\/aguaviva\/#website","url":"https:\/\/guaruja.org.br\/aguaviva\/","name":"AGUAVIVA","description":"Associa\u00e7\u00e3o Guaruj\u00e1 Viva","publisher":{"@id":"https:\/\/guaruja.org.br\/aguaviva\/#organization"},"alternateName":"AGUAVIVA","potentialAction":[{"@type":"SearchAction","target":{"@type":"EntryPoint","urlTemplate":"https:\/\/guaruja.org.br\/aguaviva\/?s={search_term_string}"},"query-input":{"@type":"PropertyValueSpecification","valueRequired":true,"valueName":"search_term_string"}}],"inLanguage":"pt-BR"},{"@type":"Organization","@id":"https:\/\/guaruja.org.br\/aguaviva\/#organization","name":"AGUAVIVA","alternateName":"AGUAVIVA","url":"https:\/\/guaruja.org.br\/aguaviva\/","logo":{"@type":"ImageObject","inLanguage":"pt-BR","@id":"https:\/\/guaruja.org.br\/aguaviva\/#\/schema\/logo\/image\/","url":"https:\/\/guaruja.org.br\/aguaviva\/wp-content\/uploads\/2025\/03\/logo-aguaviva-horizontal.png","contentUrl":"https:\/\/guaruja.org.br\/aguaviva\/wp-content\/uploads\/2025\/03\/logo-aguaviva-horizontal.png","width":3280,"height":1080,"caption":"AGUAVIVA"},"image":{"@id":"https:\/\/guaruja.org.br\/aguaviva\/#\/schema\/logo\/image\/"},"sameAs":["https:\/\/www.facebook.com\/guarujaaguaviva","https:\/\/www.instagram.com\/aguavivaguaruja\/"]},{"@type":"Person","@id":"https:\/\/guaruja.org.br\/aguaviva\/#\/schema\/person\/9eebcb3a8418982418c00d543a25aee4","name":"morgana","sameAs":["https:\/\/guaruja.org.br\/aguaviva-02"],"url":"https:\/\/guaruja.org.br\/aguaviva\/author\/morgana\/"}]}},"_links":{"self":[{"href":"https:\/\/guaruja.org.br\/aguaviva\/wp-json\/wp\/v2\/posts\/2121","targetHints":{"allow":["GET"]}}],"collection":[{"href":"https:\/\/guaruja.org.br\/aguaviva\/wp-json\/wp\/v2\/posts"}],"about":[{"href":"https:\/\/guaruja.org.br\/aguaviva\/wp-json\/wp\/v2\/types\/post"}],"author":[{"embeddable":true,"href":"https:\/\/guaruja.org.br\/aguaviva\/wp-json\/wp\/v2\/users\/1"}],"replies":[{"embeddable":true,"href":"https:\/\/guaruja.org.br\/aguaviva\/wp-json\/wp\/v2\/comments?post=2121"}],"version-history":[{"count":1,"href":"https:\/\/guaruja.org.br\/aguaviva\/wp-json\/wp\/v2\/posts\/2121\/revisions"}],"predecessor-version":[{"id":2126,"href":"https:\/\/guaruja.org.br\/aguaviva\/wp-json\/wp\/v2\/posts\/2121\/revisions\/2126"}],"wp:featuredmedia":[{"embeddable":true,"href":"https:\/\/guaruja.org.br\/aguaviva\/wp-json\/wp\/v2\/media\/2125"}],"wp:attachment":[{"href":"https:\/\/guaruja.org.br\/aguaviva\/wp-json\/wp\/v2\/media?parent=2121"}],"wp:term":[{"taxonomy":"category","embeddable":true,"href":"https:\/\/guaruja.org.br\/aguaviva\/wp-json\/wp\/v2\/categories?post=2121"},{"taxonomy":"post_tag","embeddable":true,"href":"https:\/\/guaruja.org.br\/aguaviva\/wp-json\/wp\/v2\/tags?post=2121"}],"curies":[{"name":"wp","href":"https:\/\/api.w.org\/{rel}","templated":true}]}}