{"id":3068,"date":"2025-01-21T14:01:53","date_gmt":"2025-01-21T17:01:53","guid":{"rendered":"https:\/\/guaruja.org.br\/aguaviva\/?p=3068"},"modified":"2025-01-21T14:01:56","modified_gmt":"2025-01-21T17:01:56","slug":"entidades-cobram-seguranca-hidrica-para-o-guaruja","status":"publish","type":"post","link":"https:\/\/guaruja.org.br\/aguaviva\/entidades-cobram-seguranca-hidrica-para-o-guaruja\/","title":{"rendered":"Entidades cobram seguran\u00e7a h\u00eddrica para o Guaruj\u00e1"},"content":{"rendered":"\n<p><em>Desabastecimento e polui\u00e7\u00e3o ambiental afetam n\u00e3o s\u00f3 a vida dos quase 300 mil habitantes, como dos milhares de turistas que frequentam a Cidade<\/em><\/p>\n\n\n\n<p>Entidades representantes da sociedade civil organizada realizaram um manifesto p\u00fablico em frente \u00e0 sede regional da Companhia de Saneamento B\u00e1sico do Estado de S\u00e3o Paulo (Sabesp), localizada na Rua Leomil, 1.055, na Barra Funda, cobrando medidas urgentes para garantir a seguran\u00e7a h\u00eddrica em Guaruj\u00e1.<\/p>\n\n\n\n<p>Os problemas de desabastecimento e polui\u00e7\u00e3o ambiental s\u00e3o constantes na cidade, afetando tanto os quase 300 mil habitantes, especialmente os moradores de Vicente de Carvalho, quanto os milhares de turistas que visitam o munic\u00edpio.<\/p>\n\n\n\n<h2 class=\"wp-block-heading\" id=\"h-preocupacao-com-o-saneamento-basico\"><strong>Preocupa\u00e7\u00e3o com o Saneamento B\u00e1sico<\/strong><\/h2>\n\n\n\n<p>Recentemente, a Associa\u00e7\u00e3o \u00c1gua Viva enviou um of\u00edcio \u00e0 Prefeitura, expressando sua preocupa\u00e7\u00e3o com a precariedade dos servi\u00e7os de saneamento b\u00e1sico. A associa\u00e7\u00e3o solicitou \u00e0 Administra\u00e7\u00e3o Municipal que analise a viabilidade da rescis\u00e3o do contrato com a Sabesp e considere alternativas mais eficientes para a gest\u00e3o do saneamento b\u00e1sico na cidade.<\/p>\n\n\n\n<p>&#8220;As defici\u00eancias reiteradas na execu\u00e7\u00e3o desses servi\u00e7os t\u00eam implicado em riscos substanciais \u00e0 sa\u00fade p\u00fablica e danos \u00e0 economia local, comprometendo a sustentabilidade tur\u00edstica e a qualidade de vida&#8221;, aponta o documento.<\/p>\n\n\n\n<p>A \u00c1gua Viva destacou que a Sabesp n\u00e3o cumpriu compromissos essenciais para a seguran\u00e7a h\u00eddrica do munic\u00edpio, como o abandono, em mar\u00e7o de 2023, do projeto de constru\u00e7\u00e3o de um grande reservat\u00f3rio na Cava da Pedreira. A entidade tamb\u00e9m apontou diversos problemas, como interrup\u00e7\u00f5es frequentes no fornecimento de \u00e1gua pot\u00e1vel, vazamentos de esgoto prejudicando a balneabilidade e colocando em risco a sa\u00fade p\u00fablica, despejos clandestinos, infraestrutura inadequada e o surto de gastroenterocolite aguda, entre outros.<\/p>\n\n\n\n<h2 class=\"wp-block-heading\" id=\"h-posicionamento-da-prefeitura-e-da-sabesp\"><strong>Posicionamento da Prefeitura e da Sabesp<\/strong><\/h2>\n\n\n\n<p>A Prefeitura de Guaruj\u00e1 informou que, ap\u00f3s provid\u00eancias tomadas pela Sabesp, como a interliga\u00e7\u00e3o dos sistemas de abastecimento de \u00e1gua, n\u00e3o h\u00e1 relatos recorrentes de interrup\u00e7\u00e3o no fornecimento de \u00e1gua \u00e0 popula\u00e7\u00e3o. A Prefeitura tamb\u00e9m destacou que a cidade possui as praias mais limpas da Baixada Santista, conforme atestado pela Cetesb.<\/p>\n\n\n\n<p>Por sua parte, a Sabesp refor\u00e7ou que o surto de virose n\u00e3o tem rela\u00e7\u00e3o com a opera\u00e7\u00e3o da empresa e afirmou estar prestando esclarecimentos \u00e0s entidades sobre o saneamento em Guaruj\u00e1. A Sabesp informou que seus sistemas de abastecimento de \u00e1gua e esgotamento sanit\u00e1rio s\u00e3o monitorados 24 horas por dia, especialmente durante a temporada de ver\u00e3o, e que as redes de \u00e1gua e esgoto seguem funcionando adequadamente, com equipes mobilizadas para manter sua plena opera\u00e7\u00e3o.<\/p>\n\n\n\n<h2 class=\"wp-block-heading\" id=\"h-desafios-no-sistema-de-drenagem-e-poluicao\"><strong>Desafios no Sistema de Drenagem e Polui\u00e7\u00e3o<\/strong><\/h2>\n\n\n\n<p>A Sabesp explicou que, durante per\u00edodos de chuva, materiais como esgoto e res\u00edduos s\u00e3o levados pelas galerias municipais de drenagem, atingindo canais, c\u00f3rregos e rios que des\u00e1guam no mar. Al\u00e9m disso, o litoral enfrenta desafios devido \u00e0 baixa cobertura de rede de drenagem, o que leva parte da popula\u00e7\u00e3o a conectar irregularmente a \u00e1gua de chuva ao sistema de esgoto, sobrecarregando os sistemas operados pela Sabesp.<\/p>\n\n\n\n<p>A Sabesp tamb\u00e9m ressaltou que a fiscaliza\u00e7\u00e3o de galerias de drenagem de \u00e1guas pluviais, canais e ocupa\u00e7\u00f5es irregulares \u00e9 responsabilidade da administra\u00e7\u00e3o municipal, incluindo a inspe\u00e7\u00e3o e autua\u00e7\u00e3o de im\u00f3veis com irregularidades. A empresa informou ainda que colabora com a Prefeitura na identifica\u00e7\u00e3o de descartes irregulares de esgoto no sistema de drenagem municipal.<\/p>\n\n\n\n<p>Por fim, a Sabesp reconheceu que diversas \u00e1reas informais consolidadas em munic\u00edpios litor\u00e2neos ainda n\u00e3o possuem saneamento b\u00e1sico adequado, o que agrava problemas como liga\u00e7\u00f5es clandestinas e o despejo irregular de res\u00edduos.<\/p>\n\n\n\n<p>O contrato anterior de concess\u00e3o n\u00e3o abrangia a atua\u00e7\u00e3o nessas \u00e1reas, o que passou a ser permitido a partir dadesestatiza\u00e7\u00e3o.<\/p>\n","protected":false},"excerpt":{"rendered":"<p>Desabastecimento e polui\u00e7\u00e3o ambiental afetam n\u00e3o s\u00f3 a vida dos quase 300 mil habitantes, como dos milhares de turistas que frequentam a Cidade Entidades representantes da sociedade civil organizada realizaram um manifesto p\u00fablico em frente \u00e0 sede regional da Companhia de Saneamento B\u00e1sico do Estado de S\u00e3o Paulo (Sabesp), localizada na Rua Leomil, 1.055, na [&hellip;]<\/p>\n","protected":false},"author":1,"featured_media":3069,"comment_status":"closed","ping_status":"closed","sticky":false,"template":"","format":"standard","meta":{"footnotes":""},"categories":[468],"tags":[21,61,20,100,24,95],"class_list":["post-3068","post","type-post","status-publish","format-standard","has-post-thumbnail","hentry","category-agua-viva-na-midia","tag-aguaviva","tag-baixadasantista","tag-guaruja-2","tag-meioambiente","tag-sabesp","tag-sustentabilidade"],"yoast_head":"<!-- This site is optimized with the Yoast SEO Premium plugin v26.7 (Yoast SEO v26.7) - https:\/\/yoast.com\/wordpress\/plugins\/seo\/ -->\n<title>Entidades cobram seguran\u00e7a h\u00eddrica para o Guaruj\u00e1 - AGUAVIVA<\/title>\n<meta name=\"robots\" content=\"index, follow, max-snippet:-1, max-image-preview:large, max-video-preview:-1\" \/>\n<link rel=\"canonical\" href=\"https:\/\/guaruja.org.br\/aguaviva\/entidades-cobram-seguranca-hidrica-para-o-guaruja\/\" \/>\n<meta property=\"og:locale\" content=\"pt_BR\" \/>\n<meta property=\"og:type\" content=\"article\" \/>\n<meta property=\"og:title\" content=\"Entidades cobram seguran\u00e7a h\u00eddrica para o Guaruj\u00e1\" \/>\n<meta property=\"og:description\" content=\"Desabastecimento e polui\u00e7\u00e3o ambiental afetam n\u00e3o s\u00f3 a vida dos quase 300 mil habitantes, como dos milhares de turistas que frequentam a Cidade Entidades representantes da sociedade civil organizada realizaram um manifesto p\u00fablico em frente \u00e0 sede regional da Companhia de Saneamento B\u00e1sico do Estado de S\u00e3o Paulo (Sabesp), localizada na Rua Leomil, 1.055, na [&hellip;]\" \/>\n<meta property=\"og:url\" content=\"https:\/\/guaruja.org.br\/aguaviva\/entidades-cobram-seguranca-hidrica-para-o-guaruja\/\" \/>\n<meta property=\"og:site_name\" content=\"AGUAVIVA\" \/>\n<meta property=\"article:publisher\" content=\"https:\/\/www.facebook.com\/guarujaaguaviva\" \/>\n<meta property=\"article:published_time\" content=\"2025-01-21T17:01:53+00:00\" \/>\n<meta property=\"article:modified_time\" content=\"2025-01-21T17:01:56+00:00\" \/>\n<meta property=\"og:image\" content=\"https:\/\/guaruja.org.br\/aguaviva\/wp-content\/uploads\/2025\/01\/whatsapp-image-2025-01-20-at-201959.jpeg\" \/>\n\t<meta property=\"og:image:width\" content=\"920\" \/>\n\t<meta property=\"og:image:height\" content=\"517\" \/>\n\t<meta property=\"og:image:type\" content=\"image\/jpeg\" \/>\n<meta name=\"author\" content=\"morgana\" \/>\n<meta name=\"twitter:card\" content=\"summary_large_image\" \/>\n<meta name=\"twitter:label1\" content=\"Escrito por\" \/>\n\t<meta name=\"twitter:data1\" content=\"morgana\" \/>\n\t<meta name=\"twitter:label2\" content=\"Est. tempo de leitura\" \/>\n\t<meta name=\"twitter:data2\" content=\"4 minutos\" \/>\n<script type=\"application\/ld+json\" class=\"yoast-schema-graph\">{\"@context\":\"https:\/\/schema.org\",\"@graph\":[{\"@type\":\"Article\",\"@id\":\"https:\/\/guaruja.org.br\/aguaviva\/entidades-cobram-seguranca-hidrica-para-o-guaruja\/#article\",\"isPartOf\":{\"@id\":\"https:\/\/guaruja.org.br\/aguaviva\/entidades-cobram-seguranca-hidrica-para-o-guaruja\/\"},\"author\":{\"name\":\"morgana\",\"@id\":\"https:\/\/guaruja.org.br\/aguaviva\/#\/schema\/person\/9eebcb3a8418982418c00d543a25aee4\"},\"headline\":\"Entidades cobram seguran\u00e7a h\u00eddrica para o Guaruj\u00e1\",\"datePublished\":\"2025-01-21T17:01:53+00:00\",\"dateModified\":\"2025-01-21T17:01:56+00:00\",\"mainEntityOfPage\":{\"@id\":\"https:\/\/guaruja.org.br\/aguaviva\/entidades-cobram-seguranca-hidrica-para-o-guaruja\/\"},\"wordCount\":652,\"publisher\":{\"@id\":\"https:\/\/guaruja.org.br\/aguaviva\/#organization\"},\"image\":{\"@id\":\"https:\/\/guaruja.org.br\/aguaviva\/entidades-cobram-seguranca-hidrica-para-o-guaruja\/#primaryimage\"},\"thumbnailUrl\":\"https:\/\/guaruja.org.br\/aguaviva\/wp-content\/uploads\/2025\/01\/whatsapp-image-2025-01-20-at-201959.jpeg\",\"keywords\":[\"aguaviva\",\"baixadasantista\",\"guaruj\u00e1\",\"MeioAmbiente\",\"sabesp\",\"Sustentabilidade\"],\"articleSection\":[\"\u00c1GUA VIVA NA M\u00cdDIA\"],\"inLanguage\":\"pt-BR\"},{\"@type\":\"WebPage\",\"@id\":\"https:\/\/guaruja.org.br\/aguaviva\/entidades-cobram-seguranca-hidrica-para-o-guaruja\/\",\"url\":\"https:\/\/guaruja.org.br\/aguaviva\/entidades-cobram-seguranca-hidrica-para-o-guaruja\/\",\"name\":\"Entidades cobram seguran\u00e7a h\u00eddrica para o Guaruj\u00e1 - AGUAVIVA\",\"isPartOf\":{\"@id\":\"https:\/\/guaruja.org.br\/aguaviva\/#website\"},\"primaryImageOfPage\":{\"@id\":\"https:\/\/guaruja.org.br\/aguaviva\/entidades-cobram-seguranca-hidrica-para-o-guaruja\/#primaryimage\"},\"image\":{\"@id\":\"https:\/\/guaruja.org.br\/aguaviva\/entidades-cobram-seguranca-hidrica-para-o-guaruja\/#primaryimage\"},\"thumbnailUrl\":\"https:\/\/guaruja.org.br\/aguaviva\/wp-content\/uploads\/2025\/01\/whatsapp-image-2025-01-20-at-201959.jpeg\",\"datePublished\":\"2025-01-21T17:01:53+00:00\",\"dateModified\":\"2025-01-21T17:01:56+00:00\",\"breadcrumb\":{\"@id\":\"https:\/\/guaruja.org.br\/aguaviva\/entidades-cobram-seguranca-hidrica-para-o-guaruja\/#breadcrumb\"},\"inLanguage\":\"pt-BR\",\"potentialAction\":[{\"@type\":\"ReadAction\",\"target\":[\"https:\/\/guaruja.org.br\/aguaviva\/entidades-cobram-seguranca-hidrica-para-o-guaruja\/\"]}]},{\"@type\":\"ImageObject\",\"inLanguage\":\"pt-BR\",\"@id\":\"https:\/\/guaruja.org.br\/aguaviva\/entidades-cobram-seguranca-hidrica-para-o-guaruja\/#primaryimage\",\"url\":\"https:\/\/guaruja.org.br\/aguaviva\/wp-content\/uploads\/2025\/01\/whatsapp-image-2025-01-20-at-201959.jpeg\",\"contentUrl\":\"https:\/\/guaruja.org.br\/aguaviva\/wp-content\/uploads\/2025\/01\/whatsapp-image-2025-01-20-at-201959.jpeg\",\"width\":920,\"height\":517},{\"@type\":\"BreadcrumbList\",\"@id\":\"https:\/\/guaruja.org.br\/aguaviva\/entidades-cobram-seguranca-hidrica-para-o-guaruja\/#breadcrumb\",\"itemListElement\":[{\"@type\":\"ListItem\",\"position\":1,\"name\":\"In\u00edcio\",\"item\":\"https:\/\/guaruja.org.br\/aguaviva\/\"},{\"@type\":\"ListItem\",\"position\":2,\"name\":\"Entidades cobram seguran\u00e7a h\u00eddrica para o Guaruj\u00e1\"}]},{\"@type\":\"WebSite\",\"@id\":\"https:\/\/guaruja.org.br\/aguaviva\/#website\",\"url\":\"https:\/\/guaruja.org.br\/aguaviva\/\",\"name\":\"AGUAVIVA\",\"description\":\"Associa\u00e7\u00e3o Guaruj\u00e1 Viva\",\"publisher\":{\"@id\":\"https:\/\/guaruja.org.br\/aguaviva\/#organization\"},\"alternateName\":\"AGUAVIVA\",\"potentialAction\":[{\"@type\":\"SearchAction\",\"target\":{\"@type\":\"EntryPoint\",\"urlTemplate\":\"https:\/\/guaruja.org.br\/aguaviva\/?s={search_term_string}\"},\"query-input\":{\"@type\":\"PropertyValueSpecification\",\"valueRequired\":true,\"valueName\":\"search_term_string\"}}],\"inLanguage\":\"pt-BR\"},{\"@type\":\"Organization\",\"@id\":\"https:\/\/guaruja.org.br\/aguaviva\/#organization\",\"name\":\"AGUAVIVA\",\"alternateName\":\"AGUAVIVA\",\"url\":\"https:\/\/guaruja.org.br\/aguaviva\/\",\"logo\":{\"@type\":\"ImageObject\",\"inLanguage\":\"pt-BR\",\"@id\":\"https:\/\/guaruja.org.br\/aguaviva\/#\/schema\/logo\/image\/\",\"url\":\"https:\/\/guaruja.org.br\/aguaviva\/wp-content\/uploads\/2025\/03\/logo-aguaviva-horizontal.png\",\"contentUrl\":\"https:\/\/guaruja.org.br\/aguaviva\/wp-content\/uploads\/2025\/03\/logo-aguaviva-horizontal.png\",\"width\":3280,\"height\":1080,\"caption\":\"AGUAVIVA\"},\"image\":{\"@id\":\"https:\/\/guaruja.org.br\/aguaviva\/#\/schema\/logo\/image\/\"},\"sameAs\":[\"https:\/\/www.facebook.com\/guarujaaguaviva\",\"https:\/\/www.instagram.com\/aguavivaguaruja\/\"]},{\"@type\":\"Person\",\"@id\":\"https:\/\/guaruja.org.br\/aguaviva\/#\/schema\/person\/9eebcb3a8418982418c00d543a25aee4\",\"name\":\"morgana\",\"sameAs\":[\"https:\/\/guaruja.org.br\/aguaviva-02\"],\"url\":\"https:\/\/guaruja.org.br\/aguaviva\/author\/morgana\/\"}]}<\/script>\n<!-- \/ Yoast SEO Premium plugin. -->","yoast_head_json":{"title":"Entidades cobram seguran\u00e7a h\u00eddrica para o Guaruj\u00e1 - AGUAVIVA","robots":{"index":"index","follow":"follow","max-snippet":"max-snippet:-1","max-image-preview":"max-image-preview:large","max-video-preview":"max-video-preview:-1"},"canonical":"https:\/\/guaruja.org.br\/aguaviva\/entidades-cobram-seguranca-hidrica-para-o-guaruja\/","og_locale":"pt_BR","og_type":"article","og_title":"Entidades cobram seguran\u00e7a h\u00eddrica para o Guaruj\u00e1","og_description":"Desabastecimento e polui\u00e7\u00e3o ambiental afetam n\u00e3o s\u00f3 a vida dos quase 300 mil habitantes, como dos milhares de turistas que frequentam a Cidade Entidades representantes da sociedade civil organizada realizaram um manifesto p\u00fablico em frente \u00e0 sede regional da Companhia de Saneamento B\u00e1sico do Estado de S\u00e3o Paulo (Sabesp), localizada na Rua Leomil, 1.055, na [&hellip;]","og_url":"https:\/\/guaruja.org.br\/aguaviva\/entidades-cobram-seguranca-hidrica-para-o-guaruja\/","og_site_name":"AGUAVIVA","article_publisher":"https:\/\/www.facebook.com\/guarujaaguaviva","article_published_time":"2025-01-21T17:01:53+00:00","article_modified_time":"2025-01-21T17:01:56+00:00","og_image":[{"width":920,"height":517,"url":"https:\/\/guaruja.org.br\/aguaviva\/wp-content\/uploads\/2025\/01\/whatsapp-image-2025-01-20-at-201959.jpeg","type":"image\/jpeg"}],"author":"morgana","twitter_card":"summary_large_image","twitter_misc":{"Escrito por":"morgana","Est. tempo de leitura":"4 minutos"},"schema":{"@context":"https:\/\/schema.org","@graph":[{"@type":"Article","@id":"https:\/\/guaruja.org.br\/aguaviva\/entidades-cobram-seguranca-hidrica-para-o-guaruja\/#article","isPartOf":{"@id":"https:\/\/guaruja.org.br\/aguaviva\/entidades-cobram-seguranca-hidrica-para-o-guaruja\/"},"author":{"name":"morgana","@id":"https:\/\/guaruja.org.br\/aguaviva\/#\/schema\/person\/9eebcb3a8418982418c00d543a25aee4"},"headline":"Entidades cobram seguran\u00e7a h\u00eddrica para o Guaruj\u00e1","datePublished":"2025-01-21T17:01:53+00:00","dateModified":"2025-01-21T17:01:56+00:00","mainEntityOfPage":{"@id":"https:\/\/guaruja.org.br\/aguaviva\/entidades-cobram-seguranca-hidrica-para-o-guaruja\/"},"wordCount":652,"publisher":{"@id":"https:\/\/guaruja.org.br\/aguaviva\/#organization"},"image":{"@id":"https:\/\/guaruja.org.br\/aguaviva\/entidades-cobram-seguranca-hidrica-para-o-guaruja\/#primaryimage"},"thumbnailUrl":"https:\/\/guaruja.org.br\/aguaviva\/wp-content\/uploads\/2025\/01\/whatsapp-image-2025-01-20-at-201959.jpeg","keywords":["aguaviva","baixadasantista","guaruj\u00e1","MeioAmbiente","sabesp","Sustentabilidade"],"articleSection":["\u00c1GUA VIVA NA M\u00cdDIA"],"inLanguage":"pt-BR"},{"@type":"WebPage","@id":"https:\/\/guaruja.org.br\/aguaviva\/entidades-cobram-seguranca-hidrica-para-o-guaruja\/","url":"https:\/\/guaruja.org.br\/aguaviva\/entidades-cobram-seguranca-hidrica-para-o-guaruja\/","name":"Entidades cobram seguran\u00e7a h\u00eddrica para o Guaruj\u00e1 - AGUAVIVA","isPartOf":{"@id":"https:\/\/guaruja.org.br\/aguaviva\/#website"},"primaryImageOfPage":{"@id":"https:\/\/guaruja.org.br\/aguaviva\/entidades-cobram-seguranca-hidrica-para-o-guaruja\/#primaryimage"},"image":{"@id":"https:\/\/guaruja.org.br\/aguaviva\/entidades-cobram-seguranca-hidrica-para-o-guaruja\/#primaryimage"},"thumbnailUrl":"https:\/\/guaruja.org.br\/aguaviva\/wp-content\/uploads\/2025\/01\/whatsapp-image-2025-01-20-at-201959.jpeg","datePublished":"2025-01-21T17:01:53+00:00","dateModified":"2025-01-21T17:01:56+00:00","breadcrumb":{"@id":"https:\/\/guaruja.org.br\/aguaviva\/entidades-cobram-seguranca-hidrica-para-o-guaruja\/#breadcrumb"},"inLanguage":"pt-BR","potentialAction":[{"@type":"ReadAction","target":["https:\/\/guaruja.org.br\/aguaviva\/entidades-cobram-seguranca-hidrica-para-o-guaruja\/"]}]},{"@type":"ImageObject","inLanguage":"pt-BR","@id":"https:\/\/guaruja.org.br\/aguaviva\/entidades-cobram-seguranca-hidrica-para-o-guaruja\/#primaryimage","url":"https:\/\/guaruja.org.br\/aguaviva\/wp-content\/uploads\/2025\/01\/whatsapp-image-2025-01-20-at-201959.jpeg","contentUrl":"https:\/\/guaruja.org.br\/aguaviva\/wp-content\/uploads\/2025\/01\/whatsapp-image-2025-01-20-at-201959.jpeg","width":920,"height":517},{"@type":"BreadcrumbList","@id":"https:\/\/guaruja.org.br\/aguaviva\/entidades-cobram-seguranca-hidrica-para-o-guaruja\/#breadcrumb","itemListElement":[{"@type":"ListItem","position":1,"name":"In\u00edcio","item":"https:\/\/guaruja.org.br\/aguaviva\/"},{"@type":"ListItem","position":2,"name":"Entidades cobram seguran\u00e7a h\u00eddrica para o Guaruj\u00e1"}]},{"@type":"WebSite","@id":"https:\/\/guaruja.org.br\/aguaviva\/#website","url":"https:\/\/guaruja.org.br\/aguaviva\/","name":"AGUAVIVA","description":"Associa\u00e7\u00e3o Guaruj\u00e1 Viva","publisher":{"@id":"https:\/\/guaruja.org.br\/aguaviva\/#organization"},"alternateName":"AGUAVIVA","potentialAction":[{"@type":"SearchAction","target":{"@type":"EntryPoint","urlTemplate":"https:\/\/guaruja.org.br\/aguaviva\/?s={search_term_string}"},"query-input":{"@type":"PropertyValueSpecification","valueRequired":true,"valueName":"search_term_string"}}],"inLanguage":"pt-BR"},{"@type":"Organization","@id":"https:\/\/guaruja.org.br\/aguaviva\/#organization","name":"AGUAVIVA","alternateName":"AGUAVIVA","url":"https:\/\/guaruja.org.br\/aguaviva\/","logo":{"@type":"ImageObject","inLanguage":"pt-BR","@id":"https:\/\/guaruja.org.br\/aguaviva\/#\/schema\/logo\/image\/","url":"https:\/\/guaruja.org.br\/aguaviva\/wp-content\/uploads\/2025\/03\/logo-aguaviva-horizontal.png","contentUrl":"https:\/\/guaruja.org.br\/aguaviva\/wp-content\/uploads\/2025\/03\/logo-aguaviva-horizontal.png","width":3280,"height":1080,"caption":"AGUAVIVA"},"image":{"@id":"https:\/\/guaruja.org.br\/aguaviva\/#\/schema\/logo\/image\/"},"sameAs":["https:\/\/www.facebook.com\/guarujaaguaviva","https:\/\/www.instagram.com\/aguavivaguaruja\/"]},{"@type":"Person","@id":"https:\/\/guaruja.org.br\/aguaviva\/#\/schema\/person\/9eebcb3a8418982418c00d543a25aee4","name":"morgana","sameAs":["https:\/\/guaruja.org.br\/aguaviva-02"],"url":"https:\/\/guaruja.org.br\/aguaviva\/author\/morgana\/"}]}},"_links":{"self":[{"href":"https:\/\/guaruja.org.br\/aguaviva\/wp-json\/wp\/v2\/posts\/3068","targetHints":{"allow":["GET"]}}],"collection":[{"href":"https:\/\/guaruja.org.br\/aguaviva\/wp-json\/wp\/v2\/posts"}],"about":[{"href":"https:\/\/guaruja.org.br\/aguaviva\/wp-json\/wp\/v2\/types\/post"}],"author":[{"embeddable":true,"href":"https:\/\/guaruja.org.br\/aguaviva\/wp-json\/wp\/v2\/users\/1"}],"replies":[{"embeddable":true,"href":"https:\/\/guaruja.org.br\/aguaviva\/wp-json\/wp\/v2\/comments?post=3068"}],"version-history":[{"count":1,"href":"https:\/\/guaruja.org.br\/aguaviva\/wp-json\/wp\/v2\/posts\/3068\/revisions"}],"predecessor-version":[{"id":3070,"href":"https:\/\/guaruja.org.br\/aguaviva\/wp-json\/wp\/v2\/posts\/3068\/revisions\/3070"}],"wp:featuredmedia":[{"embeddable":true,"href":"https:\/\/guaruja.org.br\/aguaviva\/wp-json\/wp\/v2\/media\/3069"}],"wp:attachment":[{"href":"https:\/\/guaruja.org.br\/aguaviva\/wp-json\/wp\/v2\/media?parent=3068"}],"wp:term":[{"taxonomy":"category","embeddable":true,"href":"https:\/\/guaruja.org.br\/aguaviva\/wp-json\/wp\/v2\/categories?post=3068"},{"taxonomy":"post_tag","embeddable":true,"href":"https:\/\/guaruja.org.br\/aguaviva\/wp-json\/wp\/v2\/tags?post=3068"}],"curies":[{"name":"wp","href":"https:\/\/api.w.org\/{rel}","templated":true}]}}