{"id":3075,"date":"2025-01-21T17:08:34","date_gmt":"2025-01-21T20:08:34","guid":{"rendered":"https:\/\/guaruja.org.br\/aguaviva\/?p=3075"},"modified":"2025-01-21T17:08:39","modified_gmt":"2025-01-21T20:08:39","slug":"funcionarias-da-rede-municipal-deensino-de-guaruja-anunciam-paralisacaoe-protestam-por-falta-de-pagamento","status":"publish","type":"post","link":"https:\/\/guaruja.org.br\/aguaviva\/funcionarias-da-rede-municipal-deensino-de-guaruja-anunciam-paralisacaoe-protestam-por-falta-de-pagamento\/","title":{"rendered":"Funcion\u00e1rias da rede municipal deensino de Guaruj\u00e1 anunciam paralisa\u00e7\u00e3oe protestam por falta de pagamento"},"content":{"rendered":"\n<p><em>Respons\u00e1veis pela merenda e limpeza escolar da rede de ensino reclamam que aterceirizada n\u00e3o est\u00e1 cumprindo com pagamentos de sal\u00e1rios e direitostrabalhistas; Procurada, a Prefeitura n\u00e3o se posicionou<\/em><\/p>\n\n\n\n<p><a href=\"https:\/\/www.atribuna.com.br\/cidades\/guaruja\/funcionarias-da-rede-municipal-de-ensino-de-guaruja-anunciam-paralisac-o-e-protestam-por-falta-de-pagamento-1.448258\">A Tribuna, Marjorie Santos, 21 de janeiro de 2025<\/a> &#8211; Funcion\u00e1rias da merenda e limpezaescolar da rede municipal de ensinode Guaruj\u00e1 protestaram em frente aoPa\u00e7o Moacir dos Santos Filho nasegunda-feira (20), devido \u00e0 falta depagamento de seus sal\u00e1rios edireitos trabalhistas. H\u00e1 um m\u00eas, astrabalhadoras n\u00e3o recebem osbenef\u00edcios e reclamam dos atrasosconstantes por parte da empresaterceirizada CML Alimenta\u00e7\u00e3o,contratada em 2024 pelaAdministra\u00e7\u00e3o Municipal. A Prefeitura diz que h\u00e1 notas fi scais da empresa CMLAlimenta\u00e7\u00e3o em aberto.<\/p>\n\n\n\n<p>Dentre os direitos que as contratadas n\u00e3o est\u00e3o recebendo est\u00e3o: f\u00e9rias, fundo degarantia, vale-transporte, vale-refei\u00e7\u00e3o, cesta b\u00e1sica e conv\u00eanio m\u00e9dico. Afuncion\u00e1ria Kate Priscila de Almeida explicou a situa\u00e7\u00e3o. \u201cS\u00f3 recebemos os direitos durante alguns meses. Estamos sem a possibilidade de pagar nossas contas, tirar f\u00e9rias ou marcar consultas m\u00e9dicas\u201d. <\/p>\n\n\n\n<p>Uma funcion\u00e1ria- que n\u00e3o quis se identificar- explicou que o valor do conv\u00eanio est\u00e1 sendo descontado da folha de pagamento mas, ao ligar para marcar uma consulta, a empresa m\u00e9dica explica que a CML Alimenta\u00e7\u00e3o n\u00e3o realizou o pagamento.<\/p>\n\n\n\n<p>\u201cNosso intuito n\u00e3o \u00e9 prejudicar ningu\u00e9m, s\u00f3 queremos receber os direitos. Temos comprometimento com as crian\u00e7as e o nosso trabalho. Mas a empresa n\u00e3o tem comprometimento nenhum com as merendeiras. Nossos filhos tamb\u00e9m estudam nas escolas municipais e dependem da merenda escolar\u201d, explicou Kate.<\/p>\n\n\n\n<p>Uma merendeira- que tamb\u00e9m optou por n\u00e3o ser identificada- trabalha na Escola Municipal Herbert Henry Dow h\u00e1 16 anos e desabafou. \u201c\u00c9 humilhante voc\u00ea trabalhar, n\u00e3o receber o sal\u00e1rio e sequer receber uma posi\u00e7\u00e3o da empresa. Ainda temos que pagar para trabalhar para cumprir nosso hor\u00e1rio\u201d.<\/p>\n\n\n\n<p>As trabalhadoras, juntamente com o Sindicato dos Trabalhadores em Refei\u00e7\u00f5esColetivas e Refei\u00e7\u00f5es Escolares de Cubat\u00e3o e Regi\u00e3o (Sintercub), foram convidadaspara uma reuni\u00e3o pelo Prefeito Farid Madi (Pode), ap\u00f3s protestarem em frente aoPa\u00e7o Municipal pedindo pelo pagamento dos sal\u00e1rios. Segundo as funcion\u00e1rias, ogestor municipal garantiu contatar a CML, mas solicitou um prazo para resposta.<\/p>\n\n\n\n<h2 class=\"wp-block-heading\" id=\"h-greve\">Greve<\/h2>\n\n\n\n<p>Em nota, o Sintercub e as merendeiras anunciaram a paralisa\u00e7\u00e3o indeterminadacaso a empresa CML Alimenta\u00e7\u00e3o n\u00e3o realize o pagamento dos sal\u00e1rios e dosdireitos atrasados at\u00e9 a volta \u00e0s aulas.<\/p>\n\n\n\n<h2 class=\"wp-block-heading\" id=\"h-contrato-com-a-cml\">Contrato com a CML<\/h2>\n\n\n\n<p>A empresa CML foi contratada no dia 19 de agosto de 2024, em car\u00e1teremergencial, para prestar servi\u00e7os de limpeza escolar. De acordo com decretodispon\u00edvel no Di\u00e1rio Ofi cial da cidade no dia 21 de agosto, a terceirizada recebeum valor mensal de R$ 890.845,06.<\/p>\n\n\n\n<p>Outro contrato dispon\u00edvel no di\u00e1rio oficial \u00e9 o de presta\u00e7\u00e3o de servi\u00e7os de preparoe distribui\u00e7\u00e3o de alimenta\u00e7\u00e3o, com o valor mensal de R$ 8.080.324,08, assinadoem 7 de outubro de 2024.<\/p>\n\n\n\n<h2 class=\"wp-block-heading\" id=\"h-historico-de-falta-de-pagamento\">Hist\u00f3rico de falta de pagamento<\/h2>\n\n\n\n<p>Outras empresas que prestavam servi\u00e7o ao Guaruj\u00e1 tamb\u00e9m n\u00e3o realizaram opagamento dos direitos trabalhistas e sal\u00e1rios dos funcion\u00e1rios. A empresa Prime,prestou servi\u00e7os ao munic\u00edpio durante cinco anos, mas saiu sem realizar opagamento dos funcion\u00e1rios. Em car\u00e1ter emergencial, foi contratada a DMLAlimenta\u00e7\u00e3o, que, ap\u00f3s seis meses, ignorou os direitos e paralisou a presta\u00e7\u00e3o deservi\u00e7os.<\/p>\n\n\n\n<h2 class=\"wp-block-heading\" id=\"h-posicionamento\">Posicionamento<\/h2>\n\n\n\n<p>Em nota, a Prefeitura de Guaruj\u00e1 informou que h\u00e1 notas fi scais da empresa CMLAlimenta\u00e7\u00e3o em aberto com o Munic\u00edpio, atestadas por membros daAdministra\u00e7\u00e3o Municipal que j\u00e1 n\u00e3o integram a atual gest\u00e3o.<\/p>\n\n\n\n<p>&#8220;Neste momento, essas e outras notas referentes a outros servi\u00e7os est\u00e3o eman\u00e1lise t\u00e9cnica por membros da atual Administra\u00e7\u00e3o, que assumiu no \u00faltimo dia 1\u00bade janeiro. Al\u00e9m do mais, o Munic\u00edpio acrescenta que n\u00e3o h\u00e1 que se falar em interrup\u00e7\u00e3o de servi\u00e7os a partir de atrasos de pagamentos inferiores a 90 dias,sobretudo em servi\u00e7os considerados essenciais, caso dos contratos da empresaCML Alimenta\u00e7\u00e3o. Por isso, a municipalidade estuda as medidas cab\u00edveis&#8221;.<\/p>\n\n\n\n<p>Procurada por A Tribuna, a CML Alimenta\u00e7\u00e3o n\u00e3o se posicionou at\u00e9 a publica\u00e7\u00e3odesta mat\u00e9ria.<\/p>\n\n\n\n<p><strong>Not\u00edcia Publicada pela A Tribuna <a href=\"https:\/\/www.atribuna.com.br\/cidades\/guaruja\/funcionarias-da-rede-municipal-de-ensino-de-guaruja-anunciam-paralisac-o-e-protestam-por-falta-de-pagamento-1.448258\">https:\/\/www.atribuna.com.br\/cidades\/guaruja\/funcionarias-da-rede-municipal-de-ensino-de-guaruja-anunciam-paralisac-o-e-protestam-por-falta-de-pagamento-1.448258<\/a><\/strong><\/p>\n\n\n\n<p><\/p>\n","protected":false},"excerpt":{"rendered":"<p>Respons\u00e1veis pela merenda e limpeza escolar da rede de ensino reclamam que aterceirizada n\u00e3o est\u00e1 cumprindo com pagamentos de sal\u00e1rios e direitostrabalhistas; Procurada, a Prefeitura n\u00e3o se posicionou A Tribuna, Marjorie Santos, 21 de janeiro de 2025 &#8211; Funcion\u00e1rias da merenda e limpezaescolar da rede municipal de ensinode Guaruj\u00e1 protestaram em frente aoPa\u00e7o Moacir dos [&hellip;]<\/p>\n","protected":false},"author":1,"featured_media":3076,"comment_status":"closed","ping_status":"closed","sticky":false,"template":"","format":"standard","meta":{"footnotes":""},"categories":[10],"tags":[],"class_list":["post-3075","post","type-post","status-publish","format-standard","has-post-thumbnail","hentry","category-noticia-da-cidade-e-baixada-santista"],"yoast_head":"<!-- This site is optimized with the Yoast SEO Premium plugin v26.7 (Yoast SEO v26.7) - https:\/\/yoast.com\/wordpress\/plugins\/seo\/ -->\n<title>Funcion\u00e1rias da rede municipal deensino de Guaruj\u00e1 anunciam paralisa\u00e7\u00e3oe protestam por falta de pagamento - AGUAVIVA<\/title>\n<meta name=\"robots\" content=\"index, follow, max-snippet:-1, max-image-preview:large, max-video-preview:-1\" \/>\n<link rel=\"canonical\" href=\"https:\/\/guaruja.org.br\/aguaviva\/funcionarias-da-rede-municipal-deensino-de-guaruja-anunciam-paralisacaoe-protestam-por-falta-de-pagamento\/\" \/>\n<meta property=\"og:locale\" content=\"pt_BR\" \/>\n<meta property=\"og:type\" content=\"article\" \/>\n<meta property=\"og:title\" content=\"Funcion\u00e1rias da rede municipal deensino de Guaruj\u00e1 anunciam paralisa\u00e7\u00e3oe protestam por falta de pagamento\" \/>\n<meta property=\"og:description\" content=\"Respons\u00e1veis pela merenda e limpeza escolar da rede de ensino reclamam que aterceirizada n\u00e3o est\u00e1 cumprindo com pagamentos de sal\u00e1rios e direitostrabalhistas; Procurada, a Prefeitura n\u00e3o se posicionou A Tribuna, Marjorie Santos, 21 de janeiro de 2025 &#8211; Funcion\u00e1rias da merenda e limpezaescolar da rede municipal de ensinode Guaruj\u00e1 protestaram em frente aoPa\u00e7o Moacir dos [&hellip;]\" \/>\n<meta property=\"og:url\" content=\"https:\/\/guaruja.org.br\/aguaviva\/funcionarias-da-rede-municipal-deensino-de-guaruja-anunciam-paralisacaoe-protestam-por-falta-de-pagamento\/\" \/>\n<meta property=\"og:site_name\" content=\"AGUAVIVA\" \/>\n<meta property=\"article:publisher\" content=\"https:\/\/www.facebook.com\/guarujaaguaviva\" \/>\n<meta property=\"article:published_time\" content=\"2025-01-21T20:08:34+00:00\" \/>\n<meta property=\"article:modified_time\" content=\"2025-01-21T20:08:39+00:00\" \/>\n<meta property=\"og:image\" content=\"https:\/\/guaruja.org.br\/aguaviva\/wp-content\/uploads\/2025\/01\/REUNIAO-ADIADA-9.png\" \/>\n\t<meta property=\"og:image:width\" content=\"415\" \/>\n\t<meta property=\"og:image:height\" content=\"280\" \/>\n\t<meta property=\"og:image:type\" content=\"image\/png\" \/>\n<meta name=\"author\" content=\"morgana\" \/>\n<meta name=\"twitter:card\" content=\"summary_large_image\" \/>\n<meta name=\"twitter:label1\" content=\"Escrito por\" \/>\n\t<meta name=\"twitter:data1\" content=\"morgana\" \/>\n\t<meta name=\"twitter:label2\" content=\"Est. tempo de leitura\" \/>\n\t<meta name=\"twitter:data2\" content=\"4 minutos\" \/>\n<script type=\"application\/ld+json\" class=\"yoast-schema-graph\">{\"@context\":\"https:\/\/schema.org\",\"@graph\":[{\"@type\":\"Article\",\"@id\":\"https:\/\/guaruja.org.br\/aguaviva\/funcionarias-da-rede-municipal-deensino-de-guaruja-anunciam-paralisacaoe-protestam-por-falta-de-pagamento\/#article\",\"isPartOf\":{\"@id\":\"https:\/\/guaruja.org.br\/aguaviva\/funcionarias-da-rede-municipal-deensino-de-guaruja-anunciam-paralisacaoe-protestam-por-falta-de-pagamento\/\"},\"author\":{\"name\":\"morgana\",\"@id\":\"https:\/\/guaruja.org.br\/aguaviva\/#\/schema\/person\/9eebcb3a8418982418c00d543a25aee4\"},\"headline\":\"Funcion\u00e1rias da rede municipal deensino de Guaruj\u00e1 anunciam paralisa\u00e7\u00e3oe protestam por falta de pagamento\",\"datePublished\":\"2025-01-21T20:08:34+00:00\",\"dateModified\":\"2025-01-21T20:08:39+00:00\",\"mainEntityOfPage\":{\"@id\":\"https:\/\/guaruja.org.br\/aguaviva\/funcionarias-da-rede-municipal-deensino-de-guaruja-anunciam-paralisacaoe-protestam-por-falta-de-pagamento\/\"},\"wordCount\":731,\"publisher\":{\"@id\":\"https:\/\/guaruja.org.br\/aguaviva\/#organization\"},\"image\":{\"@id\":\"https:\/\/guaruja.org.br\/aguaviva\/funcionarias-da-rede-municipal-deensino-de-guaruja-anunciam-paralisacaoe-protestam-por-falta-de-pagamento\/#primaryimage\"},\"thumbnailUrl\":\"https:\/\/guaruja.org.br\/aguaviva\/wp-content\/uploads\/2025\/01\/REUNIAO-ADIADA-9.png\",\"articleSection\":[\"Not\u00edcias da Cidade e Baixada Santista\"],\"inLanguage\":\"pt-BR\"},{\"@type\":\"WebPage\",\"@id\":\"https:\/\/guaruja.org.br\/aguaviva\/funcionarias-da-rede-municipal-deensino-de-guaruja-anunciam-paralisacaoe-protestam-por-falta-de-pagamento\/\",\"url\":\"https:\/\/guaruja.org.br\/aguaviva\/funcionarias-da-rede-municipal-deensino-de-guaruja-anunciam-paralisacaoe-protestam-por-falta-de-pagamento\/\",\"name\":\"Funcion\u00e1rias da rede municipal deensino de Guaruj\u00e1 anunciam paralisa\u00e7\u00e3oe protestam por falta de pagamento - AGUAVIVA\",\"isPartOf\":{\"@id\":\"https:\/\/guaruja.org.br\/aguaviva\/#website\"},\"primaryImageOfPage\":{\"@id\":\"https:\/\/guaruja.org.br\/aguaviva\/funcionarias-da-rede-municipal-deensino-de-guaruja-anunciam-paralisacaoe-protestam-por-falta-de-pagamento\/#primaryimage\"},\"image\":{\"@id\":\"https:\/\/guaruja.org.br\/aguaviva\/funcionarias-da-rede-municipal-deensino-de-guaruja-anunciam-paralisacaoe-protestam-por-falta-de-pagamento\/#primaryimage\"},\"thumbnailUrl\":\"https:\/\/guaruja.org.br\/aguaviva\/wp-content\/uploads\/2025\/01\/REUNIAO-ADIADA-9.png\",\"datePublished\":\"2025-01-21T20:08:34+00:00\",\"dateModified\":\"2025-01-21T20:08:39+00:00\",\"breadcrumb\":{\"@id\":\"https:\/\/guaruja.org.br\/aguaviva\/funcionarias-da-rede-municipal-deensino-de-guaruja-anunciam-paralisacaoe-protestam-por-falta-de-pagamento\/#breadcrumb\"},\"inLanguage\":\"pt-BR\",\"potentialAction\":[{\"@type\":\"ReadAction\",\"target\":[\"https:\/\/guaruja.org.br\/aguaviva\/funcionarias-da-rede-municipal-deensino-de-guaruja-anunciam-paralisacaoe-protestam-por-falta-de-pagamento\/\"]}]},{\"@type\":\"ImageObject\",\"inLanguage\":\"pt-BR\",\"@id\":\"https:\/\/guaruja.org.br\/aguaviva\/funcionarias-da-rede-municipal-deensino-de-guaruja-anunciam-paralisacaoe-protestam-por-falta-de-pagamento\/#primaryimage\",\"url\":\"https:\/\/guaruja.org.br\/aguaviva\/wp-content\/uploads\/2025\/01\/REUNIAO-ADIADA-9.png\",\"contentUrl\":\"https:\/\/guaruja.org.br\/aguaviva\/wp-content\/uploads\/2025\/01\/REUNIAO-ADIADA-9.png\",\"width\":415,\"height\":280},{\"@type\":\"BreadcrumbList\",\"@id\":\"https:\/\/guaruja.org.br\/aguaviva\/funcionarias-da-rede-municipal-deensino-de-guaruja-anunciam-paralisacaoe-protestam-por-falta-de-pagamento\/#breadcrumb\",\"itemListElement\":[{\"@type\":\"ListItem\",\"position\":1,\"name\":\"In\u00edcio\",\"item\":\"https:\/\/guaruja.org.br\/aguaviva\/\"},{\"@type\":\"ListItem\",\"position\":2,\"name\":\"Funcion\u00e1rias da rede municipal deensino de Guaruj\u00e1 anunciam paralisa\u00e7\u00e3oe protestam por falta de pagamento\"}]},{\"@type\":\"WebSite\",\"@id\":\"https:\/\/guaruja.org.br\/aguaviva\/#website\",\"url\":\"https:\/\/guaruja.org.br\/aguaviva\/\",\"name\":\"AGUAVIVA\",\"description\":\"Associa\u00e7\u00e3o Guaruj\u00e1 Viva\",\"publisher\":{\"@id\":\"https:\/\/guaruja.org.br\/aguaviva\/#organization\"},\"alternateName\":\"AGUAVIVA\",\"potentialAction\":[{\"@type\":\"SearchAction\",\"target\":{\"@type\":\"EntryPoint\",\"urlTemplate\":\"https:\/\/guaruja.org.br\/aguaviva\/?s={search_term_string}\"},\"query-input\":{\"@type\":\"PropertyValueSpecification\",\"valueRequired\":true,\"valueName\":\"search_term_string\"}}],\"inLanguage\":\"pt-BR\"},{\"@type\":\"Organization\",\"@id\":\"https:\/\/guaruja.org.br\/aguaviva\/#organization\",\"name\":\"AGUAVIVA\",\"alternateName\":\"AGUAVIVA\",\"url\":\"https:\/\/guaruja.org.br\/aguaviva\/\",\"logo\":{\"@type\":\"ImageObject\",\"inLanguage\":\"pt-BR\",\"@id\":\"https:\/\/guaruja.org.br\/aguaviva\/#\/schema\/logo\/image\/\",\"url\":\"https:\/\/guaruja.org.br\/aguaviva\/wp-content\/uploads\/2025\/03\/logo-aguaviva-horizontal.png\",\"contentUrl\":\"https:\/\/guaruja.org.br\/aguaviva\/wp-content\/uploads\/2025\/03\/logo-aguaviva-horizontal.png\",\"width\":3280,\"height\":1080,\"caption\":\"AGUAVIVA\"},\"image\":{\"@id\":\"https:\/\/guaruja.org.br\/aguaviva\/#\/schema\/logo\/image\/\"},\"sameAs\":[\"https:\/\/www.facebook.com\/guarujaaguaviva\",\"https:\/\/www.instagram.com\/aguavivaguaruja\/\"]},{\"@type\":\"Person\",\"@id\":\"https:\/\/guaruja.org.br\/aguaviva\/#\/schema\/person\/9eebcb3a8418982418c00d543a25aee4\",\"name\":\"morgana\",\"sameAs\":[\"https:\/\/guaruja.org.br\/aguaviva-02\"],\"url\":\"https:\/\/guaruja.org.br\/aguaviva\/author\/morgana\/\"}]}<\/script>\n<!-- \/ Yoast SEO Premium plugin. -->","yoast_head_json":{"title":"Funcion\u00e1rias da rede municipal deensino de Guaruj\u00e1 anunciam paralisa\u00e7\u00e3oe protestam por falta de pagamento - AGUAVIVA","robots":{"index":"index","follow":"follow","max-snippet":"max-snippet:-1","max-image-preview":"max-image-preview:large","max-video-preview":"max-video-preview:-1"},"canonical":"https:\/\/guaruja.org.br\/aguaviva\/funcionarias-da-rede-municipal-deensino-de-guaruja-anunciam-paralisacaoe-protestam-por-falta-de-pagamento\/","og_locale":"pt_BR","og_type":"article","og_title":"Funcion\u00e1rias da rede municipal deensino de Guaruj\u00e1 anunciam paralisa\u00e7\u00e3oe protestam por falta de pagamento","og_description":"Respons\u00e1veis pela merenda e limpeza escolar da rede de ensino reclamam que aterceirizada n\u00e3o est\u00e1 cumprindo com pagamentos de sal\u00e1rios e direitostrabalhistas; Procurada, a Prefeitura n\u00e3o se posicionou A Tribuna, Marjorie Santos, 21 de janeiro de 2025 &#8211; Funcion\u00e1rias da merenda e limpezaescolar da rede municipal de ensinode Guaruj\u00e1 protestaram em frente aoPa\u00e7o Moacir dos [&hellip;]","og_url":"https:\/\/guaruja.org.br\/aguaviva\/funcionarias-da-rede-municipal-deensino-de-guaruja-anunciam-paralisacaoe-protestam-por-falta-de-pagamento\/","og_site_name":"AGUAVIVA","article_publisher":"https:\/\/www.facebook.com\/guarujaaguaviva","article_published_time":"2025-01-21T20:08:34+00:00","article_modified_time":"2025-01-21T20:08:39+00:00","og_image":[{"width":415,"height":280,"url":"https:\/\/guaruja.org.br\/aguaviva\/wp-content\/uploads\/2025\/01\/REUNIAO-ADIADA-9.png","type":"image\/png"}],"author":"morgana","twitter_card":"summary_large_image","twitter_misc":{"Escrito por":"morgana","Est. tempo de leitura":"4 minutos"},"schema":{"@context":"https:\/\/schema.org","@graph":[{"@type":"Article","@id":"https:\/\/guaruja.org.br\/aguaviva\/funcionarias-da-rede-municipal-deensino-de-guaruja-anunciam-paralisacaoe-protestam-por-falta-de-pagamento\/#article","isPartOf":{"@id":"https:\/\/guaruja.org.br\/aguaviva\/funcionarias-da-rede-municipal-deensino-de-guaruja-anunciam-paralisacaoe-protestam-por-falta-de-pagamento\/"},"author":{"name":"morgana","@id":"https:\/\/guaruja.org.br\/aguaviva\/#\/schema\/person\/9eebcb3a8418982418c00d543a25aee4"},"headline":"Funcion\u00e1rias da rede municipal deensino de Guaruj\u00e1 anunciam paralisa\u00e7\u00e3oe protestam por falta de pagamento","datePublished":"2025-01-21T20:08:34+00:00","dateModified":"2025-01-21T20:08:39+00:00","mainEntityOfPage":{"@id":"https:\/\/guaruja.org.br\/aguaviva\/funcionarias-da-rede-municipal-deensino-de-guaruja-anunciam-paralisacaoe-protestam-por-falta-de-pagamento\/"},"wordCount":731,"publisher":{"@id":"https:\/\/guaruja.org.br\/aguaviva\/#organization"},"image":{"@id":"https:\/\/guaruja.org.br\/aguaviva\/funcionarias-da-rede-municipal-deensino-de-guaruja-anunciam-paralisacaoe-protestam-por-falta-de-pagamento\/#primaryimage"},"thumbnailUrl":"https:\/\/guaruja.org.br\/aguaviva\/wp-content\/uploads\/2025\/01\/REUNIAO-ADIADA-9.png","articleSection":["Not\u00edcias da Cidade e Baixada Santista"],"inLanguage":"pt-BR"},{"@type":"WebPage","@id":"https:\/\/guaruja.org.br\/aguaviva\/funcionarias-da-rede-municipal-deensino-de-guaruja-anunciam-paralisacaoe-protestam-por-falta-de-pagamento\/","url":"https:\/\/guaruja.org.br\/aguaviva\/funcionarias-da-rede-municipal-deensino-de-guaruja-anunciam-paralisacaoe-protestam-por-falta-de-pagamento\/","name":"Funcion\u00e1rias da rede municipal deensino de Guaruj\u00e1 anunciam paralisa\u00e7\u00e3oe protestam por falta de pagamento - AGUAVIVA","isPartOf":{"@id":"https:\/\/guaruja.org.br\/aguaviva\/#website"},"primaryImageOfPage":{"@id":"https:\/\/guaruja.org.br\/aguaviva\/funcionarias-da-rede-municipal-deensino-de-guaruja-anunciam-paralisacaoe-protestam-por-falta-de-pagamento\/#primaryimage"},"image":{"@id":"https:\/\/guaruja.org.br\/aguaviva\/funcionarias-da-rede-municipal-deensino-de-guaruja-anunciam-paralisacaoe-protestam-por-falta-de-pagamento\/#primaryimage"},"thumbnailUrl":"https:\/\/guaruja.org.br\/aguaviva\/wp-content\/uploads\/2025\/01\/REUNIAO-ADIADA-9.png","datePublished":"2025-01-21T20:08:34+00:00","dateModified":"2025-01-21T20:08:39+00:00","breadcrumb":{"@id":"https:\/\/guaruja.org.br\/aguaviva\/funcionarias-da-rede-municipal-deensino-de-guaruja-anunciam-paralisacaoe-protestam-por-falta-de-pagamento\/#breadcrumb"},"inLanguage":"pt-BR","potentialAction":[{"@type":"ReadAction","target":["https:\/\/guaruja.org.br\/aguaviva\/funcionarias-da-rede-municipal-deensino-de-guaruja-anunciam-paralisacaoe-protestam-por-falta-de-pagamento\/"]}]},{"@type":"ImageObject","inLanguage":"pt-BR","@id":"https:\/\/guaruja.org.br\/aguaviva\/funcionarias-da-rede-municipal-deensino-de-guaruja-anunciam-paralisacaoe-protestam-por-falta-de-pagamento\/#primaryimage","url":"https:\/\/guaruja.org.br\/aguaviva\/wp-content\/uploads\/2025\/01\/REUNIAO-ADIADA-9.png","contentUrl":"https:\/\/guaruja.org.br\/aguaviva\/wp-content\/uploads\/2025\/01\/REUNIAO-ADIADA-9.png","width":415,"height":280},{"@type":"BreadcrumbList","@id":"https:\/\/guaruja.org.br\/aguaviva\/funcionarias-da-rede-municipal-deensino-de-guaruja-anunciam-paralisacaoe-protestam-por-falta-de-pagamento\/#breadcrumb","itemListElement":[{"@type":"ListItem","position":1,"name":"In\u00edcio","item":"https:\/\/guaruja.org.br\/aguaviva\/"},{"@type":"ListItem","position":2,"name":"Funcion\u00e1rias da rede municipal deensino de Guaruj\u00e1 anunciam paralisa\u00e7\u00e3oe protestam por falta de pagamento"}]},{"@type":"WebSite","@id":"https:\/\/guaruja.org.br\/aguaviva\/#website","url":"https:\/\/guaruja.org.br\/aguaviva\/","name":"AGUAVIVA","description":"Associa\u00e7\u00e3o Guaruj\u00e1 Viva","publisher":{"@id":"https:\/\/guaruja.org.br\/aguaviva\/#organization"},"alternateName":"AGUAVIVA","potentialAction":[{"@type":"SearchAction","target":{"@type":"EntryPoint","urlTemplate":"https:\/\/guaruja.org.br\/aguaviva\/?s={search_term_string}"},"query-input":{"@type":"PropertyValueSpecification","valueRequired":true,"valueName":"search_term_string"}}],"inLanguage":"pt-BR"},{"@type":"Organization","@id":"https:\/\/guaruja.org.br\/aguaviva\/#organization","name":"AGUAVIVA","alternateName":"AGUAVIVA","url":"https:\/\/guaruja.org.br\/aguaviva\/","logo":{"@type":"ImageObject","inLanguage":"pt-BR","@id":"https:\/\/guaruja.org.br\/aguaviva\/#\/schema\/logo\/image\/","url":"https:\/\/guaruja.org.br\/aguaviva\/wp-content\/uploads\/2025\/03\/logo-aguaviva-horizontal.png","contentUrl":"https:\/\/guaruja.org.br\/aguaviva\/wp-content\/uploads\/2025\/03\/logo-aguaviva-horizontal.png","width":3280,"height":1080,"caption":"AGUAVIVA"},"image":{"@id":"https:\/\/guaruja.org.br\/aguaviva\/#\/schema\/logo\/image\/"},"sameAs":["https:\/\/www.facebook.com\/guarujaaguaviva","https:\/\/www.instagram.com\/aguavivaguaruja\/"]},{"@type":"Person","@id":"https:\/\/guaruja.org.br\/aguaviva\/#\/schema\/person\/9eebcb3a8418982418c00d543a25aee4","name":"morgana","sameAs":["https:\/\/guaruja.org.br\/aguaviva-02"],"url":"https:\/\/guaruja.org.br\/aguaviva\/author\/morgana\/"}]}},"_links":{"self":[{"href":"https:\/\/guaruja.org.br\/aguaviva\/wp-json\/wp\/v2\/posts\/3075","targetHints":{"allow":["GET"]}}],"collection":[{"href":"https:\/\/guaruja.org.br\/aguaviva\/wp-json\/wp\/v2\/posts"}],"about":[{"href":"https:\/\/guaruja.org.br\/aguaviva\/wp-json\/wp\/v2\/types\/post"}],"author":[{"embeddable":true,"href":"https:\/\/guaruja.org.br\/aguaviva\/wp-json\/wp\/v2\/users\/1"}],"replies":[{"embeddable":true,"href":"https:\/\/guaruja.org.br\/aguaviva\/wp-json\/wp\/v2\/comments?post=3075"}],"version-history":[{"count":1,"href":"https:\/\/guaruja.org.br\/aguaviva\/wp-json\/wp\/v2\/posts\/3075\/revisions"}],"predecessor-version":[{"id":3077,"href":"https:\/\/guaruja.org.br\/aguaviva\/wp-json\/wp\/v2\/posts\/3075\/revisions\/3077"}],"wp:featuredmedia":[{"embeddable":true,"href":"https:\/\/guaruja.org.br\/aguaviva\/wp-json\/wp\/v2\/media\/3076"}],"wp:attachment":[{"href":"https:\/\/guaruja.org.br\/aguaviva\/wp-json\/wp\/v2\/media?parent=3075"}],"wp:term":[{"taxonomy":"category","embeddable":true,"href":"https:\/\/guaruja.org.br\/aguaviva\/wp-json\/wp\/v2\/categories?post=3075"},{"taxonomy":"post_tag","embeddable":true,"href":"https:\/\/guaruja.org.br\/aguaviva\/wp-json\/wp\/v2\/tags?post=3075"}],"curies":[{"name":"wp","href":"https:\/\/api.w.org\/{rel}","templated":true}]}}