{"id":3903,"date":"2025-05-02T11:52:07","date_gmt":"2025-05-02T14:52:07","guid":{"rendered":"https:\/\/guaruja.org.br\/aguaviva\/?p=3903"},"modified":"2025-05-02T11:59:26","modified_gmt":"2025-05-02T14:59:26","slug":"transparencia-publica-sob-pressao","status":"publish","type":"post","link":"https:\/\/guaruja.org.br\/aguaviva\/transparencia-publica-sob-pressao\/","title":{"rendered":"Transpar\u00eancia P\u00fablica Sob Press\u00e3o"},"content":{"rendered":"\n<p class=\"has-text-align-right\">*Jos\u00e9 Manoel Ferreira Gon\u00e7alves<br><em>Engenheiro, advogado e jornalista<\/em><\/p>\n\n\n\n<h2 class=\"wp-block-heading\" id=\"h-morosidade-dados-incompletos-e-desconfianca\"><em>Morosidade, dados incompletos e desconfian\u00e7a<\/em><\/h2>\n\n\n\n<p>A recente iniciativa da Associa\u00e7\u00e3o Guaruj\u00e1 Viva \u2013 \u00c1gua Viva, ao acionar o Minist\u00e9rio P\u00fablico do Estado de S\u00e3o Paulo, evidencia um problema recorrente na administra\u00e7\u00e3o p\u00fablica brasileira: a resist\u00eancia em cumprir plenamente a Lei de Acesso \u00e0 Informa\u00e7\u00e3o (Lei Federal n\u00ba 12.527\/2011). A a\u00e7\u00e3o tem como foco a opera\u00e7\u00e3o tapa-buracos realizada em Guaruj\u00e1 entre janeiro e mar\u00e7o de 2025, cuja presta\u00e7\u00e3o de contas, segundo a entidade, segue incompleta e insatisfat\u00f3ria.<\/p>\n\n\n\n<p>Desde o in\u00edcio de abril, a entidade protocolou pedidos objetivos e fundamentados, incluindo o detalhamento dos logradouros atendidos, o tipo e a quantidade de massa asf\u00e1ltica aplicada, os custos segregados por item e localidade, al\u00e9m dos documentos fiscais e contratuais. Apesar da clareza dos questionamentos, a resposta do Executivo Municipal veio apenas de forma parcial, limitando-se aos relat\u00f3rios de locais atendidos e volume de asfalto utilizado.<\/p>\n\n\n\n<h2 class=\"wp-block-heading\" id=\"h-transparencia-e-um-principio\"><em>Transpar\u00eancia \u00e9 um princ\u00edpio<\/em><\/h2>\n\n\n\n<p>A transpar\u00eancia \u00e9 um princ\u00edpio fundamental da administra\u00e7\u00e3o p\u00fablica que deve reverberar com for\u00e7a neste cen\u00e1rio. A recusa \u2013 ou omiss\u00e3o \u2013 em apresentar os custos financeiros detalhados levanta d\u00favidas leg\u00edtimas sobre a boa gest\u00e3o dos recursos p\u00fablicos. A \u00c1gua Viva, diante da orienta\u00e7\u00e3o de redirecionar o pedido \u00e0 Secretaria Municipal de Finan\u00e7as (SEFIN), fez novo protocolo, demonstrando persist\u00eancia e compromisso com o controle social.<\/p>\n\n\n\n<p>No entanto, a fragmenta\u00e7\u00e3o das respostas e a demora no fornecimento das informa\u00e7\u00f5es sugerem uma falha sist\u00eamica, ou ao menos uma resist\u00eancia burocr\u00e1tica injustific\u00e1vel. Tal conduta vai na contram\u00e3o do princ\u00edpio da publicidade, previsto na Constitui\u00e7\u00e3o Federal, que obriga os gestores p\u00fablicos a prestarem contas de forma clara, completa e em tempo razo\u00e1vel.<\/p>\n\n\n\n<h2 class=\"wp-block-heading\" id=\"h-operacao-tapa-buracos-sob-suspeita-onde-estao-os-dados\"><em>Opera\u00e7\u00e3o tapa-buracos sob suspeita: onde est\u00e3o os dados?<\/em><\/h2>\n\n\n\n<p>O ponto central da den\u00fancia n\u00e3o est\u00e1 na realiza\u00e7\u00e3o das obras em si, mas no acesso aos dados da opera\u00e7\u00e3o tapa-buracos. A transpar\u00eancia, como dissemos, \u00e9 um princ\u00edpio fundamental da administra\u00e7\u00e3o p\u00fablica, especialmente quando se trata de contratos e execu\u00e7\u00e3o de servi\u00e7os de infraestrutura urbana.<\/p>\n\n\n\n<p>A poss\u00edvel exist\u00eancia de sobrepre\u00e7os, contratos mal-conduzidos ou aus\u00eancia de documentos comprobat\u00f3rios precisa ser apurada com rigor. O Minist\u00e9rio P\u00fablico tem agora a miss\u00e3o de garantir que o direito \u00e0 informa\u00e7\u00e3o n\u00e3o se torne letra morta. Transpar\u00eancia, neste caso, n\u00e3o \u00e9 um favor do poder p\u00fablico, mas um dever legal e moral perante os cidad\u00e3os.<em><br><\/em><\/p>\n\n\n\n<h2 class=\"wp-block-heading\" id=\"h-sociedade-civil-vigilante-e-democracia-em-acao\"><em>Sociedade civil vigilante \u00e9 democracia em a\u00e7\u00e3o<\/em><\/h2>\n\n\n\n<p>O gesto da \u00c1gua Viva pretende servir de exemplo para outras organiza\u00e7\u00f5es e moradores do munic\u00edpio. A cobran\u00e7a de explica\u00e7\u00f5es e o uso leg\u00edtimo dos canais institucionais representam a for\u00e7a de uma sociedade civil organizada, que n\u00e3o se conforma com respostas evasivas ou com a opacidade da m\u00e1quina p\u00fablica.<\/p>\n\n\n\n<p>N\u00e3o se trata de uma persegui\u00e7\u00e3o \u00e0 Prefeitura, mas de um esfor\u00e7o para consolidar um modelo de gest\u00e3o mais aberto, respons\u00e1vel e alinhado com as melhores pr\u00e1ticas de governan\u00e7a. O futuro da cidade passa por decis\u00f5es tomadas com base em dados p\u00fablicos, audit\u00e1veis e acess\u00edveis a todos.<\/p>\n\n\n\n<p><em><em><em>*<strong><a href=\"https:\/\/josemanoelfg.com.br\/quem-e-jose-manoel\/\">Jos\u00e9 Manoel<\/a>\u00a0<\/strong>\u00e9 p\u00f3s-doutor em Engenharia, jornalista, escritor e advogado, com uma destacada trajet\u00f3ria na defesa de \u00e1reas cruciais como transporte, sustentabilidade, habita\u00e7\u00e3o, educa\u00e7\u00e3o, sa\u00fade, assist\u00eancia social, meio ambiente e seguran\u00e7a p\u00fablica.\u00a0Ele \u00e9 o fundador da\u00a0<a href=\"https:\/\/ferrofrente.org\/\">FerroFrente<\/a>, uma iniciativa que visa promover o transporte ferrovi\u00e1rio de passageiros no Brasil, e da\u00a0<a href=\"https:\/\/guaruja.org.br\/aguaviva\/\">Associa\u00e7\u00e3o \u00c1gua Viva<\/a>, que fortalece a participa\u00e7\u00e3o da sociedade civil nas decis\u00f5es do munic\u00edpio de Guaruj\u00e1. Membro do Conselho Deliberativo da\u00a0<a href=\"https:\/\/www.engd.org.br\/\">EngD<\/a><\/em><\/em><\/em><\/p>\n\n\n\n<p><em>Declara\u00e7\u00e3o de Fontes:<\/em><br>&#8220;<a href=\"https:\/\/guaruja.org.br\/aguaviva\/agua-viva-denuncia-falta-de-transparencia-na-operacao-tapa-buracos-e-aciona-o-ministerio-publico\/\">As informa\u00e7\u00f5es contidas neste artigo foram obtidas a partir dos documentos oficiais da Associa\u00e7\u00e3o Guaruj\u00e1 Viva \u2013 \u00c1gua Viva, consulta \u00e0 legisla\u00e7\u00e3o federal vigente, e conte\u00fado publicado no portal da entidade.<\/a>&#8220;<\/p>\n","protected":false},"excerpt":{"rendered":"<p>*Jos\u00e9 Manoel Ferreira Gon\u00e7alvesEngenheiro, advogado e jornalista Morosidade, dados incompletos e desconfian\u00e7a A recente iniciativa da Associa\u00e7\u00e3o Guaruj\u00e1 Viva \u2013 \u00c1gua Viva, ao acionar o Minist\u00e9rio P\u00fablico do Estado de S\u00e3o Paulo, evidencia um problema recorrente na administra\u00e7\u00e3o p\u00fablica brasileira: a resist\u00eancia em cumprir plenamente a Lei de Acesso \u00e0 Informa\u00e7\u00e3o (Lei Federal n\u00ba 12.527\/2011). [&hellip;]<\/p>\n","protected":false},"author":1,"featured_media":3904,"comment_status":"closed","ping_status":"closed","sticky":false,"template":"","format":"standard","meta":{"footnotes":""},"categories":[9],"tags":[603,505,604,606,20,607,347,605,108],"class_list":["post-3903","post","type-post","status-publish","format-standard","has-post-thumbnail","hentry","category-artigos","tag-administracaopublica","tag-aguaviva-2","tag-controlesocial","tag-gastospublicos","tag-guaruja-2","tag-leideacesso","tag-ministeriopublico","tag-tapaburacos","tag-transparencia-2"],"yoast_head":"<!-- This site is optimized with the Yoast SEO Premium plugin v26.7 (Yoast SEO v26.7) - https:\/\/yoast.com\/wordpress\/plugins\/seo\/ -->\n<title>Transpar\u00eancia P\u00fablica Sob Press\u00e3o - AGUAVIVA<\/title>\n<meta name=\"description\" content=\"Associa\u00e7\u00e3o \u00c1gua Viva aciona o Minist\u00e9rio P\u00fablico contra a Prefeitura de Guaruj\u00e1 por falhas na transpar\u00eancia da opera\u00e7\u00e3o tapa-buracos entre janeiro e mar\u00e7o de 2025.\" \/>\n<meta name=\"robots\" content=\"index, follow, max-snippet:-1, max-image-preview:large, max-video-preview:-1\" \/>\n<link rel=\"canonical\" href=\"https:\/\/guaruja.org.br\/aguaviva\/transparencia-publica-sob-pressao\/\" \/>\n<meta property=\"og:locale\" content=\"pt_BR\" \/>\n<meta property=\"og:type\" content=\"article\" \/>\n<meta property=\"og:title\" content=\"Transpar\u00eancia P\u00fablica Sob Press\u00e3o\" \/>\n<meta property=\"og:description\" content=\"Associa\u00e7\u00e3o \u00c1gua Viva aciona o Minist\u00e9rio P\u00fablico contra a Prefeitura de Guaruj\u00e1 por falhas na transpar\u00eancia da opera\u00e7\u00e3o tapa-buracos entre janeiro e mar\u00e7o de 2025.\" \/>\n<meta property=\"og:url\" content=\"https:\/\/guaruja.org.br\/aguaviva\/transparencia-publica-sob-pressao\/\" \/>\n<meta property=\"og:site_name\" content=\"AGUAVIVA\" \/>\n<meta property=\"article:publisher\" content=\"https:\/\/www.facebook.com\/guarujaaguaviva\" \/>\n<meta property=\"article:published_time\" content=\"2025-05-02T14:52:07+00:00\" \/>\n<meta property=\"article:modified_time\" content=\"2025-05-02T14:59:26+00:00\" \/>\n<meta property=\"og:image\" content=\"https:\/\/guaruja.org.br\/aguaviva\/wp-content\/uploads\/2025\/05\/silhuetas-de-empresarios-falando-sobre-reuniao-scaled.jpg\" \/>\n\t<meta property=\"og:image:width\" content=\"1771\" \/>\n\t<meta property=\"og:image:height\" content=\"2560\" \/>\n\t<meta property=\"og:image:type\" content=\"image\/jpeg\" \/>\n<meta name=\"author\" content=\"morgana\" \/>\n<meta name=\"twitter:card\" content=\"summary_large_image\" \/>\n<meta name=\"twitter:label1\" content=\"Escrito por\" \/>\n\t<meta name=\"twitter:data1\" content=\"morgana\" \/>\n\t<meta name=\"twitter:label2\" content=\"Est. tempo de leitura\" \/>\n\t<meta name=\"twitter:data2\" content=\"4 minutos\" \/>\n<script type=\"application\/ld+json\" class=\"yoast-schema-graph\">{\"@context\":\"https:\/\/schema.org\",\"@graph\":[{\"@type\":\"Article\",\"@id\":\"https:\/\/guaruja.org.br\/aguaviva\/transparencia-publica-sob-pressao\/#article\",\"isPartOf\":{\"@id\":\"https:\/\/guaruja.org.br\/aguaviva\/transparencia-publica-sob-pressao\/\"},\"author\":{\"name\":\"morgana\",\"@id\":\"https:\/\/guaruja.org.br\/aguaviva\/#\/schema\/person\/9eebcb3a8418982418c00d543a25aee4\"},\"headline\":\"Transpar\u00eancia P\u00fablica Sob Press\u00e3o\",\"datePublished\":\"2025-05-02T14:52:07+00:00\",\"dateModified\":\"2025-05-02T14:59:26+00:00\",\"mainEntityOfPage\":{\"@id\":\"https:\/\/guaruja.org.br\/aguaviva\/transparencia-publica-sob-pressao\/\"},\"wordCount\":691,\"publisher\":{\"@id\":\"https:\/\/guaruja.org.br\/aguaviva\/#organization\"},\"image\":{\"@id\":\"https:\/\/guaruja.org.br\/aguaviva\/transparencia-publica-sob-pressao\/#primaryimage\"},\"thumbnailUrl\":\"https:\/\/guaruja.org.br\/aguaviva\/wp-content\/uploads\/2025\/05\/silhuetas-de-empresarios-falando-sobre-reuniao-scaled.jpg\",\"keywords\":[\"Administra\u00e7\u00e3oP\u00fablica\",\"\u00c1guaViva\",\"ControleSocial\",\"GastosP\u00fablicos\",\"guaruj\u00e1\",\"LeiDeAcesso\",\"Minist\u00e9rioP\u00fablico\",\"TapaBuracos\",\"Transpar\u00eancia\"],\"articleSection\":[\"Artigos\"],\"inLanguage\":\"pt-BR\"},{\"@type\":\"WebPage\",\"@id\":\"https:\/\/guaruja.org.br\/aguaviva\/transparencia-publica-sob-pressao\/\",\"url\":\"https:\/\/guaruja.org.br\/aguaviva\/transparencia-publica-sob-pressao\/\",\"name\":\"Transpar\u00eancia P\u00fablica Sob Press\u00e3o - AGUAVIVA\",\"isPartOf\":{\"@id\":\"https:\/\/guaruja.org.br\/aguaviva\/#website\"},\"primaryImageOfPage\":{\"@id\":\"https:\/\/guaruja.org.br\/aguaviva\/transparencia-publica-sob-pressao\/#primaryimage\"},\"image\":{\"@id\":\"https:\/\/guaruja.org.br\/aguaviva\/transparencia-publica-sob-pressao\/#primaryimage\"},\"thumbnailUrl\":\"https:\/\/guaruja.org.br\/aguaviva\/wp-content\/uploads\/2025\/05\/silhuetas-de-empresarios-falando-sobre-reuniao-scaled.jpg\",\"datePublished\":\"2025-05-02T14:52:07+00:00\",\"dateModified\":\"2025-05-02T14:59:26+00:00\",\"description\":\"Associa\u00e7\u00e3o \u00c1gua Viva aciona o Minist\u00e9rio P\u00fablico contra a Prefeitura de Guaruj\u00e1 por falhas na transpar\u00eancia da opera\u00e7\u00e3o tapa-buracos entre janeiro e mar\u00e7o de 2025.\",\"breadcrumb\":{\"@id\":\"https:\/\/guaruja.org.br\/aguaviva\/transparencia-publica-sob-pressao\/#breadcrumb\"},\"inLanguage\":\"pt-BR\",\"potentialAction\":[{\"@type\":\"ReadAction\",\"target\":[\"https:\/\/guaruja.org.br\/aguaviva\/transparencia-publica-sob-pressao\/\"]}]},{\"@type\":\"ImageObject\",\"inLanguage\":\"pt-BR\",\"@id\":\"https:\/\/guaruja.org.br\/aguaviva\/transparencia-publica-sob-pressao\/#primaryimage\",\"url\":\"https:\/\/guaruja.org.br\/aguaviva\/wp-content\/uploads\/2025\/05\/silhuetas-de-empresarios-falando-sobre-reuniao-scaled.jpg\",\"contentUrl\":\"https:\/\/guaruja.org.br\/aguaviva\/wp-content\/uploads\/2025\/05\/silhuetas-de-empresarios-falando-sobre-reuniao-scaled.jpg\",\"width\":1771,\"height\":2560,\"caption\":\"Image of eyeglasses and pen at workplace with businesspeople standing on the background\"},{\"@type\":\"BreadcrumbList\",\"@id\":\"https:\/\/guaruja.org.br\/aguaviva\/transparencia-publica-sob-pressao\/#breadcrumb\",\"itemListElement\":[{\"@type\":\"ListItem\",\"position\":1,\"name\":\"In\u00edcio\",\"item\":\"https:\/\/guaruja.org.br\/aguaviva\/\"},{\"@type\":\"ListItem\",\"position\":2,\"name\":\"Transpar\u00eancia P\u00fablica Sob Press\u00e3o\"}]},{\"@type\":\"WebSite\",\"@id\":\"https:\/\/guaruja.org.br\/aguaviva\/#website\",\"url\":\"https:\/\/guaruja.org.br\/aguaviva\/\",\"name\":\"AGUAVIVA\",\"description\":\"Associa\u00e7\u00e3o Guaruj\u00e1 Viva\",\"publisher\":{\"@id\":\"https:\/\/guaruja.org.br\/aguaviva\/#organization\"},\"alternateName\":\"AGUAVIVA\",\"potentialAction\":[{\"@type\":\"SearchAction\",\"target\":{\"@type\":\"EntryPoint\",\"urlTemplate\":\"https:\/\/guaruja.org.br\/aguaviva\/?s={search_term_string}\"},\"query-input\":{\"@type\":\"PropertyValueSpecification\",\"valueRequired\":true,\"valueName\":\"search_term_string\"}}],\"inLanguage\":\"pt-BR\"},{\"@type\":\"Organization\",\"@id\":\"https:\/\/guaruja.org.br\/aguaviva\/#organization\",\"name\":\"AGUAVIVA\",\"alternateName\":\"AGUAVIVA\",\"url\":\"https:\/\/guaruja.org.br\/aguaviva\/\",\"logo\":{\"@type\":\"ImageObject\",\"inLanguage\":\"pt-BR\",\"@id\":\"https:\/\/guaruja.org.br\/aguaviva\/#\/schema\/logo\/image\/\",\"url\":\"https:\/\/guaruja.org.br\/aguaviva\/wp-content\/uploads\/2025\/03\/logo-aguaviva-horizontal.png\",\"contentUrl\":\"https:\/\/guaruja.org.br\/aguaviva\/wp-content\/uploads\/2025\/03\/logo-aguaviva-horizontal.png\",\"width\":3280,\"height\":1080,\"caption\":\"AGUAVIVA\"},\"image\":{\"@id\":\"https:\/\/guaruja.org.br\/aguaviva\/#\/schema\/logo\/image\/\"},\"sameAs\":[\"https:\/\/www.facebook.com\/guarujaaguaviva\",\"https:\/\/www.instagram.com\/aguavivaguaruja\/\"]},{\"@type\":\"Person\",\"@id\":\"https:\/\/guaruja.org.br\/aguaviva\/#\/schema\/person\/9eebcb3a8418982418c00d543a25aee4\",\"name\":\"morgana\",\"sameAs\":[\"https:\/\/guaruja.org.br\/aguaviva-02\"],\"url\":\"https:\/\/guaruja.org.br\/aguaviva\/author\/morgana\/\"}]}<\/script>\n<!-- \/ Yoast SEO Premium plugin. -->","yoast_head_json":{"title":"Transpar\u00eancia P\u00fablica Sob Press\u00e3o - AGUAVIVA","description":"Associa\u00e7\u00e3o \u00c1gua Viva aciona o Minist\u00e9rio P\u00fablico contra a Prefeitura de Guaruj\u00e1 por falhas na transpar\u00eancia da opera\u00e7\u00e3o tapa-buracos entre janeiro e mar\u00e7o de 2025.","robots":{"index":"index","follow":"follow","max-snippet":"max-snippet:-1","max-image-preview":"max-image-preview:large","max-video-preview":"max-video-preview:-1"},"canonical":"https:\/\/guaruja.org.br\/aguaviva\/transparencia-publica-sob-pressao\/","og_locale":"pt_BR","og_type":"article","og_title":"Transpar\u00eancia P\u00fablica Sob Press\u00e3o","og_description":"Associa\u00e7\u00e3o \u00c1gua Viva aciona o Minist\u00e9rio P\u00fablico contra a Prefeitura de Guaruj\u00e1 por falhas na transpar\u00eancia da opera\u00e7\u00e3o tapa-buracos entre janeiro e mar\u00e7o de 2025.","og_url":"https:\/\/guaruja.org.br\/aguaviva\/transparencia-publica-sob-pressao\/","og_site_name":"AGUAVIVA","article_publisher":"https:\/\/www.facebook.com\/guarujaaguaviva","article_published_time":"2025-05-02T14:52:07+00:00","article_modified_time":"2025-05-02T14:59:26+00:00","og_image":[{"width":1771,"height":2560,"url":"https:\/\/guaruja.org.br\/aguaviva\/wp-content\/uploads\/2025\/05\/silhuetas-de-empresarios-falando-sobre-reuniao-scaled.jpg","type":"image\/jpeg"}],"author":"morgana","twitter_card":"summary_large_image","twitter_misc":{"Escrito por":"morgana","Est. tempo de leitura":"4 minutos"},"schema":{"@context":"https:\/\/schema.org","@graph":[{"@type":"Article","@id":"https:\/\/guaruja.org.br\/aguaviva\/transparencia-publica-sob-pressao\/#article","isPartOf":{"@id":"https:\/\/guaruja.org.br\/aguaviva\/transparencia-publica-sob-pressao\/"},"author":{"name":"morgana","@id":"https:\/\/guaruja.org.br\/aguaviva\/#\/schema\/person\/9eebcb3a8418982418c00d543a25aee4"},"headline":"Transpar\u00eancia P\u00fablica Sob Press\u00e3o","datePublished":"2025-05-02T14:52:07+00:00","dateModified":"2025-05-02T14:59:26+00:00","mainEntityOfPage":{"@id":"https:\/\/guaruja.org.br\/aguaviva\/transparencia-publica-sob-pressao\/"},"wordCount":691,"publisher":{"@id":"https:\/\/guaruja.org.br\/aguaviva\/#organization"},"image":{"@id":"https:\/\/guaruja.org.br\/aguaviva\/transparencia-publica-sob-pressao\/#primaryimage"},"thumbnailUrl":"https:\/\/guaruja.org.br\/aguaviva\/wp-content\/uploads\/2025\/05\/silhuetas-de-empresarios-falando-sobre-reuniao-scaled.jpg","keywords":["Administra\u00e7\u00e3oP\u00fablica","\u00c1guaViva","ControleSocial","GastosP\u00fablicos","guaruj\u00e1","LeiDeAcesso","Minist\u00e9rioP\u00fablico","TapaBuracos","Transpar\u00eancia"],"articleSection":["Artigos"],"inLanguage":"pt-BR"},{"@type":"WebPage","@id":"https:\/\/guaruja.org.br\/aguaviva\/transparencia-publica-sob-pressao\/","url":"https:\/\/guaruja.org.br\/aguaviva\/transparencia-publica-sob-pressao\/","name":"Transpar\u00eancia P\u00fablica Sob Press\u00e3o - AGUAVIVA","isPartOf":{"@id":"https:\/\/guaruja.org.br\/aguaviva\/#website"},"primaryImageOfPage":{"@id":"https:\/\/guaruja.org.br\/aguaviva\/transparencia-publica-sob-pressao\/#primaryimage"},"image":{"@id":"https:\/\/guaruja.org.br\/aguaviva\/transparencia-publica-sob-pressao\/#primaryimage"},"thumbnailUrl":"https:\/\/guaruja.org.br\/aguaviva\/wp-content\/uploads\/2025\/05\/silhuetas-de-empresarios-falando-sobre-reuniao-scaled.jpg","datePublished":"2025-05-02T14:52:07+00:00","dateModified":"2025-05-02T14:59:26+00:00","description":"Associa\u00e7\u00e3o \u00c1gua Viva aciona o Minist\u00e9rio P\u00fablico contra a Prefeitura de Guaruj\u00e1 por falhas na transpar\u00eancia da opera\u00e7\u00e3o tapa-buracos entre janeiro e mar\u00e7o de 2025.","breadcrumb":{"@id":"https:\/\/guaruja.org.br\/aguaviva\/transparencia-publica-sob-pressao\/#breadcrumb"},"inLanguage":"pt-BR","potentialAction":[{"@type":"ReadAction","target":["https:\/\/guaruja.org.br\/aguaviva\/transparencia-publica-sob-pressao\/"]}]},{"@type":"ImageObject","inLanguage":"pt-BR","@id":"https:\/\/guaruja.org.br\/aguaviva\/transparencia-publica-sob-pressao\/#primaryimage","url":"https:\/\/guaruja.org.br\/aguaviva\/wp-content\/uploads\/2025\/05\/silhuetas-de-empresarios-falando-sobre-reuniao-scaled.jpg","contentUrl":"https:\/\/guaruja.org.br\/aguaviva\/wp-content\/uploads\/2025\/05\/silhuetas-de-empresarios-falando-sobre-reuniao-scaled.jpg","width":1771,"height":2560,"caption":"Image of eyeglasses and pen at workplace with businesspeople standing on the background"},{"@type":"BreadcrumbList","@id":"https:\/\/guaruja.org.br\/aguaviva\/transparencia-publica-sob-pressao\/#breadcrumb","itemListElement":[{"@type":"ListItem","position":1,"name":"In\u00edcio","item":"https:\/\/guaruja.org.br\/aguaviva\/"},{"@type":"ListItem","position":2,"name":"Transpar\u00eancia P\u00fablica Sob Press\u00e3o"}]},{"@type":"WebSite","@id":"https:\/\/guaruja.org.br\/aguaviva\/#website","url":"https:\/\/guaruja.org.br\/aguaviva\/","name":"AGUAVIVA","description":"Associa\u00e7\u00e3o Guaruj\u00e1 Viva","publisher":{"@id":"https:\/\/guaruja.org.br\/aguaviva\/#organization"},"alternateName":"AGUAVIVA","potentialAction":[{"@type":"SearchAction","target":{"@type":"EntryPoint","urlTemplate":"https:\/\/guaruja.org.br\/aguaviva\/?s={search_term_string}"},"query-input":{"@type":"PropertyValueSpecification","valueRequired":true,"valueName":"search_term_string"}}],"inLanguage":"pt-BR"},{"@type":"Organization","@id":"https:\/\/guaruja.org.br\/aguaviva\/#organization","name":"AGUAVIVA","alternateName":"AGUAVIVA","url":"https:\/\/guaruja.org.br\/aguaviva\/","logo":{"@type":"ImageObject","inLanguage":"pt-BR","@id":"https:\/\/guaruja.org.br\/aguaviva\/#\/schema\/logo\/image\/","url":"https:\/\/guaruja.org.br\/aguaviva\/wp-content\/uploads\/2025\/03\/logo-aguaviva-horizontal.png","contentUrl":"https:\/\/guaruja.org.br\/aguaviva\/wp-content\/uploads\/2025\/03\/logo-aguaviva-horizontal.png","width":3280,"height":1080,"caption":"AGUAVIVA"},"image":{"@id":"https:\/\/guaruja.org.br\/aguaviva\/#\/schema\/logo\/image\/"},"sameAs":["https:\/\/www.facebook.com\/guarujaaguaviva","https:\/\/www.instagram.com\/aguavivaguaruja\/"]},{"@type":"Person","@id":"https:\/\/guaruja.org.br\/aguaviva\/#\/schema\/person\/9eebcb3a8418982418c00d543a25aee4","name":"morgana","sameAs":["https:\/\/guaruja.org.br\/aguaviva-02"],"url":"https:\/\/guaruja.org.br\/aguaviva\/author\/morgana\/"}]}},"_links":{"self":[{"href":"https:\/\/guaruja.org.br\/aguaviva\/wp-json\/wp\/v2\/posts\/3903","targetHints":{"allow":["GET"]}}],"collection":[{"href":"https:\/\/guaruja.org.br\/aguaviva\/wp-json\/wp\/v2\/posts"}],"about":[{"href":"https:\/\/guaruja.org.br\/aguaviva\/wp-json\/wp\/v2\/types\/post"}],"author":[{"embeddable":true,"href":"https:\/\/guaruja.org.br\/aguaviva\/wp-json\/wp\/v2\/users\/1"}],"replies":[{"embeddable":true,"href":"https:\/\/guaruja.org.br\/aguaviva\/wp-json\/wp\/v2\/comments?post=3903"}],"version-history":[{"count":2,"href":"https:\/\/guaruja.org.br\/aguaviva\/wp-json\/wp\/v2\/posts\/3903\/revisions"}],"predecessor-version":[{"id":3906,"href":"https:\/\/guaruja.org.br\/aguaviva\/wp-json\/wp\/v2\/posts\/3903\/revisions\/3906"}],"wp:featuredmedia":[{"embeddable":true,"href":"https:\/\/guaruja.org.br\/aguaviva\/wp-json\/wp\/v2\/media\/3904"}],"wp:attachment":[{"href":"https:\/\/guaruja.org.br\/aguaviva\/wp-json\/wp\/v2\/media?parent=3903"}],"wp:term":[{"taxonomy":"category","embeddable":true,"href":"https:\/\/guaruja.org.br\/aguaviva\/wp-json\/wp\/v2\/categories?post=3903"},{"taxonomy":"post_tag","embeddable":true,"href":"https:\/\/guaruja.org.br\/aguaviva\/wp-json\/wp\/v2\/tags?post=3903"}],"curies":[{"name":"wp","href":"https:\/\/api.w.org\/{rel}","templated":true}]}}