{"id":393,"date":"2022-05-23T10:46:20","date_gmt":"2022-05-23T13:46:20","guid":{"rendered":"https:\/\/guaruja.org.br\/aguaviva\/?p=393"},"modified":"2023-07-05T14:19:12","modified_gmt":"2023-07-05T17:19:12","slug":"autor-do-pedido-de-impeachment-de-suman-sera-ouvido-na-camara-dia-23-de-maio","status":"publish","type":"post","link":"https:\/\/guaruja.org.br\/aguaviva\/autor-do-pedido-de-impeachment-de-suman-sera-ouvido-na-camara-dia-23-de-maio\/","title":{"rendered":"Autor do pedido de impeachment de Suman ser\u00e1 ouvido na C\u00e2mara dia 23 de maio"},"content":{"rendered":"\n<p>A Comiss\u00e3o Processante da C\u00e2mara de Guaruj\u00e1 analisou a defesa pr\u00e9via apresentada pelo prefeito V\u00e1lter Suman e decidiu pelo prosseguimento do processo de cassa\u00e7\u00e3o do chefe afastado do poder executivo da Cidade. A Comiss\u00e3o entendeu n\u00e3o ter elementos suficientes para o pedido de arquivamento trazido pela defesa. Agora, a Comiss\u00e3o determinar\u00e1 as dilig\u00eancias e oitivas que ser\u00e3o realizadas no decorrer do processo respeitando os termos do Decreto-Lei 201\/1967.<\/p>\n\n\n\n<p>O engenheiro Jos\u00e9 Manoel Ferreira Gon\u00e7alves, autor do pedido de impeachment de Suman, ser\u00e1 ouvido na C\u00e2mara Municipal no dia 23 de maio, \u00e0s 10 horas. Suman deve dar suas explica\u00e7\u00f5es entre os dias 5 e 10 de junho.<\/p>\n\n\n\n<blockquote class=\"wp-block-quote is-layout-flow wp-block-quote-is-layout-flow\"><p>&#8220;\u00c9 uma vergonha ter um prefeito que foi preso pela Pol\u00edcia Federal e depois foi afastado do cargo pela Justi\u00e7a, que inclusive, determinou a coloca\u00e7\u00e3o de tornozeleira eletr\u00f4nica nele e na esposa. O Suman n\u00e3o tem explica\u00e7\u00f5es claras sobre os fatos, j\u00e1 que agiu sem a transpar\u00eancia e <em>compliance<\/em> necess\u00e1rios e a C\u00e2mara de Guaruj\u00e1 n\u00e3o pode ficar passiva vendo tudo isso. A imagem da Cidade que j\u00e1 vem sendo desgastada ficou ainda pior com mais essa perda de credibilidade p\u00fablica. Consta no inqu\u00e9rito que o prefeito e a primeira-dama s\u00e3o chamados de rei e rainha, respectivamente, o que \u00e9 rid\u00edculo. Sair em rede nacional de TV e n\u00e3o ter como explicar tudo o que aconteceu na sua administra\u00e7\u00e3o. Os fatos s\u00e3o muito graves&#8221;, disse o engenheiro Jos\u00e9 Manoel.<\/p><\/blockquote>\n\n\n\n<p>Suman \u00e9 acusado de desvios na \u00e1rea da sa\u00fade do Munic\u00edpio relacionados \u00e0 Organiza\u00e7\u00e3o Pr\u00f3-vida, \u00e0 empresa AM da Silva Servi\u00e7os Administrativos Ltda., \u00e0 ACENI &#8211; Instituto de Aten\u00e7\u00e3o \u00e0 Sa\u00fade e Educa\u00e7\u00e3o.<\/p>\n\n\n\n<p><\/p>\n\n\n\n<p><a href=\"https:\/\/www.bs9.com.br\/litoral\/comissao-processante-decide-seguir-em-frente-com-processo-de\/5981\/\">https:\/\/www.bs9.com.br\/litoral\/comissao-processante-decide-seguir-em-frente-com-processo-de\/5981\/<\/a><\/p>\n\n\n\n<figure class=\"wp-block-embed is-type-wp-embed is-provider-santa-portal wp-block-embed-santa-portal\"><div class=\"wp-block-embed__wrapper\">\n<blockquote class=\"wp-embedded-content\" data-secret=\"EDC8JZB35e\"><a href=\"https:\/\/santaportal.com.br\/baixada\/autor-do-pedido-de-impeachment-de-suman-sera-ouvido-na-camara-dia-23-de-maio\/\">Autor do pedido de impeachment de Suman ser\u00e1 ouvido na C\u00e2mara dia 23 de maio<\/a><\/blockquote><iframe class=\"wp-embedded-content\" sandbox=\"allow-scripts\" security=\"restricted\" style=\"position: absolute; clip: rect(1px, 1px, 1px, 1px);\" title=\"&#8220;Autor do pedido de impeachment de Suman ser\u00e1 ouvido na C\u00e2mara dia 23 de maio&#8221; &#8212; Santa Portal\" src=\"https:\/\/santaportal.com.br\/baixada\/autor-do-pedido-de-impeachment-de-suman-sera-ouvido-na-camara-dia-23-de-maio\/embed\/#?secret=EDC8JZB35e\" data-secret=\"EDC8JZB35e\" width=\"600\" height=\"338\" frameborder=\"0\" marginwidth=\"0\" marginheight=\"0\" scrolling=\"no\"><\/iframe>\n<\/div><\/figure>\n\n\n\n<figure class=\"wp-block-image size-full\"><img fetchpriority=\"high\" decoding=\"async\" width=\"571\" height=\"529\" src=\"https:\/\/guaruja.org.br\/aguaviva\/wp-content\/uploads\/2022\/05\/WhatsApp-Image-2022-05-20-at-10.01.54-1.jpeg\" alt=\"\" class=\"wp-image-395\" srcset=\"https:\/\/guaruja.org.br\/aguaviva\/wp-content\/uploads\/2022\/05\/WhatsApp-Image-2022-05-20-at-10.01.54-1.jpeg 571w, https:\/\/guaruja.org.br\/aguaviva\/wp-content\/uploads\/2022\/05\/WhatsApp-Image-2022-05-20-at-10.01.54-1-300x278.jpeg 300w\" sizes=\"(max-width: 571px) 100vw, 571px\" \/><\/figure>\n","protected":false},"excerpt":{"rendered":"<p>A Comiss\u00e3o Processante da C\u00e2mara de Guaruj\u00e1 analisou a defesa pr\u00e9via apresentada pelo prefeito V\u00e1lter Suman e decidiu pelo prosseguimento do processo de cassa\u00e7\u00e3o do chefe afastado do poder executivo da Cidade. A Comiss\u00e3o entendeu n\u00e3o ter elementos suficientes para o pedido de arquivamento trazido pela defesa. Agora, a Comiss\u00e3o determinar\u00e1 as dilig\u00eancias e oitivas [&hellip;]<\/p>\n","protected":false},"author":1,"featured_media":396,"comment_status":"closed","ping_status":"closed","sticky":false,"template":"","format":"standard","meta":{"footnotes":""},"categories":[34],"tags":[],"class_list":["post-393","post","type-post","status-publish","format-standard","has-post-thumbnail","hentry","category-releases"],"yoast_head":"<!-- This site is optimized with the Yoast SEO Premium plugin v26.7 (Yoast SEO v26.7) - https:\/\/yoast.com\/wordpress\/plugins\/seo\/ -->\n<title>Autor do pedido de impeachment de Suman ser\u00e1 ouvido na C\u00e2mara dia 23 de maio - AGUAVIVA<\/title>\n<meta name=\"robots\" content=\"index, follow, max-snippet:-1, max-image-preview:large, max-video-preview:-1\" \/>\n<link rel=\"canonical\" href=\"https:\/\/guaruja.org.br\/aguaviva\/autor-do-pedido-de-impeachment-de-suman-sera-ouvido-na-camara-dia-23-de-maio\/\" \/>\n<meta property=\"og:locale\" content=\"pt_BR\" \/>\n<meta property=\"og:type\" content=\"article\" \/>\n<meta property=\"og:title\" content=\"Autor do pedido de impeachment de Suman ser\u00e1 ouvido na C\u00e2mara dia 23 de maio\" \/>\n<meta property=\"og:description\" content=\"A Comiss\u00e3o Processante da C\u00e2mara de Guaruj\u00e1 analisou a defesa pr\u00e9via apresentada pelo prefeito V\u00e1lter Suman e decidiu pelo prosseguimento do processo de cassa\u00e7\u00e3o do chefe afastado do poder executivo da Cidade. A Comiss\u00e3o entendeu n\u00e3o ter elementos suficientes para o pedido de arquivamento trazido pela defesa. Agora, a Comiss\u00e3o determinar\u00e1 as dilig\u00eancias e oitivas [&hellip;]\" \/>\n<meta property=\"og:url\" content=\"https:\/\/guaruja.org.br\/aguaviva\/autor-do-pedido-de-impeachment-de-suman-sera-ouvido-na-camara-dia-23-de-maio\/\" \/>\n<meta property=\"og:site_name\" content=\"AGUAVIVA\" \/>\n<meta property=\"article:publisher\" content=\"https:\/\/www.facebook.com\/guarujaaguaviva\" \/>\n<meta property=\"article:published_time\" content=\"2022-05-23T13:46:20+00:00\" \/>\n<meta property=\"article:modified_time\" content=\"2023-07-05T17:19:12+00:00\" \/>\n<meta property=\"og:image\" content=\"https:\/\/guaruja.org.br\/aguaviva\/wp-content\/uploads\/2022\/05\/WhatsApp-Image-2022-05-23-at-10.14.45.jpeg\" \/>\n\t<meta property=\"og:image:width\" content=\"1600\" \/>\n\t<meta property=\"og:image:height\" content=\"900\" \/>\n\t<meta property=\"og:image:type\" content=\"image\/jpeg\" \/>\n<meta name=\"author\" content=\"morgana\" \/>\n<meta name=\"twitter:card\" content=\"summary_large_image\" \/>\n<meta name=\"twitter:label1\" content=\"Escrito por\" \/>\n\t<meta name=\"twitter:data1\" content=\"morgana\" \/>\n\t<meta name=\"twitter:label2\" content=\"Est. tempo de leitura\" \/>\n\t<meta name=\"twitter:data2\" content=\"2 minutos\" \/>\n<script type=\"application\/ld+json\" class=\"yoast-schema-graph\">{\"@context\":\"https:\/\/schema.org\",\"@graph\":[{\"@type\":\"Article\",\"@id\":\"https:\/\/guaruja.org.br\/aguaviva\/autor-do-pedido-de-impeachment-de-suman-sera-ouvido-na-camara-dia-23-de-maio\/#article\",\"isPartOf\":{\"@id\":\"https:\/\/guaruja.org.br\/aguaviva\/autor-do-pedido-de-impeachment-de-suman-sera-ouvido-na-camara-dia-23-de-maio\/\"},\"author\":{\"name\":\"morgana\",\"@id\":\"https:\/\/guaruja.org.br\/aguaviva\/#\/schema\/person\/9eebcb3a8418982418c00d543a25aee4\"},\"headline\":\"Autor do pedido de impeachment de Suman ser\u00e1 ouvido na C\u00e2mara dia 23 de maio\",\"datePublished\":\"2022-05-23T13:46:20+00:00\",\"dateModified\":\"2023-07-05T17:19:12+00:00\",\"mainEntityOfPage\":{\"@id\":\"https:\/\/guaruja.org.br\/aguaviva\/autor-do-pedido-de-impeachment-de-suman-sera-ouvido-na-camara-dia-23-de-maio\/\"},\"wordCount\":324,\"publisher\":{\"@id\":\"https:\/\/guaruja.org.br\/aguaviva\/#organization\"},\"image\":{\"@id\":\"https:\/\/guaruja.org.br\/aguaviva\/autor-do-pedido-de-impeachment-de-suman-sera-ouvido-na-camara-dia-23-de-maio\/#primaryimage\"},\"thumbnailUrl\":\"https:\/\/guaruja.org.br\/aguaviva\/wp-content\/uploads\/2022\/05\/WhatsApp-Image-2022-05-23-at-10.14.45.jpeg\",\"articleSection\":[\"Releases\"],\"inLanguage\":\"pt-BR\"},{\"@type\":\"WebPage\",\"@id\":\"https:\/\/guaruja.org.br\/aguaviva\/autor-do-pedido-de-impeachment-de-suman-sera-ouvido-na-camara-dia-23-de-maio\/\",\"url\":\"https:\/\/guaruja.org.br\/aguaviva\/autor-do-pedido-de-impeachment-de-suman-sera-ouvido-na-camara-dia-23-de-maio\/\",\"name\":\"Autor do pedido de impeachment de Suman ser\u00e1 ouvido na C\u00e2mara dia 23 de maio - AGUAVIVA\",\"isPartOf\":{\"@id\":\"https:\/\/guaruja.org.br\/aguaviva\/#website\"},\"primaryImageOfPage\":{\"@id\":\"https:\/\/guaruja.org.br\/aguaviva\/autor-do-pedido-de-impeachment-de-suman-sera-ouvido-na-camara-dia-23-de-maio\/#primaryimage\"},\"image\":{\"@id\":\"https:\/\/guaruja.org.br\/aguaviva\/autor-do-pedido-de-impeachment-de-suman-sera-ouvido-na-camara-dia-23-de-maio\/#primaryimage\"},\"thumbnailUrl\":\"https:\/\/guaruja.org.br\/aguaviva\/wp-content\/uploads\/2022\/05\/WhatsApp-Image-2022-05-23-at-10.14.45.jpeg\",\"datePublished\":\"2022-05-23T13:46:20+00:00\",\"dateModified\":\"2023-07-05T17:19:12+00:00\",\"breadcrumb\":{\"@id\":\"https:\/\/guaruja.org.br\/aguaviva\/autor-do-pedido-de-impeachment-de-suman-sera-ouvido-na-camara-dia-23-de-maio\/#breadcrumb\"},\"inLanguage\":\"pt-BR\",\"potentialAction\":[{\"@type\":\"ReadAction\",\"target\":[\"https:\/\/guaruja.org.br\/aguaviva\/autor-do-pedido-de-impeachment-de-suman-sera-ouvido-na-camara-dia-23-de-maio\/\"]}]},{\"@type\":\"ImageObject\",\"inLanguage\":\"pt-BR\",\"@id\":\"https:\/\/guaruja.org.br\/aguaviva\/autor-do-pedido-de-impeachment-de-suman-sera-ouvido-na-camara-dia-23-de-maio\/#primaryimage\",\"url\":\"https:\/\/guaruja.org.br\/aguaviva\/wp-content\/uploads\/2022\/05\/WhatsApp-Image-2022-05-23-at-10.14.45.jpeg\",\"contentUrl\":\"https:\/\/guaruja.org.br\/aguaviva\/wp-content\/uploads\/2022\/05\/WhatsApp-Image-2022-05-23-at-10.14.45.jpeg\",\"width\":1600,\"height\":900},{\"@type\":\"BreadcrumbList\",\"@id\":\"https:\/\/guaruja.org.br\/aguaviva\/autor-do-pedido-de-impeachment-de-suman-sera-ouvido-na-camara-dia-23-de-maio\/#breadcrumb\",\"itemListElement\":[{\"@type\":\"ListItem\",\"position\":1,\"name\":\"In\u00edcio\",\"item\":\"https:\/\/guaruja.org.br\/aguaviva\/\"},{\"@type\":\"ListItem\",\"position\":2,\"name\":\"Autor do pedido de impeachment de Suman ser\u00e1 ouvido na C\u00e2mara dia 23 de maio\"}]},{\"@type\":\"WebSite\",\"@id\":\"https:\/\/guaruja.org.br\/aguaviva\/#website\",\"url\":\"https:\/\/guaruja.org.br\/aguaviva\/\",\"name\":\"AGUAVIVA\",\"description\":\"Associa\u00e7\u00e3o Guaruj\u00e1 Viva\",\"publisher\":{\"@id\":\"https:\/\/guaruja.org.br\/aguaviva\/#organization\"},\"alternateName\":\"AGUAVIVA\",\"potentialAction\":[{\"@type\":\"SearchAction\",\"target\":{\"@type\":\"EntryPoint\",\"urlTemplate\":\"https:\/\/guaruja.org.br\/aguaviva\/?s={search_term_string}\"},\"query-input\":{\"@type\":\"PropertyValueSpecification\",\"valueRequired\":true,\"valueName\":\"search_term_string\"}}],\"inLanguage\":\"pt-BR\"},{\"@type\":\"Organization\",\"@id\":\"https:\/\/guaruja.org.br\/aguaviva\/#organization\",\"name\":\"AGUAVIVA\",\"alternateName\":\"AGUAVIVA\",\"url\":\"https:\/\/guaruja.org.br\/aguaviva\/\",\"logo\":{\"@type\":\"ImageObject\",\"inLanguage\":\"pt-BR\",\"@id\":\"https:\/\/guaruja.org.br\/aguaviva\/#\/schema\/logo\/image\/\",\"url\":\"https:\/\/guaruja.org.br\/aguaviva\/wp-content\/uploads\/2025\/03\/logo-aguaviva-horizontal.png\",\"contentUrl\":\"https:\/\/guaruja.org.br\/aguaviva\/wp-content\/uploads\/2025\/03\/logo-aguaviva-horizontal.png\",\"width\":3280,\"height\":1080,\"caption\":\"AGUAVIVA\"},\"image\":{\"@id\":\"https:\/\/guaruja.org.br\/aguaviva\/#\/schema\/logo\/image\/\"},\"sameAs\":[\"https:\/\/www.facebook.com\/guarujaaguaviva\",\"https:\/\/www.instagram.com\/aguavivaguaruja\/\"]},{\"@type\":\"Person\",\"@id\":\"https:\/\/guaruja.org.br\/aguaviva\/#\/schema\/person\/9eebcb3a8418982418c00d543a25aee4\",\"name\":\"morgana\",\"sameAs\":[\"https:\/\/guaruja.org.br\/aguaviva-02\"],\"url\":\"https:\/\/guaruja.org.br\/aguaviva\/author\/morgana\/\"}]}<\/script>\n<!-- \/ Yoast SEO Premium plugin. -->","yoast_head_json":{"title":"Autor do pedido de impeachment de Suman ser\u00e1 ouvido na C\u00e2mara dia 23 de maio - AGUAVIVA","robots":{"index":"index","follow":"follow","max-snippet":"max-snippet:-1","max-image-preview":"max-image-preview:large","max-video-preview":"max-video-preview:-1"},"canonical":"https:\/\/guaruja.org.br\/aguaviva\/autor-do-pedido-de-impeachment-de-suman-sera-ouvido-na-camara-dia-23-de-maio\/","og_locale":"pt_BR","og_type":"article","og_title":"Autor do pedido de impeachment de Suman ser\u00e1 ouvido na C\u00e2mara dia 23 de maio","og_description":"A Comiss\u00e3o Processante da C\u00e2mara de Guaruj\u00e1 analisou a defesa pr\u00e9via apresentada pelo prefeito V\u00e1lter Suman e decidiu pelo prosseguimento do processo de cassa\u00e7\u00e3o do chefe afastado do poder executivo da Cidade. A Comiss\u00e3o entendeu n\u00e3o ter elementos suficientes para o pedido de arquivamento trazido pela defesa. Agora, a Comiss\u00e3o determinar\u00e1 as dilig\u00eancias e oitivas [&hellip;]","og_url":"https:\/\/guaruja.org.br\/aguaviva\/autor-do-pedido-de-impeachment-de-suman-sera-ouvido-na-camara-dia-23-de-maio\/","og_site_name":"AGUAVIVA","article_publisher":"https:\/\/www.facebook.com\/guarujaaguaviva","article_published_time":"2022-05-23T13:46:20+00:00","article_modified_time":"2023-07-05T17:19:12+00:00","og_image":[{"width":1600,"height":900,"url":"https:\/\/guaruja.org.br\/aguaviva\/wp-content\/uploads\/2022\/05\/WhatsApp-Image-2022-05-23-at-10.14.45.jpeg","type":"image\/jpeg"}],"author":"morgana","twitter_card":"summary_large_image","twitter_misc":{"Escrito por":"morgana","Est. tempo de leitura":"2 minutos"},"schema":{"@context":"https:\/\/schema.org","@graph":[{"@type":"Article","@id":"https:\/\/guaruja.org.br\/aguaviva\/autor-do-pedido-de-impeachment-de-suman-sera-ouvido-na-camara-dia-23-de-maio\/#article","isPartOf":{"@id":"https:\/\/guaruja.org.br\/aguaviva\/autor-do-pedido-de-impeachment-de-suman-sera-ouvido-na-camara-dia-23-de-maio\/"},"author":{"name":"morgana","@id":"https:\/\/guaruja.org.br\/aguaviva\/#\/schema\/person\/9eebcb3a8418982418c00d543a25aee4"},"headline":"Autor do pedido de impeachment de Suman ser\u00e1 ouvido na C\u00e2mara dia 23 de maio","datePublished":"2022-05-23T13:46:20+00:00","dateModified":"2023-07-05T17:19:12+00:00","mainEntityOfPage":{"@id":"https:\/\/guaruja.org.br\/aguaviva\/autor-do-pedido-de-impeachment-de-suman-sera-ouvido-na-camara-dia-23-de-maio\/"},"wordCount":324,"publisher":{"@id":"https:\/\/guaruja.org.br\/aguaviva\/#organization"},"image":{"@id":"https:\/\/guaruja.org.br\/aguaviva\/autor-do-pedido-de-impeachment-de-suman-sera-ouvido-na-camara-dia-23-de-maio\/#primaryimage"},"thumbnailUrl":"https:\/\/guaruja.org.br\/aguaviva\/wp-content\/uploads\/2022\/05\/WhatsApp-Image-2022-05-23-at-10.14.45.jpeg","articleSection":["Releases"],"inLanguage":"pt-BR"},{"@type":"WebPage","@id":"https:\/\/guaruja.org.br\/aguaviva\/autor-do-pedido-de-impeachment-de-suman-sera-ouvido-na-camara-dia-23-de-maio\/","url":"https:\/\/guaruja.org.br\/aguaviva\/autor-do-pedido-de-impeachment-de-suman-sera-ouvido-na-camara-dia-23-de-maio\/","name":"Autor do pedido de impeachment de Suman ser\u00e1 ouvido na C\u00e2mara dia 23 de maio - AGUAVIVA","isPartOf":{"@id":"https:\/\/guaruja.org.br\/aguaviva\/#website"},"primaryImageOfPage":{"@id":"https:\/\/guaruja.org.br\/aguaviva\/autor-do-pedido-de-impeachment-de-suman-sera-ouvido-na-camara-dia-23-de-maio\/#primaryimage"},"image":{"@id":"https:\/\/guaruja.org.br\/aguaviva\/autor-do-pedido-de-impeachment-de-suman-sera-ouvido-na-camara-dia-23-de-maio\/#primaryimage"},"thumbnailUrl":"https:\/\/guaruja.org.br\/aguaviva\/wp-content\/uploads\/2022\/05\/WhatsApp-Image-2022-05-23-at-10.14.45.jpeg","datePublished":"2022-05-23T13:46:20+00:00","dateModified":"2023-07-05T17:19:12+00:00","breadcrumb":{"@id":"https:\/\/guaruja.org.br\/aguaviva\/autor-do-pedido-de-impeachment-de-suman-sera-ouvido-na-camara-dia-23-de-maio\/#breadcrumb"},"inLanguage":"pt-BR","potentialAction":[{"@type":"ReadAction","target":["https:\/\/guaruja.org.br\/aguaviva\/autor-do-pedido-de-impeachment-de-suman-sera-ouvido-na-camara-dia-23-de-maio\/"]}]},{"@type":"ImageObject","inLanguage":"pt-BR","@id":"https:\/\/guaruja.org.br\/aguaviva\/autor-do-pedido-de-impeachment-de-suman-sera-ouvido-na-camara-dia-23-de-maio\/#primaryimage","url":"https:\/\/guaruja.org.br\/aguaviva\/wp-content\/uploads\/2022\/05\/WhatsApp-Image-2022-05-23-at-10.14.45.jpeg","contentUrl":"https:\/\/guaruja.org.br\/aguaviva\/wp-content\/uploads\/2022\/05\/WhatsApp-Image-2022-05-23-at-10.14.45.jpeg","width":1600,"height":900},{"@type":"BreadcrumbList","@id":"https:\/\/guaruja.org.br\/aguaviva\/autor-do-pedido-de-impeachment-de-suman-sera-ouvido-na-camara-dia-23-de-maio\/#breadcrumb","itemListElement":[{"@type":"ListItem","position":1,"name":"In\u00edcio","item":"https:\/\/guaruja.org.br\/aguaviva\/"},{"@type":"ListItem","position":2,"name":"Autor do pedido de impeachment de Suman ser\u00e1 ouvido na C\u00e2mara dia 23 de maio"}]},{"@type":"WebSite","@id":"https:\/\/guaruja.org.br\/aguaviva\/#website","url":"https:\/\/guaruja.org.br\/aguaviva\/","name":"AGUAVIVA","description":"Associa\u00e7\u00e3o Guaruj\u00e1 Viva","publisher":{"@id":"https:\/\/guaruja.org.br\/aguaviva\/#organization"},"alternateName":"AGUAVIVA","potentialAction":[{"@type":"SearchAction","target":{"@type":"EntryPoint","urlTemplate":"https:\/\/guaruja.org.br\/aguaviva\/?s={search_term_string}"},"query-input":{"@type":"PropertyValueSpecification","valueRequired":true,"valueName":"search_term_string"}}],"inLanguage":"pt-BR"},{"@type":"Organization","@id":"https:\/\/guaruja.org.br\/aguaviva\/#organization","name":"AGUAVIVA","alternateName":"AGUAVIVA","url":"https:\/\/guaruja.org.br\/aguaviva\/","logo":{"@type":"ImageObject","inLanguage":"pt-BR","@id":"https:\/\/guaruja.org.br\/aguaviva\/#\/schema\/logo\/image\/","url":"https:\/\/guaruja.org.br\/aguaviva\/wp-content\/uploads\/2025\/03\/logo-aguaviva-horizontal.png","contentUrl":"https:\/\/guaruja.org.br\/aguaviva\/wp-content\/uploads\/2025\/03\/logo-aguaviva-horizontal.png","width":3280,"height":1080,"caption":"AGUAVIVA"},"image":{"@id":"https:\/\/guaruja.org.br\/aguaviva\/#\/schema\/logo\/image\/"},"sameAs":["https:\/\/www.facebook.com\/guarujaaguaviva","https:\/\/www.instagram.com\/aguavivaguaruja\/"]},{"@type":"Person","@id":"https:\/\/guaruja.org.br\/aguaviva\/#\/schema\/person\/9eebcb3a8418982418c00d543a25aee4","name":"morgana","sameAs":["https:\/\/guaruja.org.br\/aguaviva-02"],"url":"https:\/\/guaruja.org.br\/aguaviva\/author\/morgana\/"}]}},"_links":{"self":[{"href":"https:\/\/guaruja.org.br\/aguaviva\/wp-json\/wp\/v2\/posts\/393","targetHints":{"allow":["GET"]}}],"collection":[{"href":"https:\/\/guaruja.org.br\/aguaviva\/wp-json\/wp\/v2\/posts"}],"about":[{"href":"https:\/\/guaruja.org.br\/aguaviva\/wp-json\/wp\/v2\/types\/post"}],"author":[{"embeddable":true,"href":"https:\/\/guaruja.org.br\/aguaviva\/wp-json\/wp\/v2\/users\/1"}],"replies":[{"embeddable":true,"href":"https:\/\/guaruja.org.br\/aguaviva\/wp-json\/wp\/v2\/comments?post=393"}],"version-history":[{"count":1,"href":"https:\/\/guaruja.org.br\/aguaviva\/wp-json\/wp\/v2\/posts\/393\/revisions"}],"predecessor-version":[{"id":720,"href":"https:\/\/guaruja.org.br\/aguaviva\/wp-json\/wp\/v2\/posts\/393\/revisions\/720"}],"wp:featuredmedia":[{"embeddable":true,"href":"https:\/\/guaruja.org.br\/aguaviva\/wp-json\/wp\/v2\/media\/396"}],"wp:attachment":[{"href":"https:\/\/guaruja.org.br\/aguaviva\/wp-json\/wp\/v2\/media?parent=393"}],"wp:term":[{"taxonomy":"category","embeddable":true,"href":"https:\/\/guaruja.org.br\/aguaviva\/wp-json\/wp\/v2\/categories?post=393"},{"taxonomy":"post_tag","embeddable":true,"href":"https:\/\/guaruja.org.br\/aguaviva\/wp-json\/wp\/v2\/tags?post=393"}],"curies":[{"name":"wp","href":"https:\/\/api.w.org\/{rel}","templated":true}]}}