{"id":402,"date":"2022-05-23T18:30:39","date_gmt":"2022-05-23T21:30:39","guid":{"rendered":"https:\/\/guaruja.org.br\/aguaviva\/?p=402"},"modified":"2023-07-05T14:13:12","modified_gmt":"2023-07-05T17:13:12","slug":"a-luta-esta-so-comecando","status":"publish","type":"post","link":"https:\/\/guaruja.org.br\/aguaviva\/a-luta-esta-so-comecando\/","title":{"rendered":"A luta est\u00e1 s\u00f3 come\u00e7ando!"},"content":{"rendered":"\n<p>\u00c9 importe entrar em uma luta pol\u00edtica e sair maior do que entrou. \u00c9 assim que aconteceu com o Guaruj\u00e1 nesse segundo pedido de impeachment. A cidade cresceu. As lideran\u00e7as municipais se mostraram presentes. Levaram a diante seu posicionamento e seu ponto de vista, deixando claro que a luta est\u00e1 s\u00f3 come\u00e7ando e que n\u00e3o desistiremos de investir nossas for\u00e7as por Um Novo Guaruj\u00e1. <\/p>\n\n\n\n<figure class=\"wp-block-video\"><video height=\"352\" style=\"aspect-ratio: 640 \/ 352;\" width=\"640\" controls src=\"https:\/\/guaruja.org.br\/aguaviva\/wp-content\/uploads\/2022\/07\/WhatsApp-Video-2022-07-08-at-07.04.21.mp4\"><\/video><\/figure>\n\n\n\n<h3 class=\"wp-block-heading\">C\u00e2mara de Guaruj\u00e1 arquiva segundo processo de impeachment contra V\u00e1lter Suman<\/h3>\n\n\n\n<p>Assim como no primeiro pedido de impeachment votado em dezembro de 2021, por 11 votos a 5, a C\u00e2mara Municipal de Guaruj\u00e1 decidiu absolver o prefeito V\u00e1lter Suman e arquivou o segundo processo de impeachment contra ele. A novidade \u00e9 que dois vereadores mudaram de posi\u00e7\u00e3o. Carlos Eduardo Vargas, que antes foi a favor da cassa\u00e7\u00e3o, desta vez foi contra. J\u00e1 o vice-presidente da Casa, Nego Walter, que antes havia sido contra a cassa\u00e7\u00e3o, foi a favor.<\/p>\n\n\n\n<p><a href=\"https:\/\/globoplay.globo.com\/v\/10738560\/\">Jornal Tribuna<\/a> mostrou a not\u00edcia em sua segunda edi\u00e7\u00e3o, acesse e confira:<\/p>\n\n\n\n<figure class=\"wp-block-image size-large\"><a href=\"https:\/\/globoplay.globo.com\/v\/10738560\/\"><img fetchpriority=\"high\" decoding=\"async\" width=\"1024\" height=\"578\" src=\"https:\/\/guaruja.org.br\/aguaviva\/wp-content\/uploads\/2022\/07\/image-1024x578.png\" alt=\"\" class=\"wp-image-454\" srcset=\"https:\/\/guaruja.org.br\/aguaviva\/wp-content\/uploads\/2022\/07\/image-1024x578.png 1024w, https:\/\/guaruja.org.br\/aguaviva\/wp-content\/uploads\/2022\/07\/image-300x169.png 300w, https:\/\/guaruja.org.br\/aguaviva\/wp-content\/uploads\/2022\/07\/image-768x434.png 768w, https:\/\/guaruja.org.br\/aguaviva\/wp-content\/uploads\/2022\/07\/image.png 1360w\" sizes=\"(max-width: 1024px) 100vw, 1024px\" \/><\/a><\/figure>\n\n\n\n<figure class=\"wp-block-gallery has-nested-images columns-default is-cropped wp-block-gallery-1 is-layout-flex wp-block-gallery-is-layout-flex\">\n<figure class=\"wp-block-image size-large\"><img decoding=\"async\" width=\"1024\" height=\"473\" data-id=\"460\" src=\"https:\/\/guaruja.org.br\/aguaviva\/wp-content\/uploads\/2022\/07\/WhatsApp-Image-2022-07-07-at-11.40.23-1024x473.jpeg\" alt=\"\" class=\"wp-image-460\" srcset=\"https:\/\/guaruja.org.br\/aguaviva\/wp-content\/uploads\/2022\/07\/WhatsApp-Image-2022-07-07-at-11.40.23-1024x473.jpeg 1024w, https:\/\/guaruja.org.br\/aguaviva\/wp-content\/uploads\/2022\/07\/WhatsApp-Image-2022-07-07-at-11.40.23-300x139.jpeg 300w, https:\/\/guaruja.org.br\/aguaviva\/wp-content\/uploads\/2022\/07\/WhatsApp-Image-2022-07-07-at-11.40.23-768x355.jpeg 768w, https:\/\/guaruja.org.br\/aguaviva\/wp-content\/uploads\/2022\/07\/WhatsApp-Image-2022-07-07-at-11.40.23-1536x709.jpeg 1536w, https:\/\/guaruja.org.br\/aguaviva\/wp-content\/uploads\/2022\/07\/WhatsApp-Image-2022-07-07-at-11.40.23.jpeg 1600w\" sizes=\"(max-width: 1024px) 100vw, 1024px\" \/><\/figure>\n\n\n\n<figure class=\"wp-block-image size-large\"><img decoding=\"async\" width=\"473\" height=\"1024\" data-id=\"462\" src=\"https:\/\/guaruja.org.br\/aguaviva\/wp-content\/uploads\/2022\/07\/WhatsApp-Image-2022-07-07-at-13.25.58-473x1024.jpeg\" alt=\"\" class=\"wp-image-462\" srcset=\"https:\/\/guaruja.org.br\/aguaviva\/wp-content\/uploads\/2022\/07\/WhatsApp-Image-2022-07-07-at-13.25.58-473x1024.jpeg 473w, https:\/\/guaruja.org.br\/aguaviva\/wp-content\/uploads\/2022\/07\/WhatsApp-Image-2022-07-07-at-13.25.58-139x300.jpeg 139w, https:\/\/guaruja.org.br\/aguaviva\/wp-content\/uploads\/2022\/07\/WhatsApp-Image-2022-07-07-at-13.25.58.jpeg 534w\" sizes=\"(max-width: 473px) 100vw, 473px\" \/><\/figure>\n\n\n\n<figure class=\"wp-block-image size-large\"><img loading=\"lazy\" decoding=\"async\" width=\"473\" height=\"1024\" data-id=\"459\" src=\"https:\/\/guaruja.org.br\/aguaviva\/wp-content\/uploads\/2022\/07\/WhatsApp-Image-2022-07-07-at-13.25.57-473x1024.jpeg\" alt=\"\" class=\"wp-image-459\" srcset=\"https:\/\/guaruja.org.br\/aguaviva\/wp-content\/uploads\/2022\/07\/WhatsApp-Image-2022-07-07-at-13.25.57-473x1024.jpeg 473w, https:\/\/guaruja.org.br\/aguaviva\/wp-content\/uploads\/2022\/07\/WhatsApp-Image-2022-07-07-at-13.25.57-139x300.jpeg 139w, https:\/\/guaruja.org.br\/aguaviva\/wp-content\/uploads\/2022\/07\/WhatsApp-Image-2022-07-07-at-13.25.57.jpeg 534w\" sizes=\"(max-width: 473px) 100vw, 473px\" \/><\/figure>\n\n\n\n<figure class=\"wp-block-image size-large\"><img loading=\"lazy\" decoding=\"async\" width=\"1024\" height=\"473\" data-id=\"461\" src=\"https:\/\/guaruja.org.br\/aguaviva\/wp-content\/uploads\/2022\/07\/WhatsApp-Image-2022-07-07-at-11.59.31-1024x473.jpeg\" alt=\"\" class=\"wp-image-461\" srcset=\"https:\/\/guaruja.org.br\/aguaviva\/wp-content\/uploads\/2022\/07\/WhatsApp-Image-2022-07-07-at-11.59.31-1024x473.jpeg 1024w, https:\/\/guaruja.org.br\/aguaviva\/wp-content\/uploads\/2022\/07\/WhatsApp-Image-2022-07-07-at-11.59.31-300x139.jpeg 300w, https:\/\/guaruja.org.br\/aguaviva\/wp-content\/uploads\/2022\/07\/WhatsApp-Image-2022-07-07-at-11.59.31-768x355.jpeg 768w, https:\/\/guaruja.org.br\/aguaviva\/wp-content\/uploads\/2022\/07\/WhatsApp-Image-2022-07-07-at-11.59.31-1536x709.jpeg 1536w, https:\/\/guaruja.org.br\/aguaviva\/wp-content\/uploads\/2022\/07\/WhatsApp-Image-2022-07-07-at-11.59.31.jpeg 1600w\" sizes=\"(max-width: 1024px) 100vw, 1024px\" \/><\/figure>\n\n\n\n<figure class=\"wp-block-image size-large\"><img loading=\"lazy\" decoding=\"async\" width=\"473\" height=\"1024\" data-id=\"464\" src=\"https:\/\/guaruja.org.br\/aguaviva\/wp-content\/uploads\/2022\/07\/WhatsApp-Image-2022-07-07-at-11.52.04-473x1024.jpeg\" alt=\"\" class=\"wp-image-464\" srcset=\"https:\/\/guaruja.org.br\/aguaviva\/wp-content\/uploads\/2022\/07\/WhatsApp-Image-2022-07-07-at-11.52.04-473x1024.jpeg 473w, https:\/\/guaruja.org.br\/aguaviva\/wp-content\/uploads\/2022\/07\/WhatsApp-Image-2022-07-07-at-11.52.04-139x300.jpeg 139w, https:\/\/guaruja.org.br\/aguaviva\/wp-content\/uploads\/2022\/07\/WhatsApp-Image-2022-07-07-at-11.52.04-709x1536.jpeg 709w, https:\/\/guaruja.org.br\/aguaviva\/wp-content\/uploads\/2022\/07\/WhatsApp-Image-2022-07-07-at-11.52.04.jpeg 739w\" sizes=\"(max-width: 473px) 100vw, 473px\" \/><\/figure>\n\n\n\n<figure class=\"wp-block-image size-large\"><img loading=\"lazy\" decoding=\"async\" width=\"473\" height=\"1024\" data-id=\"463\" src=\"https:\/\/guaruja.org.br\/aguaviva\/wp-content\/uploads\/2022\/07\/WhatsApp-Image-2022-07-07-at-11.52.03-473x1024.jpeg\" alt=\"\" class=\"wp-image-463\" srcset=\"https:\/\/guaruja.org.br\/aguaviva\/wp-content\/uploads\/2022\/07\/WhatsApp-Image-2022-07-07-at-11.52.03-473x1024.jpeg 473w, https:\/\/guaruja.org.br\/aguaviva\/wp-content\/uploads\/2022\/07\/WhatsApp-Image-2022-07-07-at-11.52.03-139x300.jpeg 139w, https:\/\/guaruja.org.br\/aguaviva\/wp-content\/uploads\/2022\/07\/WhatsApp-Image-2022-07-07-at-11.52.03-709x1536.jpeg 709w, https:\/\/guaruja.org.br\/aguaviva\/wp-content\/uploads\/2022\/07\/WhatsApp-Image-2022-07-07-at-11.52.03.jpeg 739w\" sizes=\"(max-width: 473px) 100vw, 473px\" \/><\/figure>\n<\/figure>\n\n\n\n<h3 class=\"wp-block-heading\">PF indicia prefeito V\u00e1lter Suman e mais oito servidores por fraude em contrato emergencial em Guaruj\u00e1<\/h3>\n\n\n\n<p>Acordo custou mais de R$ 4 milh\u00f5es para higieniza\u00e7\u00e3o de unidades de sa\u00fade com \u00e1gua e desinfetante. Valor teria sido superfaturado em mais de R$3 milh\u00f5es, segundo CGU.<\/p>\n\n\n\n<p>A Pol\u00edcia Federal (PF) indiciou o prefeito de Guaruj\u00e1, no litoral de S\u00e3o Paulo, V\u00e1lter Suman, e mais oito servidores por associa\u00e7\u00e3o criminosa e corrup\u00e7\u00e3o passiva. A decis\u00e3o foi tomada ap\u00f3s desdobramentos das investiga\u00e7\u00f5es sobre um contrato emergencial firmado pela prefeitura com a empresa AM Silva Servi\u00e7os Ltda. para a higieniza\u00e7\u00e3o de unidades de sa\u00fade. De acordo com relat\u00f3rio da PF, o acordo sob contrato n\u00b0 140\/2020 foi fraudado.<\/p>\n\n\n\n<p>O contrato emergencial&nbsp;custou R$4.034.491,68.&nbsp;Segundo estimativa da Controladoria Geral da Uni\u00e3o (CGU), portanto, teria sido superfaturado em&nbsp;R$3.272.326,68.<\/p>\n\n\n\n<p>A&nbsp;investiga\u00e7\u00e3o da PF apontou, ainda, que a&nbsp;prefeitura n\u00e3o abriu licita\u00e7\u00e3o para contratar a empresa, o que n\u00e3o est\u00e1 previsto em lei. De acordo com o relat\u00f3rio, n\u00e3o havia justificativa plaus\u00edvel para a contrata\u00e7\u00e3o, j\u00e1 que a prefeitura tinha outros contratos de limpeza em vigor.<\/p>\n\n\n\n<p>Continue lendo em <a href=\"https:\/\/g1.globo.com\/sp\/santos-regiao\/noticia\/2022\/07\/06\/pf-revela-fraude-em-contrato-emergencial-firmado-pela-prefeitura-de-guaruja.ghtml\">https:\/\/g1.globo.com\/sp\/santos-regiao\/noticia\/2022\/07\/06\/pf-revela-fraude-em-contrato-emergencial-firmado-pela-prefeitura-de-guaruja.ghtml<\/a><\/p>\n\n\n\n<p>Acesse o Jornal A Tribuna <a href=\"https:\/\/www.atribuna.com.br\/cidades\/guaruja\/policia-federal-pede-indiciamento-de-prefeito-do-guaruja-por-associacao-criminosa-e-corrupcao\">https:\/\/www.atribuna.com.br\/cidades\/guaruja\/policia-federal-pede-indiciamento-de-prefeito-do-guaruja-por-associacao-criminosa-e-corrupcao<\/a><\/p>\n\n\n\n<figure class=\"wp-block-image size-large\"><a href=\"https:\/\/globoplay.globo.com\/v\/10735206\/\"><img loading=\"lazy\" decoding=\"async\" width=\"1024\" height=\"578\" src=\"https:\/\/guaruja.org.br\/aguaviva\/wp-content\/uploads\/2022\/07\/image-1-1024x578.png\" alt=\"\" class=\"wp-image-455\" srcset=\"https:\/\/guaruja.org.br\/aguaviva\/wp-content\/uploads\/2022\/07\/image-1-1024x578.png 1024w, https:\/\/guaruja.org.br\/aguaviva\/wp-content\/uploads\/2022\/07\/image-1-300x169.png 300w, https:\/\/guaruja.org.br\/aguaviva\/wp-content\/uploads\/2022\/07\/image-1-768x434.png 768w, https:\/\/guaruja.org.br\/aguaviva\/wp-content\/uploads\/2022\/07\/image-1.png 1360w\" sizes=\"(max-width: 1024px) 100vw, 1024px\" \/><\/a><\/figure>\n\n\n\n<h3 class=\"wp-block-heading\" id=\"h-comissao-processante-convoca-vereadores-para-o-julgamento-do-pedido-de-impeachment-do-prefeito-de-guaruja\">Comiss\u00e3o processante convoca vereadores para o julgamento do pedido de impeachment do prefeito de Guaruj\u00e1<\/h3>\n\n\n\n<p>A convoca\u00e7\u00e3o foi publicana na edi\u00e7\u00e3o de 06\/07\/2022 do Di\u00e1rio Oficial. Marcada para o dia 07\/07 \u00e0s 10h00, o julgamento do pedido de impeachment em desfavor de Valter Suman provoca rea\u00e7\u00e3o da popula\u00e7\u00e3o do Guaruj\u00e1. <\/p>\n\n\n\n<figure class=\"wp-block-image size-full\"><img loading=\"lazy\" decoding=\"async\" width=\"659\" height=\"589\" src=\"https:\/\/guaruja.org.br\/aguaviva\/wp-content\/uploads\/2022\/07\/Diario-Oficial-1.jpg\" alt=\"\" class=\"wp-image-453\" srcset=\"https:\/\/guaruja.org.br\/aguaviva\/wp-content\/uploads\/2022\/07\/Diario-Oficial-1.jpg 659w, https:\/\/guaruja.org.br\/aguaviva\/wp-content\/uploads\/2022\/07\/Diario-Oficial-1-300x268.jpg 300w\" sizes=\"(max-width: 659px) 100vw, 659px\" \/><\/figure>\n\n\n\n<div class=\"wp-block-group is-layout-flow wp-block-group-is-layout-flow\">\n<figure class=\"wp-block-gallery has-nested-images columns-default is-cropped wp-block-gallery-2 is-layout-flex wp-block-gallery-is-layout-flex\">\n<figure class=\"wp-block-image size-large\"><img loading=\"lazy\" decoding=\"async\" width=\"419\" height=\"564\" data-id=\"451\" src=\"https:\/\/guaruja.org.br\/aguaviva\/wp-content\/uploads\/2022\/07\/A-tribuna.jpg\" alt=\"\" class=\"wp-image-451\" srcset=\"https:\/\/guaruja.org.br\/aguaviva\/wp-content\/uploads\/2022\/07\/A-tribuna.jpg 419w, https:\/\/guaruja.org.br\/aguaviva\/wp-content\/uploads\/2022\/07\/A-tribuna-223x300.jpg 223w\" sizes=\"(max-width: 419px) 100vw, 419px\" \/><\/figure>\n<\/figure>\n<\/div>\n\n\n\n<h3 class=\"wp-block-heading\">Comiss\u00e3o que analisa pedido de cassa\u00e7\u00e3o do prefeito afastado de Guaruj\u00e1 se re\u00fane hoje, 14\/06.<\/h3>\n\n\n\n<figure class=\"wp-block-image size-large\"><img loading=\"lazy\" decoding=\"async\" width=\"724\" height=\"1024\" src=\"https:\/\/guaruja.org.br\/aguaviva\/wp-content\/uploads\/2022\/06\/Design-sem-nome-1-724x1024.png\" alt=\"\" class=\"wp-image-445\" srcset=\"https:\/\/guaruja.org.br\/aguaviva\/wp-content\/uploads\/2022\/06\/Design-sem-nome-1-724x1024.png 724w, https:\/\/guaruja.org.br\/aguaviva\/wp-content\/uploads\/2022\/06\/Design-sem-nome-1-212x300.png 212w, https:\/\/guaruja.org.br\/aguaviva\/wp-content\/uploads\/2022\/06\/Design-sem-nome-1-768x1086.png 768w, https:\/\/guaruja.org.br\/aguaviva\/wp-content\/uploads\/2022\/06\/Design-sem-nome-1-1086x1536.png 1086w, https:\/\/guaruja.org.br\/aguaviva\/wp-content\/uploads\/2022\/06\/Design-sem-nome-1.png 1414w\" sizes=\"(max-width: 724px) 100vw, 724px\" \/><figcaption class=\"wp-element-caption\">Jornal A Tribuna de 14\/06\/2022.<\/figcaption><\/figure>\n\n\n\n<h3 class=\"wp-block-heading\">Na \u00faltima segunda-feira, 13\/06, V\u00e1lter Suman, investigado pela Pol\u00edcia Federal, protocola defesa na C\u00e2mara de Guaruj\u00e1, SP<\/h3>\n\n\n\n<p>Prefeito afastado n\u00e3o compareceu \u00e0 oitiva que estava agendada para esta segunda-feira (13), mas entregou a documenta\u00e7\u00e3o escrita por meio de advogado.<\/p>\n\n\n\n<p>&#8220;N\u00e3o \u00e9 poss\u00edvel usar fundamentos da constitui\u00e7\u00e3o para construir uma esp\u00e9cie de biombo que os coloque acima da lei. Deviam estar aqui, com clareza, defendo seus ponto de vista, prestando informa\u00e7\u00f5es, esclarecendo a opini\u00e3o p\u00fablica, ao contr\u00e1rio disso, est\u00e3o fugindo e confundindo o poder executivo, que \u00e9 inclusive em outro endere\u00e7o da cidade, com o legislativo&#8221;, afirmou o Eng. Jos\u00e9 Manoel Ferreira Gon\u00e7alves, autor do pedido de impeachment em desfavor de Valter Suman. Jos\u00e9 Manoel foi o \u00fanico ouvido no processo at\u00e9 agora.<\/p>\n\n\n\n<p>Assista a mat\u00e9ria completa no <a href=\"https:\/\/globoplay.globo.com\/v\/10665740\/\">Globo Play, Jornal Tribuna 2\u00aa. Edi\u00e7\u00e3o<\/a><\/p>\n\n\n\n<figure class=\"wp-block-image size-large\"><a href=\"https:\/\/globoplay.globo.com\/v\/10665740\/\"><img loading=\"lazy\" decoding=\"async\" width=\"1024\" height=\"578\" src=\"https:\/\/guaruja.org.br\/aguaviva\/wp-content\/uploads\/2022\/06\/image-3-1024x578.png\" alt=\"\" class=\"wp-image-446\" srcset=\"https:\/\/guaruja.org.br\/aguaviva\/wp-content\/uploads\/2022\/06\/image-3-1024x578.png 1024w, https:\/\/guaruja.org.br\/aguaviva\/wp-content\/uploads\/2022\/06\/image-3-300x169.png 300w, https:\/\/guaruja.org.br\/aguaviva\/wp-content\/uploads\/2022\/06\/image-3-768x434.png 768w, https:\/\/guaruja.org.br\/aguaviva\/wp-content\/uploads\/2022\/06\/image-3.png 1360w\" sizes=\"(max-width: 1024px) 100vw, 1024px\" \/><\/a><\/figure>\n\n\n\n<p>O prefeito afastado V\u00e1lter Suman (PSDB), investigado pela 2\u00aa fase da Opera\u00e7\u00e3o N\u00e1car da Pol\u00edcia Federal, seria ouvido nesta segunda-feira (13), na C\u00e2mara Municipal de Guaruj\u00e1, no litoral de S\u00e3o Paulo.&nbsp;Uma Comiss\u00e3o Processante analisa um novo pedido de impeachment contra o prefeito afastado. No entanto, Suman n\u00e3o compareceu presencialmente para a oitiva, mas protocolou sua defesa por meio de um advogado.<\/p>\n\n\n\n<figure class=\"wp-block-image size-full\"><img loading=\"lazy\" decoding=\"async\" width=\"939\" height=\"624\" src=\"https:\/\/guaruja.org.br\/aguaviva\/wp-content\/uploads\/2022\/06\/VS11.png\" alt=\"\" class=\"wp-image-442\" srcset=\"https:\/\/guaruja.org.br\/aguaviva\/wp-content\/uploads\/2022\/06\/VS11.png 939w, https:\/\/guaruja.org.br\/aguaviva\/wp-content\/uploads\/2022\/06\/VS11-300x199.png 300w, https:\/\/guaruja.org.br\/aguaviva\/wp-content\/uploads\/2022\/06\/VS11-768x510.png 768w\" sizes=\"(max-width: 939px) 100vw, 939px\" \/><figcaption class=\"wp-element-caption\">Investigado pela 2\u00aa fase da Opera\u00e7\u00e3o N\u00e1car da Pol\u00edcia Federal, V\u00e1lter Suman n\u00e3o comparece, mas envia defesa por descrito \u00e0 C\u00e2mara de Guaruj\u00e1, SP \u2014 Foto: Nina Barbosa e Leandro Guedes\/g1<\/figcaption><\/figure>\n\n\n\n<p>A 2\u00aa fase da Opera\u00e7\u00e3o apura poss\u00edveis fraudes em contrata\u00e7\u00f5es nas \u00e1reas da Sa\u00fade e da Educa\u00e7\u00e3o, realizadas pela Prefeitura de Guaruj\u00e1.<\/p>\n\n\n\n<p><\/p>\n\n\n\n<p>Segundo apurado pelo&nbsp;<strong>g1<\/strong>, a Comiss\u00e3o Processante ouviria o prefeito afastado, nesta segunda-feira, mas a sess\u00e3o foi encerrada ap\u00f3s Suman n\u00e3o comparecer. O advogado dele se apresentou e disse que o juiz teria determinado que os suspeitos da Opera\u00e7\u00e3o n\u00e3o entrassem em reparti\u00e7\u00f5es p\u00fablicas. Por meio do advogado, a defesa do prefeito afastado foi protocolada.<\/p>\n\n\n\n<p>A reportagem entrou em contato com o advogado de defesa do prefeito afastado, mas n\u00e3o obteve retorno at\u00e9 a \u00faltima atualiza\u00e7\u00e3o desta reportagem.<\/p>\n\n\n\n<p>A C\u00e2mara Municipal confirmou que recebeu a defesa do prefeito afastado, mas n\u00e3o divulgou quando Suman e outros suspeitos ser\u00e3o ouvidos.<\/p>\n\n\n\n<p>Continue lendo no <a href=\"https:\/\/g1.globo.com\/sp\/santos-regiao\/noticia\/2022\/06\/13\/valter-suman-investigado-pela-policia-federal-protocola-defesa-na-camara-de-guaruja-sp.ghtml\">Portal G1 Santos e Regi\u00e3o<\/a> e no site <a href=\"https:\/\/www.atribuna.com.br\/cidades\/guaruja\/valter-suman-nao-comparece-a-depoimento-na-camara-de-guaruja\">A Tribuna<\/a><\/p>\n\n\n\n<p>Assista o notici\u00e1rio do <a href=\"https:\/\/www.facebook.com\/Santaportal\/videos\/553619362871157\/\">Santa Portal no Facebook<\/a> a partir de 11 minutos da transmiss\u00e3o, o portal relembra a trajet\u00f3ria desde o primeiro pedido de impeachment. <a href=\"https:\/\/www.facebook.com\/Santaportal\/videos\/553619362871157\/\">Acesse<\/a>:<\/p>\n\n\n\n<figure class=\"wp-block-image size-large\"><a href=\"https:\/\/www.facebook.com\/Santaportal\/videos\/553619362871157\/\"><img loading=\"lazy\" decoding=\"async\" width=\"1024\" height=\"578\" src=\"https:\/\/guaruja.org.br\/aguaviva\/wp-content\/uploads\/2022\/06\/image-4-1024x578.png\" alt=\"\" class=\"wp-image-447\" srcset=\"https:\/\/guaruja.org.br\/aguaviva\/wp-content\/uploads\/2022\/06\/image-4-1024x578.png 1024w, https:\/\/guaruja.org.br\/aguaviva\/wp-content\/uploads\/2022\/06\/image-4-300x169.png 300w, https:\/\/guaruja.org.br\/aguaviva\/wp-content\/uploads\/2022\/06\/image-4-768x434.png 768w, https:\/\/guaruja.org.br\/aguaviva\/wp-content\/uploads\/2022\/06\/image-4.png 1360w\" sizes=\"(max-width: 1024px) 100vw, 1024px\" \/><\/a><\/figure>\n\n\n\n<h3 class=\"wp-block-heading\" id=\"h-investigados-pela-2\u00aa-fase-da-operacao-nacar-da-policia-federal-apresentam-defesa-na-camara-de-guaruja-sp\">Investigados pela 2\u00aa fase da Opera\u00e7\u00e3o N\u00e1car, da Pol\u00edcia Federal, apresentam defesa na C\u00e2mara de Guaruj\u00e1, SP<\/h3>\n\n\n\n<p>Suspeitos n\u00e3o compareceram \u00e0 oitiva que estava agendada para esta segunda-feira, mas entregaram documenta\u00e7\u00e3o por escrito.<\/p>\n\n\n\n<p>O Jornal Tribuna 2\u00aa Edi\u00e7\u00e3o acompanhou as oitivas da \u00faltima segunda-feira (06\/06) e falou com o presidente da comiss\u00e3o Vereador Fernando Peitola (MDB) e com o autor do pedido de impeachment <a href=\"http:\/\/www.josemanoelfg.com.br\">Eng. Jos\u00e9 Manoel Ferreira Gon\u00e7alves.<\/a> Assista e entenda <a href=\"https:\/\/globoplay.globo.com\/v\/10644026\/\">https:\/\/globoplay.globo.com\/v\/10644026\/<\/a><\/p>\n\n\n\n<figure class=\"wp-block-image size-large\"><a href=\"https:\/\/globoplay.globo.com\/v\/10644026\/\"><img loading=\"lazy\" decoding=\"async\" width=\"1024\" height=\"578\" src=\"https:\/\/guaruja.org.br\/aguaviva\/wp-content\/uploads\/2022\/06\/image-1-1024x578.png\" alt=\"\" class=\"wp-image-437\" srcset=\"https:\/\/guaruja.org.br\/aguaviva\/wp-content\/uploads\/2022\/06\/image-1-1024x578.png 1024w, https:\/\/guaruja.org.br\/aguaviva\/wp-content\/uploads\/2022\/06\/image-1-300x169.png 300w, https:\/\/guaruja.org.br\/aguaviva\/wp-content\/uploads\/2022\/06\/image-1-768x434.png 768w, https:\/\/guaruja.org.br\/aguaviva\/wp-content\/uploads\/2022\/06\/image-1.png 1360w\" sizes=\"(max-width: 1024px) 100vw, 1024px\" \/><\/a><\/figure>\n\n\n\n<p>Dois investigados pela 2\u00aa fase da Opera\u00e7\u00e3o N\u00e1car, realizada pela Pol\u00edcia Federal (PF), em conjunto com a Controladoria-Geral da Uni\u00e3o (CGU) e com o Tribunal de Contas da Uni\u00e3o (TCU), seriam ouvidos nesta segunda-feira (6), na C\u00e2mara Municipal de Guaruj\u00e1, no litoral de S\u00e3o Paulo. Por\u00e9m, Celso Roberto Bertoli Junior e Hugo Passos n\u00e3o compareceram a oitiva. A Comiss\u00e3o Processante analisa um novo pedido de impeachment contra o prefeito V\u00e1lter Suman (PSDB).<\/p>\n\n\n\n<p>A 2\u00aa fase da Opera\u00e7\u00e3o apura poss\u00edveis fraudes em contrata\u00e7\u00f5es nas \u00e1reas da Sa\u00fade e da Educa\u00e7\u00e3o, realizadas pela Prefeitura de Guaruj\u00e1. De acordo com a C\u00e2mara, os investigados entregaram a defesa por escrito para n\u00e3o precisar participar da oitiva.<\/p>\n\n\n\n<p>Continue lendo no <a href=\"https:\/\/g1.globo.com\/sp\/santos-regiao\/noticia\/2022\/06\/06\/investigados-pela-2a-fase-da-operacao-nacar-da-policia-federal-apresentam-defesa-na-camara-de-guaruja-sp.ghtml\">Portal G1<\/a><\/p>\n\n\n\n<figure class=\"wp-block-embed is-type-wp-embed is-provider-santa-portal wp-block-embed-santa-portal\"><div class=\"wp-block-embed__wrapper\">\n<blockquote class=\"wp-embedded-content\" data-secret=\"ZL7bq2sbse\"><a href=\"https:\/\/santaportal.com.br\/baixada\/investigados-pela-operacao-nacar-nao-comparecem-as-oitivas-na-camara-de-guaruja\/\">Investigados pela Opera\u00e7\u00e3o N\u00e1car n\u00e3o comparecem \u00e0s oitivas na C\u00e2mara de Guaruj\u00e1<\/a><\/blockquote><iframe class=\"wp-embedded-content\" sandbox=\"allow-scripts\" security=\"restricted\" style=\"position: absolute; clip: rect(1px, 1px, 1px, 1px);\" title=\"&#8220;Investigados pela Opera\u00e7\u00e3o N\u00e1car n\u00e3o comparecem \u00e0s oitivas na C\u00e2mara de Guaruj\u00e1&#8221; &#8212; Santa Portal\" src=\"https:\/\/santaportal.com.br\/baixada\/investigados-pela-operacao-nacar-nao-comparecem-as-oitivas-na-camara-de-guaruja\/embed\/#?secret=ZL7bq2sbse\" data-secret=\"ZL7bq2sbse\" width=\"600\" height=\"338\" frameborder=\"0\" marginwidth=\"0\" marginheight=\"0\" scrolling=\"no\"><\/iframe>\n<\/div><\/figure>\n\n\n\n<h3 class=\"wp-block-heading\">Autor de pedido de impeachment de Suman \u00e9 ouvido pela Comiss\u00e3o Processante<\/h3>\n\n\n\n<figure class=\"wp-block-image alignright size-full is-resized\"><img loading=\"lazy\" decoding=\"async\" src=\"https:\/\/guaruja.org.br\/aguaviva\/wp-content\/uploads\/2022\/05\/image-6.png\" alt=\"\" class=\"wp-image-425\" width=\"365\" height=\"226\" srcset=\"https:\/\/guaruja.org.br\/aguaviva\/wp-content\/uploads\/2022\/05\/image-6.png 436w, https:\/\/guaruja.org.br\/aguaviva\/wp-content\/uploads\/2022\/05\/image-6-300x186.png 300w\" sizes=\"(max-width: 365px) 100vw, 365px\" \/><\/figure>\n\n\n\n<p id=\"block-a481803b-ae61-4b06-8b58-048cf77c3afc\">O autor do pedido de impeachment do&nbsp;<a href=\"https:\/\/g1.globo.com\/sp\/santos-regiao\/noticia\/2022\/03\/29\/prefeito-de-guaruja-e-afastado-do-cargo-apos-ser-alvo-de-operacao-da-pf.ghtml\">prefeito afastado<\/a>&nbsp;do&nbsp;<a href=\"https:\/\/g1.globo.com\/sp\/santos-regiao\/cidade\/guaruja\/\">Guaruj\u00e1<\/a>, no litoral de S\u00e3o Paulo, V\u00e1lter Suman, realizou depoimento na C\u00e2mara Municipal na manh\u00e3 desta segunda-feira (23). Participou da oitiva a&nbsp;<a href=\"https:\/\/g1.globo.com\/sp\/santos-regiao\/noticia\/2022\/04\/05\/camara-de-guaruja-aprova-abertura-de-nova-comissao-processante-para-analise-de-pedido-de-impeachment-do-prefeito.ghtml\">comiss\u00e3o processante<\/a>, formada pelos vereadores Santiago dos Santos Angelo (PP), Carlos Vargas (PTB) e Fernando Martins Peitola (MDB).<\/p>\n\n\n\n<p id=\"block-06799482-db4c-4035-98ef-2499eeb96ffe\">A comiss\u00e3o analisa o&nbsp;<a href=\"https:\/\/g1.globo.com\/sp\/santos-regiao\/noticia\/2022\/04\/27\/camara-de-guaruja-notifica-valter-suman-a-apresentar-defesa-previa-contra-novo-pedido-de-impeachment.ghtml\">pedido de impeachment contra o prefeito<\/a>, realizado por <a href=\"https:\/\/josemanoelfg.com.br\/\">Jos\u00e9 Manoel Ferreira Gon\u00e7alves<\/a>, que deu o depoimento na primeira sess\u00e3o, que encerrou por volta das 12h. No ano passado a comiss\u00e3o j\u00e1 havia analisado um processo, ap\u00f3s a investiga\u00e7\u00e3o e&nbsp;<a href=\"https:\/\/g1.globo.com\/sp\/santos-regiao\/noticia\/2021\/09\/15\/prefeito-de-guaruja-valter-suman-e-preso-em-operacao-da-policia-federal.ghtml\">pris\u00e3o do prefeito<\/a>, ap\u00f3s mais de 20 horas de an\u00e1lise. O prefeito foi absolvido pelos vereadores por 11 votos a cinco.<\/p>\n\n\n\n<p id=\"block-68e5c63e-8e9c-404b-b236-9844ea81af27\">O Eng. Jos\u00e9 Manoel Ferreira Gon\u00e7alves afirma que o principal motivo para o novo pedido \u00e9 a quebra do decoro do prefeito nas a\u00e7\u00f5es da Pol\u00edcia Federal (PF).<\/p>\n\n\n\n<blockquote class=\"wp-block-quote is-layout-flow wp-block-quote-is-layout-flow\">\n<p>\u201cCabe ao poder judici\u00e1rio julgar o crime e a essa C\u00e2mara julgar a quest\u00e3o pol\u00edtica, que envolve a falta de decoro do prefeito. Desta forma, os fatos anteriores se somam aos fatos novos. O prefeito chamado de rei e rainha por um dos investigados volta a agir de forma absolutamente irrespons\u00e1vel\u201d, declarou em entrevista \u00e0 TV Tribuna, afiliada da Rede Globo. Leia a mat\u00e9ria completo no <a href=\"https:\/\/g1.globo.com\/sp\/santos-regiao\/noticia\/2022\/05\/23\/autor-do-pedido-de-impeachment-do-prefeito-afastado-do-guaruja-valter-suman-depoe-na-camara-municipal.ghtml\">Portal G1<\/a><\/p>\n<\/blockquote>\n\n\n\n<p>O Eng. Jos\u00e9 Manoel falou ao Jornal Tribuna 01\u00aa Edi\u00e7\u00e3o e explicou detalhes de seu pedido. Acesse: <a href=\"https:\/\/globoplay.globo.com\/v\/10601394\/\">https:\/\/globoplay.globo.com\/v\/10601394\/<\/a> <\/p>\n\n\n\n<figure class=\"wp-block-image size-large\"><a href=\"https:\/\/globoplay.globo.com\/v\/10601394\/\"><img loading=\"lazy\" decoding=\"async\" width=\"1024\" height=\"579\" src=\"https:\/\/guaruja.org.br\/aguaviva\/wp-content\/uploads\/2022\/05\/image-1024x579.png\" alt=\"\" class=\"wp-image-417\" srcset=\"https:\/\/guaruja.org.br\/aguaviva\/wp-content\/uploads\/2022\/05\/image-1024x579.png 1024w, https:\/\/guaruja.org.br\/aguaviva\/wp-content\/uploads\/2022\/05\/image-300x170.png 300w, https:\/\/guaruja.org.br\/aguaviva\/wp-content\/uploads\/2022\/05\/image-768x434.png 768w, https:\/\/guaruja.org.br\/aguaviva\/wp-content\/uploads\/2022\/05\/image.png 1030w\" sizes=\"(max-width: 1024px) 100vw, 1024px\" \/><\/a><\/figure>\n\n\n\n<p>Ap\u00f3s o STJ negar o pedido de suspens\u00e3o das medidas cautelares ao prefeito afastado, uma segunda mat\u00e9ria foi ao ar explicando as justificativas do Advogado do acusado para o novo pedido de suspens\u00e3o <a href=\"https:\/\/globoplay.globo.com\/v\/10602215\/\">https:\/\/globoplay.globo.com\/v\/10602215\/<\/a><\/p>\n\n\n\n<figure class=\"wp-block-image size-large\"><a href=\"https:\/\/globoplay.globo.com\/v\/10602215\/\"><img loading=\"lazy\" decoding=\"async\" width=\"1024\" height=\"579\" src=\"https:\/\/guaruja.org.br\/aguaviva\/wp-content\/uploads\/2022\/05\/image-1-1024x579.png\" alt=\"\" class=\"wp-image-418\" srcset=\"https:\/\/guaruja.org.br\/aguaviva\/wp-content\/uploads\/2022\/05\/image-1-1024x579.png 1024w, https:\/\/guaruja.org.br\/aguaviva\/wp-content\/uploads\/2022\/05\/image-1-300x170.png 300w, https:\/\/guaruja.org.br\/aguaviva\/wp-content\/uploads\/2022\/05\/image-1-768x434.png 768w, https:\/\/guaruja.org.br\/aguaviva\/wp-content\/uploads\/2022\/05\/image-1.png 1030w\" sizes=\"(max-width: 1024px) 100vw, 1024px\" \/><\/a><\/figure>\n\n\n\n<p>Os vereadores tem at\u00e9 90 dias para concluir todo o tr\u00e2mite. Podem ser ouvidas at\u00e9 dez testemunhas arroladas pela comiss\u00e3o processante, que j\u00e1 foi formada e ouviu o autor nesta segunda-feira (23), e mais dez pessoas indicadas pelo autor. Sumam tamb\u00e9m deve ser chamado para prestar depoimento na C\u00e2mara, por\u00e9m at\u00e9 o momento, n\u00e3o h\u00e1 data definida.<\/p>\n\n\n\n<p>Assista a mat\u00e9ria que foi ao ar (23) no Facebook oficial do Santa Portal <a href=\"https:\/\/web.facebook.com\/watch\/?v=5079042305466728\">https:\/\/web.facebook.com\/watch\/?v=5079042305466728<\/a>. A seguir, mat\u00e9ria publicada no Santa Portal.<\/p>\n\n\n\n<figure class=\"wp-block-embed is-type-wp-embed is-provider-santa-portal wp-block-embed-santa-portal\"><div class=\"wp-block-embed__wrapper\">\n<blockquote class=\"wp-embedded-content\" data-secret=\"hHog7gYtjP\"><a href=\"https:\/\/santaportal.com.br\/baixada\/autor-de-pedido-de-impeachment-de-suman-e-ouvido-pela-comissao-processante\/\">Autor de pedido de impeachment de Suman \u00e9 ouvido pela Comiss\u00e3o Processante<\/a><\/blockquote><iframe class=\"wp-embedded-content\" sandbox=\"allow-scripts\" security=\"restricted\" style=\"position: absolute; clip: rect(1px, 1px, 1px, 1px);\" title=\"&#8220;Autor de pedido de impeachment de Suman \u00e9 ouvido pela Comiss\u00e3o Processante&#8221; &#8212; Santa Portal\" src=\"https:\/\/santaportal.com.br\/baixada\/autor-de-pedido-de-impeachment-de-suman-e-ouvido-pela-comissao-processante\/embed\/#?secret=hHog7gYtjP\" data-secret=\"hHog7gYtjP\" width=\"600\" height=\"338\" frameborder=\"0\" marginwidth=\"0\" marginheight=\"0\" scrolling=\"no\"><\/iframe>\n<\/div><\/figure>\n\n\n\n<p>Leia no Portal R\u00e1dio Ilha FM <a href=\"https:\/\/www.radioilhafm.com.br\/news-autor-do-pedido-de-impeachment-do-prefeito-afastado-do-guaruja-valter-suman-depoe-na-camara-municipal\">https:\/\/www.radioilhafm.com.br\/news-autor-do-pedido-de-impeachment-do-prefeito-afastado-do-guaruja-valter-suman-depoe-na-camara-municipal<\/a><\/p>\n\n\n\n<p>O Di\u00e1rio do Litoral publicou resumo do primeiro dia de oitivas, al\u00e9m de dados importantes a respeito do recente aumento de sal\u00e1rios dos Vereadores da Cidade de Guaruj\u00e1. Entenda <a href=\"https:\/\/www.diariodolitoral.com.br\/guaruja\/impeachment-comissao-processante-da-camara-comeca-oitivas-em-guaruja\/156921\/?fbclid=IwAR3xWoZT3qhPsItZR0XGtuhPWcRoVSVlpLdCkr4dwA5PI5F1GgiIiXPYphc\">https:\/\/www.diariodolitoral.com.br\/guaruja\/impeachment-comissao-processante-da-camara-comeca-oitivas-em-guaruja\/156921\/?fbclid=IwAR3xWoZT3qhPsItZR0XGtuhPWcRoVSVlpLdCkr4dwA5PI5F1GgiIiXPYphc<\/a><\/p>\n\n\n\n<figure class=\"wp-block-image aligncenter size-full is-resized\"><img loading=\"lazy\" decoding=\"async\" src=\"https:\/\/guaruja.org.br\/aguaviva\/wp-content\/uploads\/2022\/05\/image-2.png\" alt=\"\" class=\"wp-image-419\" width=\"520\" height=\"480\" srcset=\"https:\/\/guaruja.org.br\/aguaviva\/wp-content\/uploads\/2022\/05\/image-2.png 489w, https:\/\/guaruja.org.br\/aguaviva\/wp-content\/uploads\/2022\/05\/image-2-300x277.png 300w\" sizes=\"(max-width: 520px) 100vw, 520px\" \/><\/figure>\n\n\n\n<h3 class=\"wp-block-heading\" id=\"h-a-camara-municipal-de-guaruja-publicou-uma-nota-oficial-em-seu-site\">A C\u00e2mara Municipal de Guaruj\u00e1 publicou uma nota oficial em seu <a href=\"https:\/\/www.camaraguaruja.sp.gov.br\/Noticia\/Visualizar\/12142\">Site <\/a><\/h3>\n\n\n\n<p>Na manh\u00e3 dessa segunda-feira (23) a Comiss\u00e3o Processante instaurada pela resolu\u00e7\u00e3o 005\/2022, formada pelos Vereadores Fernando Peitola (MDB), Carlos Eduardo Vargas (PTB) e Santiago Angelo (Progressistas), seguindo os termos previstos no Decreto-Lei 201\/1967, realizou a oitiva do denunciante, Sr. Jos\u00e9 Manoel Ferreira Gon\u00e7alves, acerca dos fatos trazidos na den\u00fancia.<\/p>\n\n\n\n<figure class=\"wp-block-image size-large\"><img loading=\"lazy\" decoding=\"async\" width=\"1024\" height=\"574\" src=\"https:\/\/guaruja.org.br\/aguaviva\/wp-content\/uploads\/2022\/05\/image-3-1024x574.png\" alt=\"\" class=\"wp-image-420\" srcset=\"https:\/\/guaruja.org.br\/aguaviva\/wp-content\/uploads\/2022\/05\/image-3-1024x574.png 1024w, https:\/\/guaruja.org.br\/aguaviva\/wp-content\/uploads\/2022\/05\/image-3-300x168.png 300w, https:\/\/guaruja.org.br\/aguaviva\/wp-content\/uploads\/2022\/05\/image-3-768x430.png 768w, https:\/\/guaruja.org.br\/aguaviva\/wp-content\/uploads\/2022\/05\/image-3.png 1030w\" sizes=\"(max-width: 1024px) 100vw, 1024px\" \/><\/figure>\n\n\n\n<p>Na audi\u00eancia estavam presentes o denunciante, que foi ouvido como testemunha do processo, e o advogado do Prefeito V\u00e1lter Suman (denunciado). A galeria tamb\u00e9m estava repleta de mun\u00edcipes e imprensa que acompanharam de perto o trabalho da Comiss\u00e3o.<br><br>Os nomes das pessoas que ser\u00e3o ouvidas somente ser\u00e3o divulgados ap\u00f3s a confirma\u00e7\u00e3o das notifica\u00e7\u00f5es, para que os trabalhos da Comiss\u00e3o n\u00e3o sejam comprometidos.&nbsp;Vale ressaltar que tanto o prefeito V\u00e1lter Suman, como seus representantes legais, poder\u00e3o acompanhar os depoimentos e, at\u00e9 mesmo, questionar as testemunhas. Vereadores que n\u00e3o fazem parte da comiss\u00e3o tamb\u00e9m estiveram presentes. Salientamos que as oitivas s\u00e3o abertas ao p\u00fablico.<\/p>\n\n\n\n<p>Confira as fotos da oitiva.<\/p>\n\n\n\n<figure class=\"wp-block-gallery has-nested-images columns-default is-cropped wp-block-gallery-3 is-layout-flex wp-block-gallery-is-layout-flex\">\n<figure class=\"wp-block-image size-large\"><img loading=\"lazy\" decoding=\"async\" width=\"1145\" height=\"1571\" data-id=\"407\" src=\"https:\/\/guaruja.org.br\/aguaviva\/wp-content\/uploads\/2022\/05\/1.jpg\" alt=\"\" class=\"wp-image-407\" srcset=\"https:\/\/guaruja.org.br\/aguaviva\/wp-content\/uploads\/2022\/05\/1.jpg 1145w, https:\/\/guaruja.org.br\/aguaviva\/wp-content\/uploads\/2022\/05\/1-219x300.jpg 219w, https:\/\/guaruja.org.br\/aguaviva\/wp-content\/uploads\/2022\/05\/1-746x1024.jpg 746w, https:\/\/guaruja.org.br\/aguaviva\/wp-content\/uploads\/2022\/05\/1-768x1054.jpg 768w, https:\/\/guaruja.org.br\/aguaviva\/wp-content\/uploads\/2022\/05\/1-1119x1536.jpg 1119w\" sizes=\"(max-width: 1145px) 100vw, 1145px\" \/><\/figure>\n\n\n\n<figure class=\"wp-block-image size-large\"><img loading=\"lazy\" decoding=\"async\" width=\"1600\" height=\"900\" data-id=\"396\" src=\"https:\/\/guaruja.org.br\/aguaviva\/wp-content\/uploads\/2022\/05\/WhatsApp-Image-2022-05-23-at-10.14.45.jpeg\" alt=\"\" class=\"wp-image-396\" srcset=\"https:\/\/guaruja.org.br\/aguaviva\/wp-content\/uploads\/2022\/05\/WhatsApp-Image-2022-05-23-at-10.14.45.jpeg 1600w, https:\/\/guaruja.org.br\/aguaviva\/wp-content\/uploads\/2022\/05\/WhatsApp-Image-2022-05-23-at-10.14.45-300x169.jpeg 300w, https:\/\/guaruja.org.br\/aguaviva\/wp-content\/uploads\/2022\/05\/WhatsApp-Image-2022-05-23-at-10.14.45-1024x576.jpeg 1024w, https:\/\/guaruja.org.br\/aguaviva\/wp-content\/uploads\/2022\/05\/WhatsApp-Image-2022-05-23-at-10.14.45-768x432.jpeg 768w, https:\/\/guaruja.org.br\/aguaviva\/wp-content\/uploads\/2022\/05\/WhatsApp-Image-2022-05-23-at-10.14.45-1536x864.jpeg 1536w\" sizes=\"(max-width: 1600px) 100vw, 1600px\" \/><\/figure>\n\n\n\n<figure class=\"wp-block-image size-large\"><img loading=\"lazy\" decoding=\"async\" width=\"500\" height=\"261\" data-id=\"386\" src=\"https:\/\/guaruja.org.br\/aguaviva\/wp-content\/uploads\/2022\/05\/safe_image.jpg\" alt=\"\" class=\"wp-image-386\" srcset=\"https:\/\/guaruja.org.br\/aguaviva\/wp-content\/uploads\/2022\/05\/safe_image.jpg 500w, https:\/\/guaruja.org.br\/aguaviva\/wp-content\/uploads\/2022\/05\/safe_image-300x157.jpg 300w\" sizes=\"(max-width: 500px) 100vw, 500px\" \/><\/figure>\n\n\n\n<figure class=\"wp-block-image size-large\"><img loading=\"lazy\" decoding=\"async\" width=\"1600\" height=\"900\" data-id=\"405\" src=\"https:\/\/guaruja.org.br\/aguaviva\/wp-content\/uploads\/2022\/05\/WhatsApp-Image-2022-05-23-at-10.14.45-1.jpeg\" alt=\"\" class=\"wp-image-405\" srcset=\"https:\/\/guaruja.org.br\/aguaviva\/wp-content\/uploads\/2022\/05\/WhatsApp-Image-2022-05-23-at-10.14.45-1.jpeg 1600w, https:\/\/guaruja.org.br\/aguaviva\/wp-content\/uploads\/2022\/05\/WhatsApp-Image-2022-05-23-at-10.14.45-1-300x169.jpeg 300w, https:\/\/guaruja.org.br\/aguaviva\/wp-content\/uploads\/2022\/05\/WhatsApp-Image-2022-05-23-at-10.14.45-1-1024x576.jpeg 1024w, https:\/\/guaruja.org.br\/aguaviva\/wp-content\/uploads\/2022\/05\/WhatsApp-Image-2022-05-23-at-10.14.45-1-768x432.jpeg 768w, https:\/\/guaruja.org.br\/aguaviva\/wp-content\/uploads\/2022\/05\/WhatsApp-Image-2022-05-23-at-10.14.45-1-1536x864.jpeg 1536w\" sizes=\"(max-width: 1600px) 100vw, 1600px\" \/><\/figure>\n\n\n\n<figure class=\"wp-block-image size-large\"><img loading=\"lazy\" decoding=\"async\" width=\"739\" height=\"1600\" data-id=\"411\" src=\"https:\/\/guaruja.org.br\/aguaviva\/wp-content\/uploads\/2022\/05\/WhatsApp-Image-2022-05-23-at-11.02.54.jpeg\" alt=\"\" class=\"wp-image-411\" srcset=\"https:\/\/guaruja.org.br\/aguaviva\/wp-content\/uploads\/2022\/05\/WhatsApp-Image-2022-05-23-at-11.02.54.jpeg 739w, https:\/\/guaruja.org.br\/aguaviva\/wp-content\/uploads\/2022\/05\/WhatsApp-Image-2022-05-23-at-11.02.54-139x300.jpeg 139w, https:\/\/guaruja.org.br\/aguaviva\/wp-content\/uploads\/2022\/05\/WhatsApp-Image-2022-05-23-at-11.02.54-473x1024.jpeg 473w, https:\/\/guaruja.org.br\/aguaviva\/wp-content\/uploads\/2022\/05\/WhatsApp-Image-2022-05-23-at-11.02.54-709x1536.jpeg 709w\" sizes=\"(max-width: 739px) 100vw, 739px\" \/><\/figure>\n\n\n\n<figure class=\"wp-block-image size-large\"><img loading=\"lazy\" decoding=\"async\" width=\"1200\" height=\"1600\" data-id=\"412\" src=\"https:\/\/guaruja.org.br\/aguaviva\/wp-content\/uploads\/2022\/05\/WhatsApp-Image-2022-05-23-at-11.56.13.jpeg\" alt=\"\" class=\"wp-image-412\" srcset=\"https:\/\/guaruja.org.br\/aguaviva\/wp-content\/uploads\/2022\/05\/WhatsApp-Image-2022-05-23-at-11.56.13.jpeg 1200w, https:\/\/guaruja.org.br\/aguaviva\/wp-content\/uploads\/2022\/05\/WhatsApp-Image-2022-05-23-at-11.56.13-225x300.jpeg 225w, https:\/\/guaruja.org.br\/aguaviva\/wp-content\/uploads\/2022\/05\/WhatsApp-Image-2022-05-23-at-11.56.13-768x1024.jpeg 768w, https:\/\/guaruja.org.br\/aguaviva\/wp-content\/uploads\/2022\/05\/WhatsApp-Image-2022-05-23-at-11.56.13-1152x1536.jpeg 1152w\" sizes=\"(max-width: 1200px) 100vw, 1200px\" \/><\/figure>\n<\/figure>\n\n\n\n<h3 class=\"wp-block-heading\"><strong>O esc\u00e2ndalo<\/strong><\/h3>\n\n\n\n<p>O Prefeito afastado de Guaruj\u00e1, Valter Suman, \u00e9 acusado de desvios na \u00e1rea da sa\u00fade do Munic\u00edpio relacionados a contratos de terceiriza\u00e7\u00e3o com a Organiza\u00e7\u00e3o Social Pr\u00f3-vida, com a empresa AM da Silva Servi\u00e7os Administrativos Ltda. e com a OS \u00e0 ACENI \u2013 Instituto de Aten\u00e7\u00e3o \u00e0 Sa\u00fade e Educa\u00e7\u00e3o. <\/p>\n\n\n\n<figure class=\"wp-block-image alignleft\"><img decoding=\"async\" src=\"https:\/\/josemanoelfg.com.br\/wp-content\/uploads\/2022\/05\/Captura-de-Tela-2022-05-19-a%CC%80s-15.35.40.png\" alt=\"O atributo alt desta imagem est\u00e1 vazio. O nome do arquivo \u00e9 Captura-de-Tela-2022-05-19-a%CC%80s-15.35.40.png\"\/><\/figure>\n\n\n\n<p>Ao todo a Pol\u00edcia Federal investiga o desvio de R$ 150 milh\u00f5es das \u00e1reas da sa\u00fade e tamb\u00e9m da Educa\u00e7\u00e3o da P\u00e9rola do Atl\u00e2ntico.<\/p>\n\n\n\n<p>Uma parte da fortuna desviada, segundo a PF, foi para tentar impulsionar a carreira musical do empres\u00e1rio Almir Matias, respons\u00e1vel pela OS Pr\u00f3-Vida. Enquanto isso, a popula\u00e7\u00e3o sofria sem atendimento decente nas UPAs, Unidades de Sa\u00fade da Fam\u00edlia gerenciada pela entidade.Faltavam profissionais, insumos e tamb\u00e9m paci\u00eancia de quem dependia dos servi\u00e7os, como diversas vezes mostramos aqui no Ataque aos Cofres P\u00fablicos.<\/p>\n\n\n\n<p>O prefeito Valter Suman chegou a ser preso. Hoje responde em liberdade \u2014 afastado do cargo pela Justi\u00e7a. Ele e a primeira-dama est\u00e3o com tornozeleira eletr\u00f4nica. O cantor Almir Matias foi indiciado essa semana por v\u00e1rios crimes. Entre eles, corrup\u00e7\u00e3o ativa, organiza\u00e7\u00e3o criminosa e lavagem de dinheiro. Tamb\u00e9m deveria estar com a tornozeleira, mas at\u00e9 agora n\u00e3o foi encontrado. Circulou nas redes sociais a foto do foragido zombando da mat\u00e9ria do Fant\u00e1stico.<\/p>\n\n\n\n<p>Confira mat\u00e9ria detalhada no site <a href=\"https:\/\/www.ataqueaoscofrespublicos.com\/noticias\/autor-do-pedido-de-impeachment-de-suman-sera-ouvido-na-proxima-segunda-23\/\">Ataques aos Cofres P\u00fablicos<\/a><\/p>\n\n\n\n<h3 class=\"wp-block-heading\">STJ nega pedido de suspens\u00e3o das medidas cautelares a prefeito afastado de Guaruj\u00e1 (por g1 Santos 23\/05\/2022 21h42)<\/h3>\n\n\n\n<p><em>Resposta para liminar foi dada a partir da alega\u00e7\u00e3o de suposto risco por reitera\u00e7\u00e3o na pr\u00e1tica de a\u00e7\u00f5es il\u00edcitas.<\/em><\/p>\n\n\n\n<p>O Supremo Tribunal de Justi\u00e7a (STJ) negou o pedido de suspens\u00e3o das medidas cautelares impostas ao prefeito afastado de&nbsp;<a href=\"https:\/\/g1.globo.com\/sp\/santos-regiao\/cidade\/guaruja\/\">Guaruj\u00e1<\/a>, no litoral de S\u00e3o Paulo, V\u00e1lter Suman (PSDB). A decis\u00e3o foi tomada nesta segunda-feira (23). Entre as imposi\u00e7\u00f5es da Justi\u00e7a est\u00e1 o uso de tornozeleira eletr\u00f4nica, impossibilidade de sair da cidade por mais de cinco dias e de viajar para fora do pa\u00eds.<\/p>\n\n\n\n<p>A defesa do pol\u00edtico entrou com o pedido no \u00faltimo dia 17 de maio. O relator e tamb\u00e9m ministro do STJ Reinaldo Soares da Fonseca n\u00e3o acatou o requerimento&nbsp;pelo suposto risco de reitera\u00e7\u00e3o na pr\u00e1tica de a\u00e7\u00f5es il\u00edcitas.<\/p>\n\n\n\n<p>Ainda de acordo com o habeas corpus, a defesa alega que n\u00e3o h\u00e1 uma informa\u00e7\u00e3o in\u00e9dita que caracterize o suposto risco de reitera\u00e7\u00e3o, uma vez que o procedimento administrativo que teria parecer favor\u00e1vel do Tribunal de Contas do Estado e da Procuradoria do Munic\u00edpio, n\u00e3o apresentou elementos que comprovassem a alega\u00e7\u00e3o de tais a\u00e7\u00f5es il\u00edcitas.<\/p>\n\n\n\n<p>Assim, segundo o relator e ministro, foi registrada como \u201cimprescind\u00edvel\u201d uma an\u00e1lise mais aprofundada de todos os elementos que constam nos autos para verificar a exist\u00eancia de constrangimento ilegal &#8211; em rela\u00e7\u00e3o \u00e0 tornozeleira e demais medidas.<\/p>\n\n\n\n<p>Fonseca ainda considerou que h\u00e1 fundamentos que demonstram a necessidade de resguardar as decis\u00f5es. Assim, o ideal seria manter todas as medidas cautelares. Al\u00e9m disso, segundo ele, n\u00e3o \u00e9 o caso de se discutir em liminar, mas sim para aguardar os tr\u00e2mites normais da Justi\u00e7a.<\/p>\n\n\n\n<p>Leia mat\u00e9ria completa no g1 Santos <a href=\"https:\/\/g1.globo.com\/sp\/santos-regiao\/noticia\/2022\/05\/23\/stj-nega-pedido-de-suspensao-das-medidas-cautelares-a-prefeito-afastado-de-guaruja.ghtml\">https:\/\/g1.globo.com\/sp\/santos-regiao\/noticia\/2022\/05\/23\/stj-nega-pedido-de-suspensao-das-medidas-cautelares-a-prefeito-afastado-de-guaruja.ghtml<\/a><\/p>\n\n\n\n<p>A mat\u00e9ria tamb\u00e9m foi noticiada no Jornal da Tribuna 2\u00aa. edi\u00e7\u00e3o e est\u00e1 dispon\u00edvel no Portal G1, acesse <a href=\"https:\/\/globoplay.globo.com\/v\/10602215\/\">https:\/\/globoplay.globo.com\/v\/10602215\/<\/a><\/p>\n\n\n\n<figure class=\"wp-block-image size-large\"><img loading=\"lazy\" decoding=\"async\" width=\"1024\" height=\"579\" src=\"https:\/\/guaruja.org.br\/aguaviva\/wp-content\/uploads\/2022\/05\/image-4-1024x579.png\" alt=\"\" class=\"wp-image-421\" srcset=\"https:\/\/guaruja.org.br\/aguaviva\/wp-content\/uploads\/2022\/05\/image-4-1024x579.png 1024w, https:\/\/guaruja.org.br\/aguaviva\/wp-content\/uploads\/2022\/05\/image-4-300x170.png 300w, https:\/\/guaruja.org.br\/aguaviva\/wp-content\/uploads\/2022\/05\/image-4-768x434.png 768w, https:\/\/guaruja.org.br\/aguaviva\/wp-content\/uploads\/2022\/05\/image-4.png 1030w\" sizes=\"(max-width: 1024px) 100vw, 1024px\" \/><\/figure>\n\n\n\n<h3 class=\"wp-block-heading\"><mark style=\"background-color:rgba(0, 0, 0, 0)\" class=\"has-inline-color has-vivid-cyan-blue-color\">O primeiro pedido de Impeachment foi arquivado em outubro de 2021<\/mark><\/h3>\n\n\n\n<p>Trecho da nota encaminhada \u00e0 imprensa em 16\/12\/2021.<br>Depois de mais de 20 horas de sess\u00e3o, j\u00e1 se aproximando do fim, a C\u00e2mara Municipal do Guaruj\u00e1, por meio de sua Comiss\u00e3o Processante, decidiu arquivar o pedido de impeachment que encaminhamos, na qualidade de cidad\u00e3o, contra o prefeito V\u00e1lter Suman, em virtude das acusa\u00e7\u00f5es de desvio de verbas p\u00fablicas na sa\u00fade em sua gest\u00e3o, objeto de ampla investiga\u00e7\u00e3o do Minist\u00e9rio P\u00fablico e da Pol\u00edcia Federal.<\/p>\n\n\n\n<p>Lamentamos profundamente a decis\u00e3o dos nobres vereadores. Os documentos apurados no trabalho de investiga\u00e7\u00e3o do MP e da PF j\u00e1 configuram a quebra de decoro por parte do Executivo, conforme os artigos 1\u00ba-X da Lei Municipal 2386\/95 e os artigos 4\u00ba-X do Decreto-Lei 201\/67. A quebra de decoro era pass\u00edvel de aprecia\u00e7\u00e3o pela C\u00e2mara, que, para tanto, deveria levar em considera\u00e7\u00e3o o conjunto de condutas do prefeito que se revelam incompat\u00edveis com a dignidade e o decoro do cargo. Ademais, Suman n\u00e3o legitimou em seu depoimento que as provas documentais contra ele s\u00e3o sigilosas. N\u00e3o se pode presumir o sigilo apenas com a afirma\u00e7\u00e3o do prefeito.<\/p>\n\n\n\n<h3 class=\"wp-block-heading\"><mark style=\"background-color:rgba(0, 0, 0, 0)\" class=\"has-inline-color has-vivid-cyan-blue-color\">Linha do Tempo<\/mark><\/h3>\n\n\n\n<figure class=\"wp-block-image size-large\"><img loading=\"lazy\" decoding=\"async\" width=\"410\" height=\"1024\" src=\"https:\/\/guaruja.org.br\/aguaviva\/wp-content\/uploads\/2022\/05\/image-5-410x1024.png\" alt=\"\" class=\"wp-image-422\" srcset=\"https:\/\/guaruja.org.br\/aguaviva\/wp-content\/uploads\/2022\/05\/image-5-410x1024.png 410w, https:\/\/guaruja.org.br\/aguaviva\/wp-content\/uploads\/2022\/05\/image-5-120x300.png 120w, https:\/\/guaruja.org.br\/aguaviva\/wp-content\/uploads\/2022\/05\/image-5.png 412w\" sizes=\"(max-width: 410px) 100vw, 410px\" \/><\/figure>\n","protected":false},"excerpt":{"rendered":"<p>Esperamos que muito em breve possamos atualizar essa p\u00e1gina com informa\u00e7\u00f5es que demonstrem que o poder Executivo do Munic\u00edpio de Guaruj\u00e1, voltou a assumir suas fun\u00e7\u00f5es e, especialmente, o compromisso com a cidade, com a verdade e com o povo que os elegeu.<\/p>\n","protected":false},"author":1,"featured_media":404,"comment_status":"closed","ping_status":"closed","sticky":false,"template":"","format":"standard","meta":{"footnotes":""},"categories":[10],"tags":[11,12,13,14],"class_list":["post-402","post","type-post","status-publish","format-standard","has-post-thumbnail","hentry","category-noticia-da-cidade-e-baixada-santista","tag-forasuman","tag-guaruja","tag-impeachment","tag-nacar"],"yoast_head":"<!-- This site is optimized with the Yoast SEO Premium plugin v26.7 (Yoast SEO v26.7) - https:\/\/yoast.com\/wordpress\/plugins\/seo\/ -->\n<title>A luta est\u00e1 s\u00f3 come\u00e7ando! - AGUAVIVA<\/title>\n<meta name=\"robots\" content=\"index, follow, max-snippet:-1, max-image-preview:large, max-video-preview:-1\" \/>\n<link rel=\"canonical\" href=\"https:\/\/guaruja.org.br\/aguaviva\/a-luta-esta-so-comecando\/\" \/>\n<meta property=\"og:locale\" content=\"pt_BR\" \/>\n<meta property=\"og:type\" content=\"article\" \/>\n<meta property=\"og:title\" content=\"A luta est\u00e1 s\u00f3 come\u00e7ando!\" \/>\n<meta property=\"og:description\" content=\"Esperamos que muito em breve possamos atualizar essa p\u00e1gina com informa\u00e7\u00f5es que demonstrem que o poder Executivo do Munic\u00edpio de Guaruj\u00e1, voltou a assumir suas fun\u00e7\u00f5es e, especialmente, o compromisso com a cidade, com a verdade e com o povo que os elegeu.\" \/>\n<meta property=\"og:url\" content=\"https:\/\/guaruja.org.br\/aguaviva\/a-luta-esta-so-comecando\/\" \/>\n<meta property=\"og:site_name\" content=\"AGUAVIVA\" \/>\n<meta property=\"article:publisher\" content=\"https:\/\/www.facebook.com\/guarujaaguaviva\" \/>\n<meta property=\"article:published_time\" content=\"2022-05-23T21:30:39+00:00\" \/>\n<meta property=\"article:modified_time\" content=\"2023-07-05T17:13:12+00:00\" \/>\n<meta property=\"og:image\" content=\"https:\/\/guaruja.org.br\/aguaviva\/wp-content\/uploads\/2022\/05\/WhatsApp-Image-2022-05-23-at-16.19.47.jpeg\" \/>\n\t<meta property=\"og:image:width\" content=\"1200\" \/>\n\t<meta property=\"og:image:height\" content=\"1600\" \/>\n\t<meta property=\"og:image:type\" content=\"image\/jpeg\" \/>\n<meta name=\"author\" content=\"morgana\" \/>\n<meta name=\"twitter:card\" content=\"summary_large_image\" \/>\n<meta name=\"twitter:label1\" content=\"Escrito por\" \/>\n\t<meta name=\"twitter:data1\" content=\"morgana\" \/>\n\t<meta name=\"twitter:label2\" content=\"Est. tempo de leitura\" \/>\n\t<meta name=\"twitter:data2\" content=\"18 minutos\" \/>\n<script type=\"application\/ld+json\" class=\"yoast-schema-graph\">{\"@context\":\"https:\/\/schema.org\",\"@graph\":[{\"@type\":\"Article\",\"@id\":\"https:\/\/guaruja.org.br\/aguaviva\/a-luta-esta-so-comecando\/#article\",\"isPartOf\":{\"@id\":\"https:\/\/guaruja.org.br\/aguaviva\/a-luta-esta-so-comecando\/\"},\"author\":{\"name\":\"morgana\",\"@id\":\"https:\/\/guaruja.org.br\/aguaviva\/#\/schema\/person\/9eebcb3a8418982418c00d543a25aee4\"},\"headline\":\"A luta est\u00e1 s\u00f3 come\u00e7ando!\",\"datePublished\":\"2022-05-23T21:30:39+00:00\",\"dateModified\":\"2023-07-05T17:13:12+00:00\",\"mainEntityOfPage\":{\"@id\":\"https:\/\/guaruja.org.br\/aguaviva\/a-luta-esta-so-comecando\/\"},\"wordCount\":2611,\"publisher\":{\"@id\":\"https:\/\/guaruja.org.br\/aguaviva\/#organization\"},\"image\":{\"@id\":\"https:\/\/guaruja.org.br\/aguaviva\/a-luta-esta-so-comecando\/#primaryimage\"},\"thumbnailUrl\":\"https:\/\/guaruja.org.br\/aguaviva\/wp-content\/uploads\/2022\/05\/WhatsApp-Image-2022-05-23-at-16.19.47.jpeg\",\"keywords\":[\"forasuman\",\"guaruja\",\"impeachment\",\"nacar\"],\"articleSection\":[\"Not\u00edcias da Cidade e Baixada Santista\"],\"inLanguage\":\"pt-BR\"},{\"@type\":\"WebPage\",\"@id\":\"https:\/\/guaruja.org.br\/aguaviva\/a-luta-esta-so-comecando\/\",\"url\":\"https:\/\/guaruja.org.br\/aguaviva\/a-luta-esta-so-comecando\/\",\"name\":\"A luta est\u00e1 s\u00f3 come\u00e7ando! - AGUAVIVA\",\"isPartOf\":{\"@id\":\"https:\/\/guaruja.org.br\/aguaviva\/#website\"},\"primaryImageOfPage\":{\"@id\":\"https:\/\/guaruja.org.br\/aguaviva\/a-luta-esta-so-comecando\/#primaryimage\"},\"image\":{\"@id\":\"https:\/\/guaruja.org.br\/aguaviva\/a-luta-esta-so-comecando\/#primaryimage\"},\"thumbnailUrl\":\"https:\/\/guaruja.org.br\/aguaviva\/wp-content\/uploads\/2022\/05\/WhatsApp-Image-2022-05-23-at-16.19.47.jpeg\",\"datePublished\":\"2022-05-23T21:30:39+00:00\",\"dateModified\":\"2023-07-05T17:13:12+00:00\",\"breadcrumb\":{\"@id\":\"https:\/\/guaruja.org.br\/aguaviva\/a-luta-esta-so-comecando\/#breadcrumb\"},\"inLanguage\":\"pt-BR\",\"potentialAction\":[{\"@type\":\"ReadAction\",\"target\":[\"https:\/\/guaruja.org.br\/aguaviva\/a-luta-esta-so-comecando\/\"]}]},{\"@type\":\"ImageObject\",\"inLanguage\":\"pt-BR\",\"@id\":\"https:\/\/guaruja.org.br\/aguaviva\/a-luta-esta-so-comecando\/#primaryimage\",\"url\":\"https:\/\/guaruja.org.br\/aguaviva\/wp-content\/uploads\/2022\/05\/WhatsApp-Image-2022-05-23-at-16.19.47.jpeg\",\"contentUrl\":\"https:\/\/guaruja.org.br\/aguaviva\/wp-content\/uploads\/2022\/05\/WhatsApp-Image-2022-05-23-at-16.19.47.jpeg\",\"width\":1200,\"height\":1600},{\"@type\":\"BreadcrumbList\",\"@id\":\"https:\/\/guaruja.org.br\/aguaviva\/a-luta-esta-so-comecando\/#breadcrumb\",\"itemListElement\":[{\"@type\":\"ListItem\",\"position\":1,\"name\":\"In\u00edcio\",\"item\":\"https:\/\/guaruja.org.br\/aguaviva\/\"},{\"@type\":\"ListItem\",\"position\":2,\"name\":\"A luta est\u00e1 s\u00f3 come\u00e7ando!\"}]},{\"@type\":\"WebSite\",\"@id\":\"https:\/\/guaruja.org.br\/aguaviva\/#website\",\"url\":\"https:\/\/guaruja.org.br\/aguaviva\/\",\"name\":\"AGUAVIVA\",\"description\":\"Associa\u00e7\u00e3o Guaruj\u00e1 Viva\",\"publisher\":{\"@id\":\"https:\/\/guaruja.org.br\/aguaviva\/#organization\"},\"alternateName\":\"AGUAVIVA\",\"potentialAction\":[{\"@type\":\"SearchAction\",\"target\":{\"@type\":\"EntryPoint\",\"urlTemplate\":\"https:\/\/guaruja.org.br\/aguaviva\/?s={search_term_string}\"},\"query-input\":{\"@type\":\"PropertyValueSpecification\",\"valueRequired\":true,\"valueName\":\"search_term_string\"}}],\"inLanguage\":\"pt-BR\"},{\"@type\":\"Organization\",\"@id\":\"https:\/\/guaruja.org.br\/aguaviva\/#organization\",\"name\":\"AGUAVIVA\",\"alternateName\":\"AGUAVIVA\",\"url\":\"https:\/\/guaruja.org.br\/aguaviva\/\",\"logo\":{\"@type\":\"ImageObject\",\"inLanguage\":\"pt-BR\",\"@id\":\"https:\/\/guaruja.org.br\/aguaviva\/#\/schema\/logo\/image\/\",\"url\":\"https:\/\/guaruja.org.br\/aguaviva\/wp-content\/uploads\/2025\/03\/logo-aguaviva-horizontal.png\",\"contentUrl\":\"https:\/\/guaruja.org.br\/aguaviva\/wp-content\/uploads\/2025\/03\/logo-aguaviva-horizontal.png\",\"width\":3280,\"height\":1080,\"caption\":\"AGUAVIVA\"},\"image\":{\"@id\":\"https:\/\/guaruja.org.br\/aguaviva\/#\/schema\/logo\/image\/\"},\"sameAs\":[\"https:\/\/www.facebook.com\/guarujaaguaviva\",\"https:\/\/www.instagram.com\/aguavivaguaruja\/\"]},{\"@type\":\"Person\",\"@id\":\"https:\/\/guaruja.org.br\/aguaviva\/#\/schema\/person\/9eebcb3a8418982418c00d543a25aee4\",\"name\":\"morgana\",\"sameAs\":[\"https:\/\/guaruja.org.br\/aguaviva-02\"],\"url\":\"https:\/\/guaruja.org.br\/aguaviva\/author\/morgana\/\"}]}<\/script>\n<!-- \/ Yoast SEO Premium plugin. -->","yoast_head_json":{"title":"A luta est\u00e1 s\u00f3 come\u00e7ando! - AGUAVIVA","robots":{"index":"index","follow":"follow","max-snippet":"max-snippet:-1","max-image-preview":"max-image-preview:large","max-video-preview":"max-video-preview:-1"},"canonical":"https:\/\/guaruja.org.br\/aguaviva\/a-luta-esta-so-comecando\/","og_locale":"pt_BR","og_type":"article","og_title":"A luta est\u00e1 s\u00f3 come\u00e7ando!","og_description":"Esperamos que muito em breve possamos atualizar essa p\u00e1gina com informa\u00e7\u00f5es que demonstrem que o poder Executivo do Munic\u00edpio de Guaruj\u00e1, voltou a assumir suas fun\u00e7\u00f5es e, especialmente, o compromisso com a cidade, com a verdade e com o povo que os elegeu.","og_url":"https:\/\/guaruja.org.br\/aguaviva\/a-luta-esta-so-comecando\/","og_site_name":"AGUAVIVA","article_publisher":"https:\/\/www.facebook.com\/guarujaaguaviva","article_published_time":"2022-05-23T21:30:39+00:00","article_modified_time":"2023-07-05T17:13:12+00:00","og_image":[{"width":1200,"height":1600,"url":"https:\/\/guaruja.org.br\/aguaviva\/wp-content\/uploads\/2022\/05\/WhatsApp-Image-2022-05-23-at-16.19.47.jpeg","type":"image\/jpeg"}],"author":"morgana","twitter_card":"summary_large_image","twitter_misc":{"Escrito por":"morgana","Est. tempo de leitura":"18 minutos"},"schema":{"@context":"https:\/\/schema.org","@graph":[{"@type":"Article","@id":"https:\/\/guaruja.org.br\/aguaviva\/a-luta-esta-so-comecando\/#article","isPartOf":{"@id":"https:\/\/guaruja.org.br\/aguaviva\/a-luta-esta-so-comecando\/"},"author":{"name":"morgana","@id":"https:\/\/guaruja.org.br\/aguaviva\/#\/schema\/person\/9eebcb3a8418982418c00d543a25aee4"},"headline":"A luta est\u00e1 s\u00f3 come\u00e7ando!","datePublished":"2022-05-23T21:30:39+00:00","dateModified":"2023-07-05T17:13:12+00:00","mainEntityOfPage":{"@id":"https:\/\/guaruja.org.br\/aguaviva\/a-luta-esta-so-comecando\/"},"wordCount":2611,"publisher":{"@id":"https:\/\/guaruja.org.br\/aguaviva\/#organization"},"image":{"@id":"https:\/\/guaruja.org.br\/aguaviva\/a-luta-esta-so-comecando\/#primaryimage"},"thumbnailUrl":"https:\/\/guaruja.org.br\/aguaviva\/wp-content\/uploads\/2022\/05\/WhatsApp-Image-2022-05-23-at-16.19.47.jpeg","keywords":["forasuman","guaruja","impeachment","nacar"],"articleSection":["Not\u00edcias da Cidade e Baixada Santista"],"inLanguage":"pt-BR"},{"@type":"WebPage","@id":"https:\/\/guaruja.org.br\/aguaviva\/a-luta-esta-so-comecando\/","url":"https:\/\/guaruja.org.br\/aguaviva\/a-luta-esta-so-comecando\/","name":"A luta est\u00e1 s\u00f3 come\u00e7ando! - AGUAVIVA","isPartOf":{"@id":"https:\/\/guaruja.org.br\/aguaviva\/#website"},"primaryImageOfPage":{"@id":"https:\/\/guaruja.org.br\/aguaviva\/a-luta-esta-so-comecando\/#primaryimage"},"image":{"@id":"https:\/\/guaruja.org.br\/aguaviva\/a-luta-esta-so-comecando\/#primaryimage"},"thumbnailUrl":"https:\/\/guaruja.org.br\/aguaviva\/wp-content\/uploads\/2022\/05\/WhatsApp-Image-2022-05-23-at-16.19.47.jpeg","datePublished":"2022-05-23T21:30:39+00:00","dateModified":"2023-07-05T17:13:12+00:00","breadcrumb":{"@id":"https:\/\/guaruja.org.br\/aguaviva\/a-luta-esta-so-comecando\/#breadcrumb"},"inLanguage":"pt-BR","potentialAction":[{"@type":"ReadAction","target":["https:\/\/guaruja.org.br\/aguaviva\/a-luta-esta-so-comecando\/"]}]},{"@type":"ImageObject","inLanguage":"pt-BR","@id":"https:\/\/guaruja.org.br\/aguaviva\/a-luta-esta-so-comecando\/#primaryimage","url":"https:\/\/guaruja.org.br\/aguaviva\/wp-content\/uploads\/2022\/05\/WhatsApp-Image-2022-05-23-at-16.19.47.jpeg","contentUrl":"https:\/\/guaruja.org.br\/aguaviva\/wp-content\/uploads\/2022\/05\/WhatsApp-Image-2022-05-23-at-16.19.47.jpeg","width":1200,"height":1600},{"@type":"BreadcrumbList","@id":"https:\/\/guaruja.org.br\/aguaviva\/a-luta-esta-so-comecando\/#breadcrumb","itemListElement":[{"@type":"ListItem","position":1,"name":"In\u00edcio","item":"https:\/\/guaruja.org.br\/aguaviva\/"},{"@type":"ListItem","position":2,"name":"A luta est\u00e1 s\u00f3 come\u00e7ando!"}]},{"@type":"WebSite","@id":"https:\/\/guaruja.org.br\/aguaviva\/#website","url":"https:\/\/guaruja.org.br\/aguaviva\/","name":"AGUAVIVA","description":"Associa\u00e7\u00e3o Guaruj\u00e1 Viva","publisher":{"@id":"https:\/\/guaruja.org.br\/aguaviva\/#organization"},"alternateName":"AGUAVIVA","potentialAction":[{"@type":"SearchAction","target":{"@type":"EntryPoint","urlTemplate":"https:\/\/guaruja.org.br\/aguaviva\/?s={search_term_string}"},"query-input":{"@type":"PropertyValueSpecification","valueRequired":true,"valueName":"search_term_string"}}],"inLanguage":"pt-BR"},{"@type":"Organization","@id":"https:\/\/guaruja.org.br\/aguaviva\/#organization","name":"AGUAVIVA","alternateName":"AGUAVIVA","url":"https:\/\/guaruja.org.br\/aguaviva\/","logo":{"@type":"ImageObject","inLanguage":"pt-BR","@id":"https:\/\/guaruja.org.br\/aguaviva\/#\/schema\/logo\/image\/","url":"https:\/\/guaruja.org.br\/aguaviva\/wp-content\/uploads\/2025\/03\/logo-aguaviva-horizontal.png","contentUrl":"https:\/\/guaruja.org.br\/aguaviva\/wp-content\/uploads\/2025\/03\/logo-aguaviva-horizontal.png","width":3280,"height":1080,"caption":"AGUAVIVA"},"image":{"@id":"https:\/\/guaruja.org.br\/aguaviva\/#\/schema\/logo\/image\/"},"sameAs":["https:\/\/www.facebook.com\/guarujaaguaviva","https:\/\/www.instagram.com\/aguavivaguaruja\/"]},{"@type":"Person","@id":"https:\/\/guaruja.org.br\/aguaviva\/#\/schema\/person\/9eebcb3a8418982418c00d543a25aee4","name":"morgana","sameAs":["https:\/\/guaruja.org.br\/aguaviva-02"],"url":"https:\/\/guaruja.org.br\/aguaviva\/author\/morgana\/"}]}},"_links":{"self":[{"href":"https:\/\/guaruja.org.br\/aguaviva\/wp-json\/wp\/v2\/posts\/402","targetHints":{"allow":["GET"]}}],"collection":[{"href":"https:\/\/guaruja.org.br\/aguaviva\/wp-json\/wp\/v2\/posts"}],"about":[{"href":"https:\/\/guaruja.org.br\/aguaviva\/wp-json\/wp\/v2\/types\/post"}],"author":[{"embeddable":true,"href":"https:\/\/guaruja.org.br\/aguaviva\/wp-json\/wp\/v2\/users\/1"}],"replies":[{"embeddable":true,"href":"https:\/\/guaruja.org.br\/aguaviva\/wp-json\/wp\/v2\/comments?post=402"}],"version-history":[{"count":2,"href":"https:\/\/guaruja.org.br\/aguaviva\/wp-json\/wp\/v2\/posts\/402\/revisions"}],"predecessor-version":[{"id":723,"href":"https:\/\/guaruja.org.br\/aguaviva\/wp-json\/wp\/v2\/posts\/402\/revisions\/723"}],"wp:featuredmedia":[{"embeddable":true,"href":"https:\/\/guaruja.org.br\/aguaviva\/wp-json\/wp\/v2\/media\/404"}],"wp:attachment":[{"href":"https:\/\/guaruja.org.br\/aguaviva\/wp-json\/wp\/v2\/media?parent=402"}],"wp:term":[{"taxonomy":"category","embeddable":true,"href":"https:\/\/guaruja.org.br\/aguaviva\/wp-json\/wp\/v2\/categories?post=402"},{"taxonomy":"post_tag","embeddable":true,"href":"https:\/\/guaruja.org.br\/aguaviva\/wp-json\/wp\/v2\/tags?post=402"}],"curies":[{"name":"wp","href":"https:\/\/api.w.org\/{rel}","templated":true}]}}