{"id":4766,"date":"2025-12-28T21:09:23","date_gmt":"2025-12-29T00:09:23","guid":{"rendered":"https:\/\/guaruja.org.br\/aguaviva\/?p=4766"},"modified":"2025-12-28T21:09:26","modified_gmt":"2025-12-29T00:09:26","slug":"guaruja-ou-o-marketing-que-mata","status":"publish","type":"post","link":"https:\/\/guaruja.org.br\/aguaviva\/guaruja-ou-o-marketing-que-mata\/","title":{"rendered":"Guaruj\u00e1, ou o Marketing que Mata"},"content":{"rendered":"\n<p class=\"has-text-align-right\"><em>Jos\u00e9 Manoel Ferreira Gon\u00e7alves<br>Engenheiro, advogado e jornalista<\/em><\/p>\n\n\n\n<h2 class=\"wp-block-heading\" id=\"h-ficcao-nas-areias-paulistas\">Fic\u00e7\u00e3o nas Areias Paulistas<\/h2>\n\n\n\n<p>Inegavelmente, o abismo entre o marketing governamental e a realidade crua da seguran\u00e7a e salvamento nas praias de Guaruj\u00e1 atingiu um ponto de ruptura insustent\u00e1vel. O governo estadual e a prefeitura investem pesado em narrativa, mas esquecem o b\u00e1sico necess\u00e1rio para preservar a vida. Enquanto as pe\u00e7as publicit\u00e1rias exibem drones e treinamentos de elite, quem frequenta a orla enfrenta o abandono sist\u00eamico. Essa discrep\u00e2ncia n\u00e3o configura apenas um erro de comunica\u00e7\u00e3o, mas uma neglig\u00eancia deliberada que transforma o lazer em trag\u00e9dia anunciada.<\/p>\n\n\n\n<h2 class=\"wp-block-heading\" id=\"h-o-perigo-da-tecnologia-avancada-inovacao\">O Perigo da Tecnologia Avan\u00e7ada Inova\u00e7\u00e3o<\/h2>\n\n\n\n<p>No \u00faltimo s\u00e1bado, 27 de dezembro, por volta das 12h30, presenciei o colapso dessa estrutura na Praia das Ast\u00farias. Uma forte corrente de retorno arrastou banhistas para o fundo, revelando um despreparo t\u00e9cnico e operacional que beira o criminoso. Em contrapartida aos n\u00fameros oficiais que prometem 108 profissionais para a temporada, a extens\u00e3o enorme de areia contava com apenas tr\u00eas guarda-vidas. Essa distribui\u00e7\u00e3o rala impediu que os agentes percebessem o sinal de socorro prontamente, deixando as v\u00edtimas \u00e0 merc\u00ea da pr\u00f3pria sorte em um momento cr\u00edtico.<\/p>\n\n\n\n<h2 class=\"wp-block-heading\" id=\"h-caos-na-praia-das-asturias\">Caos na Praia das Ast\u00farias<\/h2>\n\n\n\n<p>Ademais, as falhas de equipamento e comunica\u00e7\u00e3o agravaram o cen\u00e1rio de horror. O r\u00e1dio de comunica\u00e7\u00e3o entre o posto central e o guarda-vidas na \u00e1gua simplesmente falhou no momento do resgate. N\u00e3o basta estampar o selo de Tecnologia Avan\u00e7ada Inova\u00e7\u00e3o em drones se o r\u00e1dio do guarda-vidas n\u00e3o funciona. Por esse motivo, uma guarda-vidas de folga precisou correr fisicamente at\u00e9 outro posto para pedir refor\u00e7o, um atraso inaceit\u00e1vel em situa\u00e7\u00f5es onde cada segundo conta. Al\u00e9m disso, o agente de servi\u00e7o entrou no mar sem qualquer prancha de salvamento, demonstrando uma precariedade t\u00e9cnica assustadora.<\/p>\n\n\n\n<h2 class=\"wp-block-heading\" id=\"h-a-falha-da-tecnologia-avancada-inovacao\">A Falha da Tecnologia Avan\u00e7ada Inova\u00e7\u00e3o<\/h2>\n\n\n\n<p>Surpreendentemente, o resgate s\u00f3 obteve sucesso devido \u00e0 bravura de um banhista civil, que arriscou a pr\u00f3pria vida para salvar os outros. O guarda-vidas presente, um funcion\u00e1rio tempor\u00e1rio treinado pela PM, demonstrou total falta de preparo emocional e t\u00e9cnico para gerenciar a crise. Embora o curso de forma\u00e7\u00e3o preveja 122 horas de carga hor\u00e1ria e t\u00e9cnicas de ressuscita\u00e7\u00e3o cardiopulmonar (RCP), a pr\u00e1tica revelou um profissional aparentemente selecionado apenas pelo vigor f\u00edsico. Sem equipamentos b\u00e1sicos como o Desfibrilador Externo Autom\u00e1tico (DEA) ou suporte de primeiros socorros adequado, a vida humana torna-se secund\u00e1ria diante da agenda fiscal do governo.<\/p>\n\n\n\n<h2 class=\"wp-block-heading\" id=\"h-o-preco-do-amadorismo-institucional\">O Pre\u00e7o do Amadorismo Institucional<\/h2>\n\n\n\n<p>Portanto, a sociedade n\u00e3o pode mais aceitar que a gest\u00e3o p\u00fablica trate o salvamento mar\u00edtimo como um palco para propaganda pol\u00edtica. O cen\u00e1rio presenciado nas Ast\u00farias exige uma den\u00fancia formal ao Minist\u00e9rio P\u00fablico para apurar a falta de equipamentos e o d\u00e9ficit de contingente. A vida das pessoas vale muito mais do que drones que servem apenas para fotografias de campanha. Consequentemente, precisamos exigir que o treinamento de 122 horas e o uso de tecnologias sejam reais, eficazes e presentes no dia a dia da orla, e n\u00e3o apenas pe\u00e7as de fic\u00e7\u00e3o publicit\u00e1ria.<\/p>\n\n\n\n<p><em>*Jos\u00e9 Manoel Ferreira Gon\u00e7alves \u00e9 Engenheiro Civil, Advogado, Jornalista, Cientista Pol\u00edtico e Escritor. P\u00f3s-doutor em Sustentabilidade e Transportes (Universidade de Lisboa). \u00c9 fundador e presidente da FerroFrente e da Associa\u00e7\u00e3o \u00c1gua Viva, coordenador do Movimento Engenheiros pela Democracia (EPD) \u00e9 um dos fundadores do Portal de Not\u00edcias Os Inconfidentes, comprometido com pluralidade e engajamento comunit\u00e1rio.<\/em><\/p>\n\n\n\n<p>Declara\u00e7\u00e3o de Fontes:<br>As informa\u00e7\u00f5es contidas neste artigo baseiam-se no meu relato direto de incidente ocorrido na Praia das Ast\u00farias (27\/12\/2025), nos dados t\u00e9cnicos de treinamento de Guarda-Vidas Tempor\u00e1rios (GVT) fornecidos pelo 1\u00ba Subgrupamento de Bombeiros Mar\u00edtimos (SGBMar), nos protocolos internacionais de Ressuscita\u00e7\u00e3o Cardiopulmonar (RCP) e no plano de contingente da Opera\u00e7\u00e3o Ver\u00e3o 2026 divulgado pela Prefeitura de Guaruj\u00e1 e pelo Governo do Estado de S\u00e3o Paulo.<br><br><br><\/p>\n","protected":false},"excerpt":{"rendered":"<p>Jos\u00e9 Manoel Ferreira Gon\u00e7alvesEngenheiro, advogado e jornalista Fic\u00e7\u00e3o nas Areias Paulistas Inegavelmente, o abismo entre o marketing governamental e a realidade crua da seguran\u00e7a e salvamento nas praias de Guaruj\u00e1 atingiu um ponto de ruptura insustent\u00e1vel. O governo estadual e a prefeitura investem pesado em narrativa, mas esquecem o b\u00e1sico necess\u00e1rio para preservar a vida. [&hellip;]<\/p>\n","protected":false},"author":1,"featured_media":4767,"comment_status":"closed","ping_status":"closed","sticky":false,"template":"","format":"standard","meta":{"footnotes":""},"categories":[9],"tags":[250,218,615,20,614,142,354,136,613],"class_list":["post-4766","post","type-post","status-publish","format-standard","has-post-thumbnail","hentry","category-artigos","tag-direitoshumanos","tag-gestaopublica-2","tag-guardavidas","tag-guaruja-2","tag-inovacao","tag-operacaoverao","tag-praiadasasturias","tag-segurancapublica","tag-tecnologia"],"yoast_head":"<!-- This site is optimized with the Yoast SEO Premium plugin v26.7 (Yoast SEO v26.7) - https:\/\/yoast.com\/wordpress\/plugins\/seo\/ -->\n<title>Guaruj\u00e1, ou o Marketing que Mata - AGUAVIVA<\/title>\n<meta name=\"description\" content=\"O artigo denuncia a falha operacional e a precariedade do salvamento mar\u00edtimo na Praia das Ast\u00farias, em Guaruj\u00e1, confrontando a propaganda oficial com a realidade do descaso.\" \/>\n<meta name=\"robots\" content=\"index, follow, max-snippet:-1, max-image-preview:large, max-video-preview:-1\" \/>\n<link rel=\"canonical\" href=\"https:\/\/guaruja.org.br\/aguaviva\/guaruja-ou-o-marketing-que-mata\/\" \/>\n<meta property=\"og:locale\" content=\"pt_BR\" \/>\n<meta property=\"og:type\" content=\"article\" \/>\n<meta property=\"og:title\" content=\"Guaruj\u00e1, ou o Marketing que Mata\" \/>\n<meta property=\"og:description\" content=\"O artigo denuncia a falha operacional e a precariedade do salvamento mar\u00edtimo na Praia das Ast\u00farias, em Guaruj\u00e1, confrontando a propaganda oficial com a realidade do descaso.\" \/>\n<meta property=\"og:url\" content=\"https:\/\/guaruja.org.br\/aguaviva\/guaruja-ou-o-marketing-que-mata\/\" \/>\n<meta property=\"og:site_name\" content=\"AGUAVIVA\" \/>\n<meta property=\"article:publisher\" content=\"https:\/\/www.facebook.com\/guarujaaguaviva\" \/>\n<meta property=\"article:published_time\" content=\"2025-12-29T00:09:23+00:00\" \/>\n<meta property=\"article:modified_time\" content=\"2025-12-29T00:09:26+00:00\" \/>\n<meta property=\"og:image\" content=\"https:\/\/guaruja.org.br\/aguaviva\/wp-content\/uploads\/2025\/12\/praia-das-asturias.jpg\" \/>\n\t<meta property=\"og:image:width\" content=\"640\" \/>\n\t<meta property=\"og:image:height\" content=\"480\" \/>\n\t<meta property=\"og:image:type\" content=\"image\/jpeg\" \/>\n<meta name=\"author\" content=\"morgana\" \/>\n<meta name=\"twitter:card\" content=\"summary_large_image\" \/>\n<meta name=\"twitter:label1\" content=\"Escrito por\" \/>\n\t<meta name=\"twitter:data1\" content=\"morgana\" \/>\n\t<meta name=\"twitter:label2\" content=\"Est. tempo de leitura\" \/>\n\t<meta name=\"twitter:data2\" content=\"4 minutos\" \/>\n<script type=\"application\/ld+json\" class=\"yoast-schema-graph\">{\"@context\":\"https:\/\/schema.org\",\"@graph\":[{\"@type\":\"Article\",\"@id\":\"https:\/\/guaruja.org.br\/aguaviva\/guaruja-ou-o-marketing-que-mata\/#article\",\"isPartOf\":{\"@id\":\"https:\/\/guaruja.org.br\/aguaviva\/guaruja-ou-o-marketing-que-mata\/\"},\"author\":{\"name\":\"morgana\",\"@id\":\"https:\/\/guaruja.org.br\/aguaviva\/#\/schema\/person\/9eebcb3a8418982418c00d543a25aee4\"},\"headline\":\"Guaruj\u00e1, ou o Marketing que Mata\",\"datePublished\":\"2025-12-29T00:09:23+00:00\",\"dateModified\":\"2025-12-29T00:09:26+00:00\",\"mainEntityOfPage\":{\"@id\":\"https:\/\/guaruja.org.br\/aguaviva\/guaruja-ou-o-marketing-que-mata\/\"},\"wordCount\":689,\"publisher\":{\"@id\":\"https:\/\/guaruja.org.br\/aguaviva\/#organization\"},\"image\":{\"@id\":\"https:\/\/guaruja.org.br\/aguaviva\/guaruja-ou-o-marketing-que-mata\/#primaryimage\"},\"thumbnailUrl\":\"https:\/\/guaruja.org.br\/aguaviva\/wp-content\/uploads\/2025\/12\/praia-das-asturias.jpg\",\"keywords\":[\"direitoshumanos\",\"Gest\u00e3oP\u00fablica\",\"GuardaVidas\",\"guaruj\u00e1\",\"Inova\u00e7\u00e3o\",\"Opera\u00e7\u00e3oVer\u00e3o\",\"PraiaDasAst\u00farias\",\"Seguran\u00e7aP\u00fablica\",\"Tecnologia\"],\"articleSection\":[\"Artigos\"],\"inLanguage\":\"pt-BR\"},{\"@type\":\"WebPage\",\"@id\":\"https:\/\/guaruja.org.br\/aguaviva\/guaruja-ou-o-marketing-que-mata\/\",\"url\":\"https:\/\/guaruja.org.br\/aguaviva\/guaruja-ou-o-marketing-que-mata\/\",\"name\":\"Guaruj\u00e1, ou o Marketing que Mata - AGUAVIVA\",\"isPartOf\":{\"@id\":\"https:\/\/guaruja.org.br\/aguaviva\/#website\"},\"primaryImageOfPage\":{\"@id\":\"https:\/\/guaruja.org.br\/aguaviva\/guaruja-ou-o-marketing-que-mata\/#primaryimage\"},\"image\":{\"@id\":\"https:\/\/guaruja.org.br\/aguaviva\/guaruja-ou-o-marketing-que-mata\/#primaryimage\"},\"thumbnailUrl\":\"https:\/\/guaruja.org.br\/aguaviva\/wp-content\/uploads\/2025\/12\/praia-das-asturias.jpg\",\"datePublished\":\"2025-12-29T00:09:23+00:00\",\"dateModified\":\"2025-12-29T00:09:26+00:00\",\"description\":\"O artigo denuncia a falha operacional e a precariedade do salvamento mar\u00edtimo na Praia das Ast\u00farias, em Guaruj\u00e1, confrontando a propaganda oficial com a realidade do descaso.\",\"breadcrumb\":{\"@id\":\"https:\/\/guaruja.org.br\/aguaviva\/guaruja-ou-o-marketing-que-mata\/#breadcrumb\"},\"inLanguage\":\"pt-BR\",\"potentialAction\":[{\"@type\":\"ReadAction\",\"target\":[\"https:\/\/guaruja.org.br\/aguaviva\/guaruja-ou-o-marketing-que-mata\/\"]}]},{\"@type\":\"ImageObject\",\"inLanguage\":\"pt-BR\",\"@id\":\"https:\/\/guaruja.org.br\/aguaviva\/guaruja-ou-o-marketing-que-mata\/#primaryimage\",\"url\":\"https:\/\/guaruja.org.br\/aguaviva\/wp-content\/uploads\/2025\/12\/praia-das-asturias.jpg\",\"contentUrl\":\"https:\/\/guaruja.org.br\/aguaviva\/wp-content\/uploads\/2025\/12\/praia-das-asturias.jpg\",\"width\":640,\"height\":480},{\"@type\":\"BreadcrumbList\",\"@id\":\"https:\/\/guaruja.org.br\/aguaviva\/guaruja-ou-o-marketing-que-mata\/#breadcrumb\",\"itemListElement\":[{\"@type\":\"ListItem\",\"position\":1,\"name\":\"In\u00edcio\",\"item\":\"https:\/\/guaruja.org.br\/aguaviva\/\"},{\"@type\":\"ListItem\",\"position\":2,\"name\":\"Guaruj\u00e1, ou o Marketing que Mata\"}]},{\"@type\":\"WebSite\",\"@id\":\"https:\/\/guaruja.org.br\/aguaviva\/#website\",\"url\":\"https:\/\/guaruja.org.br\/aguaviva\/\",\"name\":\"AGUAVIVA\",\"description\":\"Associa\u00e7\u00e3o Guaruj\u00e1 Viva\",\"publisher\":{\"@id\":\"https:\/\/guaruja.org.br\/aguaviva\/#organization\"},\"alternateName\":\"AGUAVIVA\",\"potentialAction\":[{\"@type\":\"SearchAction\",\"target\":{\"@type\":\"EntryPoint\",\"urlTemplate\":\"https:\/\/guaruja.org.br\/aguaviva\/?s={search_term_string}\"},\"query-input\":{\"@type\":\"PropertyValueSpecification\",\"valueRequired\":true,\"valueName\":\"search_term_string\"}}],\"inLanguage\":\"pt-BR\"},{\"@type\":\"Organization\",\"@id\":\"https:\/\/guaruja.org.br\/aguaviva\/#organization\",\"name\":\"AGUAVIVA\",\"alternateName\":\"AGUAVIVA\",\"url\":\"https:\/\/guaruja.org.br\/aguaviva\/\",\"logo\":{\"@type\":\"ImageObject\",\"inLanguage\":\"pt-BR\",\"@id\":\"https:\/\/guaruja.org.br\/aguaviva\/#\/schema\/logo\/image\/\",\"url\":\"https:\/\/guaruja.org.br\/aguaviva\/wp-content\/uploads\/2025\/03\/logo-aguaviva-horizontal.png\",\"contentUrl\":\"https:\/\/guaruja.org.br\/aguaviva\/wp-content\/uploads\/2025\/03\/logo-aguaviva-horizontal.png\",\"width\":3280,\"height\":1080,\"caption\":\"AGUAVIVA\"},\"image\":{\"@id\":\"https:\/\/guaruja.org.br\/aguaviva\/#\/schema\/logo\/image\/\"},\"sameAs\":[\"https:\/\/www.facebook.com\/guarujaaguaviva\",\"https:\/\/www.instagram.com\/aguavivaguaruja\/\"]},{\"@type\":\"Person\",\"@id\":\"https:\/\/guaruja.org.br\/aguaviva\/#\/schema\/person\/9eebcb3a8418982418c00d543a25aee4\",\"name\":\"morgana\",\"sameAs\":[\"https:\/\/guaruja.org.br\/aguaviva-02\"],\"url\":\"https:\/\/guaruja.org.br\/aguaviva\/author\/morgana\/\"}]}<\/script>\n<!-- \/ Yoast SEO Premium plugin. -->","yoast_head_json":{"title":"Guaruj\u00e1, ou o Marketing que Mata - AGUAVIVA","description":"O artigo denuncia a falha operacional e a precariedade do salvamento mar\u00edtimo na Praia das Ast\u00farias, em Guaruj\u00e1, confrontando a propaganda oficial com a realidade do descaso.","robots":{"index":"index","follow":"follow","max-snippet":"max-snippet:-1","max-image-preview":"max-image-preview:large","max-video-preview":"max-video-preview:-1"},"canonical":"https:\/\/guaruja.org.br\/aguaviva\/guaruja-ou-o-marketing-que-mata\/","og_locale":"pt_BR","og_type":"article","og_title":"Guaruj\u00e1, ou o Marketing que Mata","og_description":"O artigo denuncia a falha operacional e a precariedade do salvamento mar\u00edtimo na Praia das Ast\u00farias, em Guaruj\u00e1, confrontando a propaganda oficial com a realidade do descaso.","og_url":"https:\/\/guaruja.org.br\/aguaviva\/guaruja-ou-o-marketing-que-mata\/","og_site_name":"AGUAVIVA","article_publisher":"https:\/\/www.facebook.com\/guarujaaguaviva","article_published_time":"2025-12-29T00:09:23+00:00","article_modified_time":"2025-12-29T00:09:26+00:00","og_image":[{"width":640,"height":480,"url":"https:\/\/guaruja.org.br\/aguaviva\/wp-content\/uploads\/2025\/12\/praia-das-asturias.jpg","type":"image\/jpeg"}],"author":"morgana","twitter_card":"summary_large_image","twitter_misc":{"Escrito por":"morgana","Est. tempo de leitura":"4 minutos"},"schema":{"@context":"https:\/\/schema.org","@graph":[{"@type":"Article","@id":"https:\/\/guaruja.org.br\/aguaviva\/guaruja-ou-o-marketing-que-mata\/#article","isPartOf":{"@id":"https:\/\/guaruja.org.br\/aguaviva\/guaruja-ou-o-marketing-que-mata\/"},"author":{"name":"morgana","@id":"https:\/\/guaruja.org.br\/aguaviva\/#\/schema\/person\/9eebcb3a8418982418c00d543a25aee4"},"headline":"Guaruj\u00e1, ou o Marketing que Mata","datePublished":"2025-12-29T00:09:23+00:00","dateModified":"2025-12-29T00:09:26+00:00","mainEntityOfPage":{"@id":"https:\/\/guaruja.org.br\/aguaviva\/guaruja-ou-o-marketing-que-mata\/"},"wordCount":689,"publisher":{"@id":"https:\/\/guaruja.org.br\/aguaviva\/#organization"},"image":{"@id":"https:\/\/guaruja.org.br\/aguaviva\/guaruja-ou-o-marketing-que-mata\/#primaryimage"},"thumbnailUrl":"https:\/\/guaruja.org.br\/aguaviva\/wp-content\/uploads\/2025\/12\/praia-das-asturias.jpg","keywords":["direitoshumanos","Gest\u00e3oP\u00fablica","GuardaVidas","guaruj\u00e1","Inova\u00e7\u00e3o","Opera\u00e7\u00e3oVer\u00e3o","PraiaDasAst\u00farias","Seguran\u00e7aP\u00fablica","Tecnologia"],"articleSection":["Artigos"],"inLanguage":"pt-BR"},{"@type":"WebPage","@id":"https:\/\/guaruja.org.br\/aguaviva\/guaruja-ou-o-marketing-que-mata\/","url":"https:\/\/guaruja.org.br\/aguaviva\/guaruja-ou-o-marketing-que-mata\/","name":"Guaruj\u00e1, ou o Marketing que Mata - AGUAVIVA","isPartOf":{"@id":"https:\/\/guaruja.org.br\/aguaviva\/#website"},"primaryImageOfPage":{"@id":"https:\/\/guaruja.org.br\/aguaviva\/guaruja-ou-o-marketing-que-mata\/#primaryimage"},"image":{"@id":"https:\/\/guaruja.org.br\/aguaviva\/guaruja-ou-o-marketing-que-mata\/#primaryimage"},"thumbnailUrl":"https:\/\/guaruja.org.br\/aguaviva\/wp-content\/uploads\/2025\/12\/praia-das-asturias.jpg","datePublished":"2025-12-29T00:09:23+00:00","dateModified":"2025-12-29T00:09:26+00:00","description":"O artigo denuncia a falha operacional e a precariedade do salvamento mar\u00edtimo na Praia das Ast\u00farias, em Guaruj\u00e1, confrontando a propaganda oficial com a realidade do descaso.","breadcrumb":{"@id":"https:\/\/guaruja.org.br\/aguaviva\/guaruja-ou-o-marketing-que-mata\/#breadcrumb"},"inLanguage":"pt-BR","potentialAction":[{"@type":"ReadAction","target":["https:\/\/guaruja.org.br\/aguaviva\/guaruja-ou-o-marketing-que-mata\/"]}]},{"@type":"ImageObject","inLanguage":"pt-BR","@id":"https:\/\/guaruja.org.br\/aguaviva\/guaruja-ou-o-marketing-que-mata\/#primaryimage","url":"https:\/\/guaruja.org.br\/aguaviva\/wp-content\/uploads\/2025\/12\/praia-das-asturias.jpg","contentUrl":"https:\/\/guaruja.org.br\/aguaviva\/wp-content\/uploads\/2025\/12\/praia-das-asturias.jpg","width":640,"height":480},{"@type":"BreadcrumbList","@id":"https:\/\/guaruja.org.br\/aguaviva\/guaruja-ou-o-marketing-que-mata\/#breadcrumb","itemListElement":[{"@type":"ListItem","position":1,"name":"In\u00edcio","item":"https:\/\/guaruja.org.br\/aguaviva\/"},{"@type":"ListItem","position":2,"name":"Guaruj\u00e1, ou o Marketing que Mata"}]},{"@type":"WebSite","@id":"https:\/\/guaruja.org.br\/aguaviva\/#website","url":"https:\/\/guaruja.org.br\/aguaviva\/","name":"AGUAVIVA","description":"Associa\u00e7\u00e3o Guaruj\u00e1 Viva","publisher":{"@id":"https:\/\/guaruja.org.br\/aguaviva\/#organization"},"alternateName":"AGUAVIVA","potentialAction":[{"@type":"SearchAction","target":{"@type":"EntryPoint","urlTemplate":"https:\/\/guaruja.org.br\/aguaviva\/?s={search_term_string}"},"query-input":{"@type":"PropertyValueSpecification","valueRequired":true,"valueName":"search_term_string"}}],"inLanguage":"pt-BR"},{"@type":"Organization","@id":"https:\/\/guaruja.org.br\/aguaviva\/#organization","name":"AGUAVIVA","alternateName":"AGUAVIVA","url":"https:\/\/guaruja.org.br\/aguaviva\/","logo":{"@type":"ImageObject","inLanguage":"pt-BR","@id":"https:\/\/guaruja.org.br\/aguaviva\/#\/schema\/logo\/image\/","url":"https:\/\/guaruja.org.br\/aguaviva\/wp-content\/uploads\/2025\/03\/logo-aguaviva-horizontal.png","contentUrl":"https:\/\/guaruja.org.br\/aguaviva\/wp-content\/uploads\/2025\/03\/logo-aguaviva-horizontal.png","width":3280,"height":1080,"caption":"AGUAVIVA"},"image":{"@id":"https:\/\/guaruja.org.br\/aguaviva\/#\/schema\/logo\/image\/"},"sameAs":["https:\/\/www.facebook.com\/guarujaaguaviva","https:\/\/www.instagram.com\/aguavivaguaruja\/"]},{"@type":"Person","@id":"https:\/\/guaruja.org.br\/aguaviva\/#\/schema\/person\/9eebcb3a8418982418c00d543a25aee4","name":"morgana","sameAs":["https:\/\/guaruja.org.br\/aguaviva-02"],"url":"https:\/\/guaruja.org.br\/aguaviva\/author\/morgana\/"}]}},"_links":{"self":[{"href":"https:\/\/guaruja.org.br\/aguaviva\/wp-json\/wp\/v2\/posts\/4766","targetHints":{"allow":["GET"]}}],"collection":[{"href":"https:\/\/guaruja.org.br\/aguaviva\/wp-json\/wp\/v2\/posts"}],"about":[{"href":"https:\/\/guaruja.org.br\/aguaviva\/wp-json\/wp\/v2\/types\/post"}],"author":[{"embeddable":true,"href":"https:\/\/guaruja.org.br\/aguaviva\/wp-json\/wp\/v2\/users\/1"}],"replies":[{"embeddable":true,"href":"https:\/\/guaruja.org.br\/aguaviva\/wp-json\/wp\/v2\/comments?post=4766"}],"version-history":[{"count":1,"href":"https:\/\/guaruja.org.br\/aguaviva\/wp-json\/wp\/v2\/posts\/4766\/revisions"}],"predecessor-version":[{"id":4768,"href":"https:\/\/guaruja.org.br\/aguaviva\/wp-json\/wp\/v2\/posts\/4766\/revisions\/4768"}],"wp:featuredmedia":[{"embeddable":true,"href":"https:\/\/guaruja.org.br\/aguaviva\/wp-json\/wp\/v2\/media\/4767"}],"wp:attachment":[{"href":"https:\/\/guaruja.org.br\/aguaviva\/wp-json\/wp\/v2\/media?parent=4766"}],"wp:term":[{"taxonomy":"category","embeddable":true,"href":"https:\/\/guaruja.org.br\/aguaviva\/wp-json\/wp\/v2\/categories?post=4766"},{"taxonomy":"post_tag","embeddable":true,"href":"https:\/\/guaruja.org.br\/aguaviva\/wp-json\/wp\/v2\/tags?post=4766"}],"curies":[{"name":"wp","href":"https:\/\/api.w.org\/{rel}","templated":true}]}}