{"id":4769,"date":"2025-12-30T10:37:19","date_gmt":"2025-12-30T13:37:19","guid":{"rendered":"https:\/\/guaruja.org.br\/aguaviva\/?p=4769"},"modified":"2025-12-30T10:37:23","modified_gmt":"2025-12-30T13:37:23","slug":"praia-do-tombo-entre-selos-e-muito-lixo","status":"publish","type":"post","link":"https:\/\/guaruja.org.br\/aguaviva\/praia-do-tombo-entre-selos-e-muito-lixo\/","title":{"rendered":"Praia do Tombo: entre Selos e Muito Lixo"},"content":{"rendered":"\n<p class=\"has-text-align-right\"><em>Por Jos\u00e9 Manoel Ferreira Gon\u00e7alves<br>Engenheiro, advogado e jornalista<\/em><\/p>\n\n\n\n<h2 class=\"wp-block-heading\" id=\"h-o-brilho-do-reconhecimento-mundial\">O brilho do reconhecimento mundial<\/h2>\n\n\n\n<p>A Praia do Tombo virou vitrine do Guaruj\u00e1 porque, temporada ap\u00f3s temporada, o selo Bandeira Azul exige disciplina. Al\u00e9m disso, a certifica\u00e7\u00e3o da Foundation for Environmental Education (FEE) cobra crit\u00e9rios que v\u00e3o de balneabilidade a gest\u00e3o ambiental, passando por seguran\u00e7a, acessibilidade e educa\u00e7\u00e3o para a sustentabilidade. Assim, quando a praia chega a 16 conquistas consecutivas na temporada 2025\/2026, o feito impressiona e atrai aten\u00e7\u00e3o. Ao mesmo tempo, a fama das ondas fortes mant\u00e9m o surfe como identidade local, enquanto os 856 metros de faixa de areia refor\u00e7am a sensa\u00e7\u00e3o de \u201cpraia curta, por\u00e9m intensa\u201d.<\/p>\n\n\n\n<h2 class=\"wp-block-heading\" id=\"h-praia-tombo-bandeira-azul\">Praia Tombo Bandeira Azul<\/h2>\n\n\n\n<p>A cena acima, do esgoto aparente \u2014 \u201ca c\u00e9u aberto\u201d \u2014 cria um choque imediato com o discurso da excel\u00eancia. Ainda assim, essa contradi\u00e7\u00e3o n\u00e3o precisa virar guerra contra o selo; ao contr\u00e1rio, ela precisa virar cobran\u00e7a por coer\u00eancia. Portanto, quando o visitante enxerga res\u00edduos no entorno, ele n\u00e3o discute apenas est\u00e9tica, pois ele questiona risco sanit\u00e1rio, impacto na fauna e a seriedade da fiscaliza\u00e7\u00e3o. Al\u00e9m disso, quando o cidad\u00e3o nota descuido repetido, ele passa a duvidar do compromisso cotidiano, mesmo que a \u00e1gua apresente bons \u00edndices em monitoramentos.<\/p>\n\n\n\n<h2 class=\"wp-block-heading\" id=\"h-o-que-explica-a-dicotomia\">O que explica a dicotomia<\/h2>\n\n\n\n<p>Em primeiro lugar, polui\u00e7\u00e3o vis\u00edvel nem sempre nasce no mesmo lugar onde aparece, porque a drenagem urbana carrega res\u00edduos para a areia ap\u00f3s chuvas e mar\u00e9s, e isso pode piorar em poucos minutos. Al\u00e9m disso, a praia pode cumprir metas de qualidade da \u00e1gua em pontos e dias de coleta, enquanto falha na limpeza e no controle de descarte irregular no \u201cmi\u00fado\u201d do dia a dia. Por consequ\u00eancia, o selo avalia um conjunto amplo de pr\u00e1ticas, mas a percep\u00e7\u00e3o p\u00fablica se forma pelo que o olho encontra na chegada. Assim, quando a prefeitura n\u00e3o garante varri\u00e7\u00e3o eficiente, lixeiras suficientes, fiscaliza\u00e7\u00e3o de ambulantes e gest\u00e3o de res\u00edduos, o certificado fica com cara de fantasia, mesmo que os crit\u00e9rios existam.<\/p>\n\n\n\n<h2 class=\"wp-block-heading\" id=\"h-praia-tombo-bandeira-azul-0\">Praia Tombo Bandeira Azul<\/h2>\n\n\n\n<p>Logo, a pergunta mais \u00fatil n\u00e3o \u00e9 \u201co selo vale ou n\u00e3o vale\u201d, e sim \u201ccomo o selo vira rotina\u201d. Al\u00e9m disso, o pr\u00f3prio Bandeira Azul prev\u00ea educa\u00e7\u00e3o ambiental e gest\u00e3o ativa, o que combina com iniciativas como n\u00facleo informativo, sinaliza\u00e7\u00e3o e a\u00e7\u00f5es de conscientiza\u00e7\u00e3o. Portanto, se o lixo permanece, algu\u00e9m falha em transformar regra em pr\u00e1tica, seja por or\u00e7amento mal priorizado, seja por fiscaliza\u00e7\u00e3o fraca, seja por falta de transpar\u00eancia sobre planos e metas. Consequentemente, a popula\u00e7\u00e3o percebe, comenta, fotografa e cobra, porque ningu\u00e9m \u201cse engana\u201d quando o problema aparece diante de todos.<\/p>\n\n\n\n<h2 class=\"wp-block-heading\" id=\"h-cobranca-inteligente-e-solucoes-objetivas\">Cobran\u00e7a inteligente e solu\u00e7\u00f5es objetivas<\/h2>\n\n\n\n<p>Por tudo isso, o Guaruj\u00e1 precisa publicar rotas e frequ\u00eancia de limpeza, al\u00e9m de indicadores simples de desempenho por semana. Al\u00e9m disso, o poder p\u00fablico deve tratar pontos de drenagem como foco permanente, instalar barreiras de reten\u00e7\u00e3o de res\u00edduos onde couber e punir descarte irregular com const\u00e2ncia, n\u00e3o com opera\u00e7\u00e3o de ocasi\u00e3o. Do mesmo modo, a cidade pode ampliar campanhas com escolas, quiosques e surfistas, porque cultura de cuidado nasce de repeti\u00e7\u00e3o. Por fim, a gest\u00e3o deve ouvir moradores e frequentadores em reuni\u00f5es abertas, porque o povo v\u00ea, entende e ajuda quando encontra respeito.<\/p>\n\n\n\n<h2 class=\"wp-block-heading\" id=\"h-quando-o-merito-encontra-a-verdade\">Quando o m\u00e9rito encontra a verdade<\/h2>\n\n\n\n<p>Portanto, o selo s\u00f3 faz sentido se caminhar junto de uma praia limpa, saud\u00e1vel e segura em qualquer dia, e n\u00e3o apenas em dias \u201cde auditoria\u201d. Al\u00e9m disso, a Praia do Tombo pode continuar refer\u00eancia de sustentabilidade, desde que trate o lixo como urg\u00eancia p\u00fablica, e n\u00e3o como detalhe inc\u00f4modo. Assim, a cidade preserva o reconhecimento internacional e, principalmente, protege quem entra no mar confiando que a realidade combina com a promessa.<\/p>\n\n\n\n<p><em>*Jos\u00e9 Manoel Ferreira Gon\u00e7alves \u00e9 Engenheiro Civil, Advogado, Jornalista, Cientista Pol\u00edtico e Escritor. P\u00f3s-doutor em Sustentabilidade e Transportes (Universidade de Lisboa). \u00c9 fundador e presidente da FerroFrente e da Associa\u00e7\u00e3o \u00c1gua Viva, coordenador do Movimento Engenheiros pela Democracia (EPD) \u00e9 um dos fundadores do Portal de Not\u00edcias Os Inconfidentes, comprometido com pluralidade e engajamento comunit\u00e1rio.<\/em><\/p>\n\n\n\n<p>Declara\u00e7\u00e3o de fontes: As informa\u00e7\u00f5es deste artigo se baseiam em materiais institucionais da Foundation for Environmental Education (FEE) e do Programa Bandeira Azul no Brasil (ABAE e Instituto Ambientes em Rede), al\u00e9m de refer\u00eancias t\u00e9cnicas usuais de monitoramento e gest\u00e3o costeira divulgadas por \u00f3rg\u00e3os ambientais como a CETESB e por comunicados p\u00fablicos municipais do Guaruj\u00e1. Observa\u00e7\u00e3o: n\u00e3o consigo acessar a internet nesta conversa para checar documentos espec\u00edficos em tempo real.<\/p>\n\n\n\n<p><\/p>\n","protected":false},"excerpt":{"rendered":"<p>Por Jos\u00e9 Manoel Ferreira Gon\u00e7alvesEngenheiro, advogado e jornalista O brilho do reconhecimento mundial A Praia do Tombo virou vitrine do Guaruj\u00e1 porque, temporada ap\u00f3s temporada, o selo Bandeira Azul exige disciplina. Al\u00e9m disso, a certifica\u00e7\u00e3o da Foundation for Environmental Education (FEE) cobra crit\u00e9rios que v\u00e3o de balneabilidade a gest\u00e3o ambiental, passando por seguran\u00e7a, acessibilidade e [&hellip;]<\/p>\n","protected":false},"author":1,"featured_media":4770,"comment_status":"closed","ping_status":"closed","sticky":false,"template":"","format":"standard","meta":{"footnotes":""},"categories":[9],"tags":[618,617,216,20,619,56,226,95,231],"class_list":["post-4769","post","type-post","status-publish","format-standard","has-post-thumbnail","hentry","category-artigos","tag-azul","tag-bandeira","tag-gestaoambiental-2","tag-guaruja-2","tag-limpezaurbana","tag-praia","tag-qualidadedaagua","tag-sustentabilidade","tag-tombo"],"yoast_head":"<!-- This site is optimized with the Yoast SEO Premium plugin v26.7 (Yoast SEO v26.7) - https:\/\/yoast.com\/wordpress\/plugins\/seo\/ -->\n<title>Praia do Tombo: entre Selos e Muito Lixo - AGUAVIVA<\/title>\n<meta name=\"description\" content=\"Praia do Tombo exibe o selo Bandeira Azul, mas a polui\u00e7\u00e3o vis\u00edvel exp\u00f5e falhas de gest\u00e3o e exige a\u00e7\u00f5es concretas para garantir limpeza, sa\u00fade e confian\u00e7a p\u00fablica.\" \/>\n<meta name=\"robots\" content=\"index, follow, max-snippet:-1, max-image-preview:large, max-video-preview:-1\" \/>\n<link rel=\"canonical\" href=\"https:\/\/guaruja.org.br\/aguaviva\/praia-do-tombo-entre-selos-e-muito-lixo\/\" \/>\n<meta property=\"og:locale\" content=\"pt_BR\" \/>\n<meta property=\"og:type\" content=\"article\" \/>\n<meta property=\"og:title\" content=\"Praia do Tombo: entre Selos e Muito Lixo\" \/>\n<meta property=\"og:description\" content=\"Praia do Tombo exibe o selo Bandeira Azul, mas a polui\u00e7\u00e3o vis\u00edvel exp\u00f5e falhas de gest\u00e3o e exige a\u00e7\u00f5es concretas para garantir limpeza, sa\u00fade e confian\u00e7a p\u00fablica.\" \/>\n<meta property=\"og:url\" content=\"https:\/\/guaruja.org.br\/aguaviva\/praia-do-tombo-entre-selos-e-muito-lixo\/\" \/>\n<meta property=\"og:site_name\" content=\"AGUAVIVA\" \/>\n<meta property=\"article:publisher\" content=\"https:\/\/www.facebook.com\/guarujaaguaviva\" \/>\n<meta property=\"article:published_time\" content=\"2025-12-30T13:37:19+00:00\" \/>\n<meta property=\"article:modified_time\" content=\"2025-12-30T13:37:23+00:00\" \/>\n<meta property=\"og:image\" content=\"https:\/\/guaruja.org.br\/aguaviva\/wp-content\/uploads\/2025\/12\/praia-do-tombo.jpg\" \/>\n\t<meta property=\"og:image:width\" content=\"2048\" \/>\n\t<meta property=\"og:image:height\" content=\"1365\" \/>\n\t<meta property=\"og:image:type\" content=\"image\/jpeg\" \/>\n<meta name=\"author\" content=\"morgana\" \/>\n<meta name=\"twitter:card\" content=\"summary_large_image\" \/>\n<meta name=\"twitter:label1\" content=\"Escrito por\" \/>\n\t<meta name=\"twitter:data1\" content=\"morgana\" \/>\n\t<meta name=\"twitter:label2\" content=\"Est. tempo de leitura\" \/>\n\t<meta name=\"twitter:data2\" content=\"5 minutos\" \/>\n<script type=\"application\/ld+json\" class=\"yoast-schema-graph\">{\"@context\":\"https:\/\/schema.org\",\"@graph\":[{\"@type\":\"Article\",\"@id\":\"https:\/\/guaruja.org.br\/aguaviva\/praia-do-tombo-entre-selos-e-muito-lixo\/#article\",\"isPartOf\":{\"@id\":\"https:\/\/guaruja.org.br\/aguaviva\/praia-do-tombo-entre-selos-e-muito-lixo\/\"},\"author\":{\"name\":\"morgana\",\"@id\":\"https:\/\/guaruja.org.br\/aguaviva\/#\/schema\/person\/9eebcb3a8418982418c00d543a25aee4\"},\"headline\":\"Praia do Tombo: entre Selos e Muito Lixo\",\"datePublished\":\"2025-12-30T13:37:19+00:00\",\"dateModified\":\"2025-12-30T13:37:23+00:00\",\"mainEntityOfPage\":{\"@id\":\"https:\/\/guaruja.org.br\/aguaviva\/praia-do-tombo-entre-selos-e-muito-lixo\/\"},\"wordCount\":825,\"publisher\":{\"@id\":\"https:\/\/guaruja.org.br\/aguaviva\/#organization\"},\"image\":{\"@id\":\"https:\/\/guaruja.org.br\/aguaviva\/praia-do-tombo-entre-selos-e-muito-lixo\/#primaryimage\"},\"thumbnailUrl\":\"https:\/\/guaruja.org.br\/aguaviva\/wp-content\/uploads\/2025\/12\/praia-do-tombo.jpg\",\"keywords\":[\"Azul\",\"Bandeira\",\"Gest\u00e3oAmbiental\",\"guaruj\u00e1\",\"LimpezaUrbana\",\"praia\",\"QualidadeDa\u00c1gua\",\"Sustentabilidade\",\"Tombo\"],\"articleSection\":[\"Artigos\"],\"inLanguage\":\"pt-BR\"},{\"@type\":\"WebPage\",\"@id\":\"https:\/\/guaruja.org.br\/aguaviva\/praia-do-tombo-entre-selos-e-muito-lixo\/\",\"url\":\"https:\/\/guaruja.org.br\/aguaviva\/praia-do-tombo-entre-selos-e-muito-lixo\/\",\"name\":\"Praia do Tombo: entre Selos e Muito Lixo - AGUAVIVA\",\"isPartOf\":{\"@id\":\"https:\/\/guaruja.org.br\/aguaviva\/#website\"},\"primaryImageOfPage\":{\"@id\":\"https:\/\/guaruja.org.br\/aguaviva\/praia-do-tombo-entre-selos-e-muito-lixo\/#primaryimage\"},\"image\":{\"@id\":\"https:\/\/guaruja.org.br\/aguaviva\/praia-do-tombo-entre-selos-e-muito-lixo\/#primaryimage\"},\"thumbnailUrl\":\"https:\/\/guaruja.org.br\/aguaviva\/wp-content\/uploads\/2025\/12\/praia-do-tombo.jpg\",\"datePublished\":\"2025-12-30T13:37:19+00:00\",\"dateModified\":\"2025-12-30T13:37:23+00:00\",\"description\":\"Praia do Tombo exibe o selo Bandeira Azul, mas a polui\u00e7\u00e3o vis\u00edvel exp\u00f5e falhas de gest\u00e3o e exige a\u00e7\u00f5es concretas para garantir limpeza, sa\u00fade e confian\u00e7a p\u00fablica.\",\"breadcrumb\":{\"@id\":\"https:\/\/guaruja.org.br\/aguaviva\/praia-do-tombo-entre-selos-e-muito-lixo\/#breadcrumb\"},\"inLanguage\":\"pt-BR\",\"potentialAction\":[{\"@type\":\"ReadAction\",\"target\":[\"https:\/\/guaruja.org.br\/aguaviva\/praia-do-tombo-entre-selos-e-muito-lixo\/\"]}]},{\"@type\":\"ImageObject\",\"inLanguage\":\"pt-BR\",\"@id\":\"https:\/\/guaruja.org.br\/aguaviva\/praia-do-tombo-entre-selos-e-muito-lixo\/#primaryimage\",\"url\":\"https:\/\/guaruja.org.br\/aguaviva\/wp-content\/uploads\/2025\/12\/praia-do-tombo.jpg\",\"contentUrl\":\"https:\/\/guaruja.org.br\/aguaviva\/wp-content\/uploads\/2025\/12\/praia-do-tombo.jpg\",\"width\":2048,\"height\":1365},{\"@type\":\"BreadcrumbList\",\"@id\":\"https:\/\/guaruja.org.br\/aguaviva\/praia-do-tombo-entre-selos-e-muito-lixo\/#breadcrumb\",\"itemListElement\":[{\"@type\":\"ListItem\",\"position\":1,\"name\":\"In\u00edcio\",\"item\":\"https:\/\/guaruja.org.br\/aguaviva\/\"},{\"@type\":\"ListItem\",\"position\":2,\"name\":\"Praia do Tombo: entre Selos e Muito Lixo\"}]},{\"@type\":\"WebSite\",\"@id\":\"https:\/\/guaruja.org.br\/aguaviva\/#website\",\"url\":\"https:\/\/guaruja.org.br\/aguaviva\/\",\"name\":\"AGUAVIVA\",\"description\":\"Associa\u00e7\u00e3o Guaruj\u00e1 Viva\",\"publisher\":{\"@id\":\"https:\/\/guaruja.org.br\/aguaviva\/#organization\"},\"alternateName\":\"AGUAVIVA\",\"potentialAction\":[{\"@type\":\"SearchAction\",\"target\":{\"@type\":\"EntryPoint\",\"urlTemplate\":\"https:\/\/guaruja.org.br\/aguaviva\/?s={search_term_string}\"},\"query-input\":{\"@type\":\"PropertyValueSpecification\",\"valueRequired\":true,\"valueName\":\"search_term_string\"}}],\"inLanguage\":\"pt-BR\"},{\"@type\":\"Organization\",\"@id\":\"https:\/\/guaruja.org.br\/aguaviva\/#organization\",\"name\":\"AGUAVIVA\",\"alternateName\":\"AGUAVIVA\",\"url\":\"https:\/\/guaruja.org.br\/aguaviva\/\",\"logo\":{\"@type\":\"ImageObject\",\"inLanguage\":\"pt-BR\",\"@id\":\"https:\/\/guaruja.org.br\/aguaviva\/#\/schema\/logo\/image\/\",\"url\":\"https:\/\/guaruja.org.br\/aguaviva\/wp-content\/uploads\/2025\/03\/logo-aguaviva-horizontal.png\",\"contentUrl\":\"https:\/\/guaruja.org.br\/aguaviva\/wp-content\/uploads\/2025\/03\/logo-aguaviva-horizontal.png\",\"width\":3280,\"height\":1080,\"caption\":\"AGUAVIVA\"},\"image\":{\"@id\":\"https:\/\/guaruja.org.br\/aguaviva\/#\/schema\/logo\/image\/\"},\"sameAs\":[\"https:\/\/www.facebook.com\/guarujaaguaviva\",\"https:\/\/www.instagram.com\/aguavivaguaruja\/\"]},{\"@type\":\"Person\",\"@id\":\"https:\/\/guaruja.org.br\/aguaviva\/#\/schema\/person\/9eebcb3a8418982418c00d543a25aee4\",\"name\":\"morgana\",\"sameAs\":[\"https:\/\/guaruja.org.br\/aguaviva-02\"],\"url\":\"https:\/\/guaruja.org.br\/aguaviva\/author\/morgana\/\"}]}<\/script>\n<!-- \/ Yoast SEO Premium plugin. -->","yoast_head_json":{"title":"Praia do Tombo: entre Selos e Muito Lixo - AGUAVIVA","description":"Praia do Tombo exibe o selo Bandeira Azul, mas a polui\u00e7\u00e3o vis\u00edvel exp\u00f5e falhas de gest\u00e3o e exige a\u00e7\u00f5es concretas para garantir limpeza, sa\u00fade e confian\u00e7a p\u00fablica.","robots":{"index":"index","follow":"follow","max-snippet":"max-snippet:-1","max-image-preview":"max-image-preview:large","max-video-preview":"max-video-preview:-1"},"canonical":"https:\/\/guaruja.org.br\/aguaviva\/praia-do-tombo-entre-selos-e-muito-lixo\/","og_locale":"pt_BR","og_type":"article","og_title":"Praia do Tombo: entre Selos e Muito Lixo","og_description":"Praia do Tombo exibe o selo Bandeira Azul, mas a polui\u00e7\u00e3o vis\u00edvel exp\u00f5e falhas de gest\u00e3o e exige a\u00e7\u00f5es concretas para garantir limpeza, sa\u00fade e confian\u00e7a p\u00fablica.","og_url":"https:\/\/guaruja.org.br\/aguaviva\/praia-do-tombo-entre-selos-e-muito-lixo\/","og_site_name":"AGUAVIVA","article_publisher":"https:\/\/www.facebook.com\/guarujaaguaviva","article_published_time":"2025-12-30T13:37:19+00:00","article_modified_time":"2025-12-30T13:37:23+00:00","og_image":[{"width":2048,"height":1365,"url":"https:\/\/guaruja.org.br\/aguaviva\/wp-content\/uploads\/2025\/12\/praia-do-tombo.jpg","type":"image\/jpeg"}],"author":"morgana","twitter_card":"summary_large_image","twitter_misc":{"Escrito por":"morgana","Est. tempo de leitura":"5 minutos"},"schema":{"@context":"https:\/\/schema.org","@graph":[{"@type":"Article","@id":"https:\/\/guaruja.org.br\/aguaviva\/praia-do-tombo-entre-selos-e-muito-lixo\/#article","isPartOf":{"@id":"https:\/\/guaruja.org.br\/aguaviva\/praia-do-tombo-entre-selos-e-muito-lixo\/"},"author":{"name":"morgana","@id":"https:\/\/guaruja.org.br\/aguaviva\/#\/schema\/person\/9eebcb3a8418982418c00d543a25aee4"},"headline":"Praia do Tombo: entre Selos e Muito Lixo","datePublished":"2025-12-30T13:37:19+00:00","dateModified":"2025-12-30T13:37:23+00:00","mainEntityOfPage":{"@id":"https:\/\/guaruja.org.br\/aguaviva\/praia-do-tombo-entre-selos-e-muito-lixo\/"},"wordCount":825,"publisher":{"@id":"https:\/\/guaruja.org.br\/aguaviva\/#organization"},"image":{"@id":"https:\/\/guaruja.org.br\/aguaviva\/praia-do-tombo-entre-selos-e-muito-lixo\/#primaryimage"},"thumbnailUrl":"https:\/\/guaruja.org.br\/aguaviva\/wp-content\/uploads\/2025\/12\/praia-do-tombo.jpg","keywords":["Azul","Bandeira","Gest\u00e3oAmbiental","guaruj\u00e1","LimpezaUrbana","praia","QualidadeDa\u00c1gua","Sustentabilidade","Tombo"],"articleSection":["Artigos"],"inLanguage":"pt-BR"},{"@type":"WebPage","@id":"https:\/\/guaruja.org.br\/aguaviva\/praia-do-tombo-entre-selos-e-muito-lixo\/","url":"https:\/\/guaruja.org.br\/aguaviva\/praia-do-tombo-entre-selos-e-muito-lixo\/","name":"Praia do Tombo: entre Selos e Muito Lixo - AGUAVIVA","isPartOf":{"@id":"https:\/\/guaruja.org.br\/aguaviva\/#website"},"primaryImageOfPage":{"@id":"https:\/\/guaruja.org.br\/aguaviva\/praia-do-tombo-entre-selos-e-muito-lixo\/#primaryimage"},"image":{"@id":"https:\/\/guaruja.org.br\/aguaviva\/praia-do-tombo-entre-selos-e-muito-lixo\/#primaryimage"},"thumbnailUrl":"https:\/\/guaruja.org.br\/aguaviva\/wp-content\/uploads\/2025\/12\/praia-do-tombo.jpg","datePublished":"2025-12-30T13:37:19+00:00","dateModified":"2025-12-30T13:37:23+00:00","description":"Praia do Tombo exibe o selo Bandeira Azul, mas a polui\u00e7\u00e3o vis\u00edvel exp\u00f5e falhas de gest\u00e3o e exige a\u00e7\u00f5es concretas para garantir limpeza, sa\u00fade e confian\u00e7a p\u00fablica.","breadcrumb":{"@id":"https:\/\/guaruja.org.br\/aguaviva\/praia-do-tombo-entre-selos-e-muito-lixo\/#breadcrumb"},"inLanguage":"pt-BR","potentialAction":[{"@type":"ReadAction","target":["https:\/\/guaruja.org.br\/aguaviva\/praia-do-tombo-entre-selos-e-muito-lixo\/"]}]},{"@type":"ImageObject","inLanguage":"pt-BR","@id":"https:\/\/guaruja.org.br\/aguaviva\/praia-do-tombo-entre-selos-e-muito-lixo\/#primaryimage","url":"https:\/\/guaruja.org.br\/aguaviva\/wp-content\/uploads\/2025\/12\/praia-do-tombo.jpg","contentUrl":"https:\/\/guaruja.org.br\/aguaviva\/wp-content\/uploads\/2025\/12\/praia-do-tombo.jpg","width":2048,"height":1365},{"@type":"BreadcrumbList","@id":"https:\/\/guaruja.org.br\/aguaviva\/praia-do-tombo-entre-selos-e-muito-lixo\/#breadcrumb","itemListElement":[{"@type":"ListItem","position":1,"name":"In\u00edcio","item":"https:\/\/guaruja.org.br\/aguaviva\/"},{"@type":"ListItem","position":2,"name":"Praia do Tombo: entre Selos e Muito Lixo"}]},{"@type":"WebSite","@id":"https:\/\/guaruja.org.br\/aguaviva\/#website","url":"https:\/\/guaruja.org.br\/aguaviva\/","name":"AGUAVIVA","description":"Associa\u00e7\u00e3o Guaruj\u00e1 Viva","publisher":{"@id":"https:\/\/guaruja.org.br\/aguaviva\/#organization"},"alternateName":"AGUAVIVA","potentialAction":[{"@type":"SearchAction","target":{"@type":"EntryPoint","urlTemplate":"https:\/\/guaruja.org.br\/aguaviva\/?s={search_term_string}"},"query-input":{"@type":"PropertyValueSpecification","valueRequired":true,"valueName":"search_term_string"}}],"inLanguage":"pt-BR"},{"@type":"Organization","@id":"https:\/\/guaruja.org.br\/aguaviva\/#organization","name":"AGUAVIVA","alternateName":"AGUAVIVA","url":"https:\/\/guaruja.org.br\/aguaviva\/","logo":{"@type":"ImageObject","inLanguage":"pt-BR","@id":"https:\/\/guaruja.org.br\/aguaviva\/#\/schema\/logo\/image\/","url":"https:\/\/guaruja.org.br\/aguaviva\/wp-content\/uploads\/2025\/03\/logo-aguaviva-horizontal.png","contentUrl":"https:\/\/guaruja.org.br\/aguaviva\/wp-content\/uploads\/2025\/03\/logo-aguaviva-horizontal.png","width":3280,"height":1080,"caption":"AGUAVIVA"},"image":{"@id":"https:\/\/guaruja.org.br\/aguaviva\/#\/schema\/logo\/image\/"},"sameAs":["https:\/\/www.facebook.com\/guarujaaguaviva","https:\/\/www.instagram.com\/aguavivaguaruja\/"]},{"@type":"Person","@id":"https:\/\/guaruja.org.br\/aguaviva\/#\/schema\/person\/9eebcb3a8418982418c00d543a25aee4","name":"morgana","sameAs":["https:\/\/guaruja.org.br\/aguaviva-02"],"url":"https:\/\/guaruja.org.br\/aguaviva\/author\/morgana\/"}]}},"_links":{"self":[{"href":"https:\/\/guaruja.org.br\/aguaviva\/wp-json\/wp\/v2\/posts\/4769","targetHints":{"allow":["GET"]}}],"collection":[{"href":"https:\/\/guaruja.org.br\/aguaviva\/wp-json\/wp\/v2\/posts"}],"about":[{"href":"https:\/\/guaruja.org.br\/aguaviva\/wp-json\/wp\/v2\/types\/post"}],"author":[{"embeddable":true,"href":"https:\/\/guaruja.org.br\/aguaviva\/wp-json\/wp\/v2\/users\/1"}],"replies":[{"embeddable":true,"href":"https:\/\/guaruja.org.br\/aguaviva\/wp-json\/wp\/v2\/comments?post=4769"}],"version-history":[{"count":1,"href":"https:\/\/guaruja.org.br\/aguaviva\/wp-json\/wp\/v2\/posts\/4769\/revisions"}],"predecessor-version":[{"id":4771,"href":"https:\/\/guaruja.org.br\/aguaviva\/wp-json\/wp\/v2\/posts\/4769\/revisions\/4771"}],"wp:featuredmedia":[{"embeddable":true,"href":"https:\/\/guaruja.org.br\/aguaviva\/wp-json\/wp\/v2\/media\/4770"}],"wp:attachment":[{"href":"https:\/\/guaruja.org.br\/aguaviva\/wp-json\/wp\/v2\/media?parent=4769"}],"wp:term":[{"taxonomy":"category","embeddable":true,"href":"https:\/\/guaruja.org.br\/aguaviva\/wp-json\/wp\/v2\/categories?post=4769"},{"taxonomy":"post_tag","embeddable":true,"href":"https:\/\/guaruja.org.br\/aguaviva\/wp-json\/wp\/v2\/tags?post=4769"}],"curies":[{"name":"wp","href":"https:\/\/api.w.org\/{rel}","templated":true}]}}