{"id":4955,"date":"2026-02-19T15:10:23","date_gmt":"2026-02-19T18:10:23","guid":{"rendered":"https:\/\/guaruja.org.br\/aguaviva\/?p=4955"},"modified":"2026-02-19T16:02:08","modified_gmt":"2026-02-19T19:02:08","slug":"pressao-publica-reduz-valor-do-edital-da-limpeza-urbana-de-guaruja","status":"publish","type":"post","link":"https:\/\/guaruja.org.br\/aguaviva\/pressao-publica-reduz-valor-do-edital-da-limpeza-urbana-de-guaruja\/","title":{"rendered":"Press\u00e3o p\u00fablica reduz valor do edital da limpeza urbana de Guaruj\u00e1"},"content":{"rendered":"\n<p>A sequ\u00eancia de acontecimentos envolvendo o edital da limpeza urbana de Guaruj\u00e1, ao longo de fevereiro de 2026, revela um movimento claro de causa, rea\u00e7\u00e3o e novo ajuste administrativo ap\u00f3s mobiliza\u00e7\u00e3o social e institucional.<\/p>\n\n\n\n<p>O processo teve in\u00edcio em 28 de janeiro de 2026, com a publica\u00e7\u00e3o do edital de concorr\u00eancia eletr\u00f4nica para concess\u00e3o dos servi\u00e7os de limpeza urbana, prevendo custo anual de R$ 204,7 milh\u00f5es, valor 41% superior ao contrato ent\u00e3o vigente, estimado em R$ 144,922 milh\u00f5es por ano. Desde o primeiro momento, foram identificados pontos cr\u00edticos relevantes, entre eles a proibi\u00e7\u00e3o de cons\u00f3rcios, a permiss\u00e3o de subcontrata\u00e7\u00e3o, o risco de sobrepre\u00e7o e a inclus\u00e3o de incinerador com aquisi\u00e7\u00e3o de terreno sem detalhamento t\u00e9cnico-or\u00e7ament\u00e1rio.<\/p>\n\n\n\n<p>Em 2 de fevereiro, a Associa\u00e7\u00e3o Guaruj\u00e1 Viva \u2013 \u00c1gua Viva tornou p\u00fablico o questionamento formal do edital, apontando poss\u00edveis irregularidades jur\u00eddicas e riscos ao interesse p\u00fablico, especialmente quanto \u00e0 restri\u00e7\u00e3o \u00e0 competitividade, \u00e0 estrutura de custos e \u00e0 aus\u00eancia de transpar\u00eancia em elementos t\u00e9cnicos relevantes do certame. A manifesta\u00e7\u00e3o marcou o in\u00edcio da mobiliza\u00e7\u00e3o institucional e social em torno do tema.<\/p>\n\n\n\n<p>Poucos dias depois, em 6 de fevereiro, conforme publica\u00e7\u00e3o no Di\u00e1rio Oficial, a Prefeitura suspendeu a licita\u00e7\u00e3o por tempo indeterminado, sem apresentar qualquer justificativa t\u00e9cnica ou explica\u00e7\u00e3o \u00e0 sociedade, o que resultou no cancelamento da sess\u00e3o previamente prevista.<\/p>\n\n\n\n<p>J\u00e1 em 18 de fevereiro de 2026, tornou-se p\u00fablico um novo edital, que apresentou redu\u00e7\u00e3o do valor anual para R$ 200 milh\u00f5es, representando diminui\u00e7\u00e3o aproximada de R$ 5 milh\u00f5es por ano. Apesar do recuo parcial, a licita\u00e7\u00e3o continua marcada por falhas, j\u00e1 que permanece a veda\u00e7\u00e3o \u00e0 participa\u00e7\u00e3o de cons\u00f3rcios.<\/p>\n\n\n\n<p>A leitura pol\u00edtico-jur\u00eddica da sequ\u00eancia evidencia que a fiscaliza\u00e7\u00e3o cidad\u00e3 produziu efeito concreto, ao menos na redu\u00e7\u00e3o de valores, mas a corre\u00e7\u00e3o permaneceu incompleta, sobretudo quanto \u00e0 competitividade e \u00e0 legalidade estrutural da licita\u00e7\u00e3o. O caso demonstra que a press\u00e3o institucional pode gerar ajustes administrativos, por\u00e9m tamb\u00e9m revela a necessidade de continuidade do controle social e jur\u00eddico para assegurar a plena conformidade do processo com a legisla\u00e7\u00e3o e o interesse p\u00fablico.<\/p>\n","protected":false},"excerpt":{"rendered":"<p>A sequ\u00eancia de acontecimentos envolvendo o edital da limpeza urbana de Guaruj\u00e1, ao longo de fevereiro de 2026, revela um movimento claro de causa, rea\u00e7\u00e3o e novo ajuste administrativo ap\u00f3s mobiliza\u00e7\u00e3o social e institucional. O processo teve in\u00edcio em 28 de janeiro de 2026, com a publica\u00e7\u00e3o do edital de concorr\u00eancia eletr\u00f4nica para concess\u00e3o dos [&hellip;]<\/p>\n","protected":false},"author":1,"featured_media":4957,"comment_status":"closed","ping_status":"closed","sticky":false,"template":"","format":"standard","meta":{"footnotes":""},"categories":[10],"tags":[],"class_list":["post-4955","post","type-post","status-publish","format-standard","has-post-thumbnail","hentry","category-noticia-da-cidade-e-baixada-santista"],"yoast_head":"<!-- This site is optimized with the Yoast SEO Premium plugin v26.7 (Yoast SEO v26.7) - https:\/\/yoast.com\/wordpress\/plugins\/seo\/ -->\n<title>Press\u00e3o p\u00fablica reduz valor do edital da limpeza urbana de Guaruj\u00e1 - AGUAVIVA<\/title>\n<meta name=\"robots\" content=\"index, follow, max-snippet:-1, max-image-preview:large, max-video-preview:-1\" \/>\n<link rel=\"canonical\" href=\"https:\/\/guaruja.org.br\/aguaviva\/pressao-publica-reduz-valor-do-edital-da-limpeza-urbana-de-guaruja\/\" \/>\n<meta property=\"og:locale\" content=\"pt_BR\" \/>\n<meta property=\"og:type\" content=\"article\" \/>\n<meta property=\"og:title\" content=\"Press\u00e3o p\u00fablica reduz valor do edital da limpeza urbana de Guaruj\u00e1\" \/>\n<meta property=\"og:description\" content=\"A sequ\u00eancia de acontecimentos envolvendo o edital da limpeza urbana de Guaruj\u00e1, ao longo de fevereiro de 2026, revela um movimento claro de causa, rea\u00e7\u00e3o e novo ajuste administrativo ap\u00f3s mobiliza\u00e7\u00e3o social e institucional. O processo teve in\u00edcio em 28 de janeiro de 2026, com a publica\u00e7\u00e3o do edital de concorr\u00eancia eletr\u00f4nica para concess\u00e3o dos [&hellip;]\" \/>\n<meta property=\"og:url\" content=\"https:\/\/guaruja.org.br\/aguaviva\/pressao-publica-reduz-valor-do-edital-da-limpeza-urbana-de-guaruja\/\" \/>\n<meta property=\"og:site_name\" content=\"AGUAVIVA\" \/>\n<meta property=\"article:publisher\" content=\"https:\/\/www.facebook.com\/guarujaaguaviva\" \/>\n<meta property=\"article:published_time\" content=\"2026-02-19T18:10:23+00:00\" \/>\n<meta property=\"article:modified_time\" content=\"2026-02-19T19:02:08+00:00\" \/>\n<meta property=\"og:image\" content=\"https:\/\/guaruja.org.br\/aguaviva\/wp-content\/uploads\/2026\/02\/Gemini_Generated_Image_7o2oi97o2oi97o2o.png\" \/>\n\t<meta property=\"og:image:width\" content=\"1248\" \/>\n\t<meta property=\"og:image:height\" content=\"832\" \/>\n\t<meta property=\"og:image:type\" content=\"image\/png\" \/>\n<meta name=\"author\" content=\"morgana\" \/>\n<meta name=\"twitter:card\" content=\"summary_large_image\" \/>\n<meta name=\"twitter:label1\" content=\"Escrito por\" \/>\n\t<meta name=\"twitter:data1\" content=\"morgana\" \/>\n\t<meta name=\"twitter:label2\" content=\"Est. tempo de leitura\" \/>\n\t<meta name=\"twitter:data2\" content=\"3 minutos\" \/>\n<script type=\"application\/ld+json\" class=\"yoast-schema-graph\">{\"@context\":\"https:\/\/schema.org\",\"@graph\":[{\"@type\":\"Article\",\"@id\":\"https:\/\/guaruja.org.br\/aguaviva\/pressao-publica-reduz-valor-do-edital-da-limpeza-urbana-de-guaruja\/#article\",\"isPartOf\":{\"@id\":\"https:\/\/guaruja.org.br\/aguaviva\/pressao-publica-reduz-valor-do-edital-da-limpeza-urbana-de-guaruja\/\"},\"author\":{\"name\":\"morgana\",\"@id\":\"https:\/\/guaruja.org.br\/aguaviva\/#\/schema\/person\/9eebcb3a8418982418c00d543a25aee4\"},\"headline\":\"Press\u00e3o p\u00fablica reduz valor do edital da limpeza urbana de Guaruj\u00e1\",\"datePublished\":\"2026-02-19T18:10:23+00:00\",\"dateModified\":\"2026-02-19T19:02:08+00:00\",\"mainEntityOfPage\":{\"@id\":\"https:\/\/guaruja.org.br\/aguaviva\/pressao-publica-reduz-valor-do-edital-da-limpeza-urbana-de-guaruja\/\"},\"wordCount\":392,\"publisher\":{\"@id\":\"https:\/\/guaruja.org.br\/aguaviva\/#organization\"},\"image\":{\"@id\":\"https:\/\/guaruja.org.br\/aguaviva\/pressao-publica-reduz-valor-do-edital-da-limpeza-urbana-de-guaruja\/#primaryimage\"},\"thumbnailUrl\":\"https:\/\/guaruja.org.br\/aguaviva\/wp-content\/uploads\/2026\/02\/Gemini_Generated_Image_7o2oi97o2oi97o2o.png\",\"articleSection\":[\"Not\u00edcias da Cidade e Baixada Santista\"],\"inLanguage\":\"pt-BR\"},{\"@type\":\"WebPage\",\"@id\":\"https:\/\/guaruja.org.br\/aguaviva\/pressao-publica-reduz-valor-do-edital-da-limpeza-urbana-de-guaruja\/\",\"url\":\"https:\/\/guaruja.org.br\/aguaviva\/pressao-publica-reduz-valor-do-edital-da-limpeza-urbana-de-guaruja\/\",\"name\":\"Press\u00e3o p\u00fablica reduz valor do edital da limpeza urbana de Guaruj\u00e1 - AGUAVIVA\",\"isPartOf\":{\"@id\":\"https:\/\/guaruja.org.br\/aguaviva\/#website\"},\"primaryImageOfPage\":{\"@id\":\"https:\/\/guaruja.org.br\/aguaviva\/pressao-publica-reduz-valor-do-edital-da-limpeza-urbana-de-guaruja\/#primaryimage\"},\"image\":{\"@id\":\"https:\/\/guaruja.org.br\/aguaviva\/pressao-publica-reduz-valor-do-edital-da-limpeza-urbana-de-guaruja\/#primaryimage\"},\"thumbnailUrl\":\"https:\/\/guaruja.org.br\/aguaviva\/wp-content\/uploads\/2026\/02\/Gemini_Generated_Image_7o2oi97o2oi97o2o.png\",\"datePublished\":\"2026-02-19T18:10:23+00:00\",\"dateModified\":\"2026-02-19T19:02:08+00:00\",\"breadcrumb\":{\"@id\":\"https:\/\/guaruja.org.br\/aguaviva\/pressao-publica-reduz-valor-do-edital-da-limpeza-urbana-de-guaruja\/#breadcrumb\"},\"inLanguage\":\"pt-BR\",\"potentialAction\":[{\"@type\":\"ReadAction\",\"target\":[\"https:\/\/guaruja.org.br\/aguaviva\/pressao-publica-reduz-valor-do-edital-da-limpeza-urbana-de-guaruja\/\"]}]},{\"@type\":\"ImageObject\",\"inLanguage\":\"pt-BR\",\"@id\":\"https:\/\/guaruja.org.br\/aguaviva\/pressao-publica-reduz-valor-do-edital-da-limpeza-urbana-de-guaruja\/#primaryimage\",\"url\":\"https:\/\/guaruja.org.br\/aguaviva\/wp-content\/uploads\/2026\/02\/Gemini_Generated_Image_7o2oi97o2oi97o2o.png\",\"contentUrl\":\"https:\/\/guaruja.org.br\/aguaviva\/wp-content\/uploads\/2026\/02\/Gemini_Generated_Image_7o2oi97o2oi97o2o.png\",\"width\":1248,\"height\":832},{\"@type\":\"BreadcrumbList\",\"@id\":\"https:\/\/guaruja.org.br\/aguaviva\/pressao-publica-reduz-valor-do-edital-da-limpeza-urbana-de-guaruja\/#breadcrumb\",\"itemListElement\":[{\"@type\":\"ListItem\",\"position\":1,\"name\":\"In\u00edcio\",\"item\":\"https:\/\/guaruja.org.br\/aguaviva\/\"},{\"@type\":\"ListItem\",\"position\":2,\"name\":\"Press\u00e3o p\u00fablica reduz valor do edital da limpeza urbana de Guaruj\u00e1\"}]},{\"@type\":\"WebSite\",\"@id\":\"https:\/\/guaruja.org.br\/aguaviva\/#website\",\"url\":\"https:\/\/guaruja.org.br\/aguaviva\/\",\"name\":\"AGUAVIVA\",\"description\":\"Associa\u00e7\u00e3o Guaruj\u00e1 Viva\",\"publisher\":{\"@id\":\"https:\/\/guaruja.org.br\/aguaviva\/#organization\"},\"alternateName\":\"AGUAVIVA\",\"potentialAction\":[{\"@type\":\"SearchAction\",\"target\":{\"@type\":\"EntryPoint\",\"urlTemplate\":\"https:\/\/guaruja.org.br\/aguaviva\/?s={search_term_string}\"},\"query-input\":{\"@type\":\"PropertyValueSpecification\",\"valueRequired\":true,\"valueName\":\"search_term_string\"}}],\"inLanguage\":\"pt-BR\"},{\"@type\":\"Organization\",\"@id\":\"https:\/\/guaruja.org.br\/aguaviva\/#organization\",\"name\":\"AGUAVIVA\",\"alternateName\":\"AGUAVIVA\",\"url\":\"https:\/\/guaruja.org.br\/aguaviva\/\",\"logo\":{\"@type\":\"ImageObject\",\"inLanguage\":\"pt-BR\",\"@id\":\"https:\/\/guaruja.org.br\/aguaviva\/#\/schema\/logo\/image\/\",\"url\":\"https:\/\/guaruja.org.br\/aguaviva\/wp-content\/uploads\/2025\/03\/logo-aguaviva-horizontal.png\",\"contentUrl\":\"https:\/\/guaruja.org.br\/aguaviva\/wp-content\/uploads\/2025\/03\/logo-aguaviva-horizontal.png\",\"width\":3280,\"height\":1080,\"caption\":\"AGUAVIVA\"},\"image\":{\"@id\":\"https:\/\/guaruja.org.br\/aguaviva\/#\/schema\/logo\/image\/\"},\"sameAs\":[\"https:\/\/www.facebook.com\/guarujaaguaviva\",\"https:\/\/www.instagram.com\/aguavivaguaruja\/\"]},{\"@type\":\"Person\",\"@id\":\"https:\/\/guaruja.org.br\/aguaviva\/#\/schema\/person\/9eebcb3a8418982418c00d543a25aee4\",\"name\":\"morgana\",\"sameAs\":[\"https:\/\/guaruja.org.br\/aguaviva-02\"],\"url\":\"https:\/\/guaruja.org.br\/aguaviva\/author\/morgana\/\"}]}<\/script>\n<!-- \/ Yoast SEO Premium plugin. -->","yoast_head_json":{"title":"Press\u00e3o p\u00fablica reduz valor do edital da limpeza urbana de Guaruj\u00e1 - AGUAVIVA","robots":{"index":"index","follow":"follow","max-snippet":"max-snippet:-1","max-image-preview":"max-image-preview:large","max-video-preview":"max-video-preview:-1"},"canonical":"https:\/\/guaruja.org.br\/aguaviva\/pressao-publica-reduz-valor-do-edital-da-limpeza-urbana-de-guaruja\/","og_locale":"pt_BR","og_type":"article","og_title":"Press\u00e3o p\u00fablica reduz valor do edital da limpeza urbana de Guaruj\u00e1","og_description":"A sequ\u00eancia de acontecimentos envolvendo o edital da limpeza urbana de Guaruj\u00e1, ao longo de fevereiro de 2026, revela um movimento claro de causa, rea\u00e7\u00e3o e novo ajuste administrativo ap\u00f3s mobiliza\u00e7\u00e3o social e institucional. O processo teve in\u00edcio em 28 de janeiro de 2026, com a publica\u00e7\u00e3o do edital de concorr\u00eancia eletr\u00f4nica para concess\u00e3o dos [&hellip;]","og_url":"https:\/\/guaruja.org.br\/aguaviva\/pressao-publica-reduz-valor-do-edital-da-limpeza-urbana-de-guaruja\/","og_site_name":"AGUAVIVA","article_publisher":"https:\/\/www.facebook.com\/guarujaaguaviva","article_published_time":"2026-02-19T18:10:23+00:00","article_modified_time":"2026-02-19T19:02:08+00:00","og_image":[{"width":1248,"height":832,"url":"https:\/\/guaruja.org.br\/aguaviva\/wp-content\/uploads\/2026\/02\/Gemini_Generated_Image_7o2oi97o2oi97o2o.png","type":"image\/png"}],"author":"morgana","twitter_card":"summary_large_image","twitter_misc":{"Escrito por":"morgana","Est. tempo de leitura":"3 minutos"},"schema":{"@context":"https:\/\/schema.org","@graph":[{"@type":"Article","@id":"https:\/\/guaruja.org.br\/aguaviva\/pressao-publica-reduz-valor-do-edital-da-limpeza-urbana-de-guaruja\/#article","isPartOf":{"@id":"https:\/\/guaruja.org.br\/aguaviva\/pressao-publica-reduz-valor-do-edital-da-limpeza-urbana-de-guaruja\/"},"author":{"name":"morgana","@id":"https:\/\/guaruja.org.br\/aguaviva\/#\/schema\/person\/9eebcb3a8418982418c00d543a25aee4"},"headline":"Press\u00e3o p\u00fablica reduz valor do edital da limpeza urbana de Guaruj\u00e1","datePublished":"2026-02-19T18:10:23+00:00","dateModified":"2026-02-19T19:02:08+00:00","mainEntityOfPage":{"@id":"https:\/\/guaruja.org.br\/aguaviva\/pressao-publica-reduz-valor-do-edital-da-limpeza-urbana-de-guaruja\/"},"wordCount":392,"publisher":{"@id":"https:\/\/guaruja.org.br\/aguaviva\/#organization"},"image":{"@id":"https:\/\/guaruja.org.br\/aguaviva\/pressao-publica-reduz-valor-do-edital-da-limpeza-urbana-de-guaruja\/#primaryimage"},"thumbnailUrl":"https:\/\/guaruja.org.br\/aguaviva\/wp-content\/uploads\/2026\/02\/Gemini_Generated_Image_7o2oi97o2oi97o2o.png","articleSection":["Not\u00edcias da Cidade e Baixada Santista"],"inLanguage":"pt-BR"},{"@type":"WebPage","@id":"https:\/\/guaruja.org.br\/aguaviva\/pressao-publica-reduz-valor-do-edital-da-limpeza-urbana-de-guaruja\/","url":"https:\/\/guaruja.org.br\/aguaviva\/pressao-publica-reduz-valor-do-edital-da-limpeza-urbana-de-guaruja\/","name":"Press\u00e3o p\u00fablica reduz valor do edital da limpeza urbana de Guaruj\u00e1 - AGUAVIVA","isPartOf":{"@id":"https:\/\/guaruja.org.br\/aguaviva\/#website"},"primaryImageOfPage":{"@id":"https:\/\/guaruja.org.br\/aguaviva\/pressao-publica-reduz-valor-do-edital-da-limpeza-urbana-de-guaruja\/#primaryimage"},"image":{"@id":"https:\/\/guaruja.org.br\/aguaviva\/pressao-publica-reduz-valor-do-edital-da-limpeza-urbana-de-guaruja\/#primaryimage"},"thumbnailUrl":"https:\/\/guaruja.org.br\/aguaviva\/wp-content\/uploads\/2026\/02\/Gemini_Generated_Image_7o2oi97o2oi97o2o.png","datePublished":"2026-02-19T18:10:23+00:00","dateModified":"2026-02-19T19:02:08+00:00","breadcrumb":{"@id":"https:\/\/guaruja.org.br\/aguaviva\/pressao-publica-reduz-valor-do-edital-da-limpeza-urbana-de-guaruja\/#breadcrumb"},"inLanguage":"pt-BR","potentialAction":[{"@type":"ReadAction","target":["https:\/\/guaruja.org.br\/aguaviva\/pressao-publica-reduz-valor-do-edital-da-limpeza-urbana-de-guaruja\/"]}]},{"@type":"ImageObject","inLanguage":"pt-BR","@id":"https:\/\/guaruja.org.br\/aguaviva\/pressao-publica-reduz-valor-do-edital-da-limpeza-urbana-de-guaruja\/#primaryimage","url":"https:\/\/guaruja.org.br\/aguaviva\/wp-content\/uploads\/2026\/02\/Gemini_Generated_Image_7o2oi97o2oi97o2o.png","contentUrl":"https:\/\/guaruja.org.br\/aguaviva\/wp-content\/uploads\/2026\/02\/Gemini_Generated_Image_7o2oi97o2oi97o2o.png","width":1248,"height":832},{"@type":"BreadcrumbList","@id":"https:\/\/guaruja.org.br\/aguaviva\/pressao-publica-reduz-valor-do-edital-da-limpeza-urbana-de-guaruja\/#breadcrumb","itemListElement":[{"@type":"ListItem","position":1,"name":"In\u00edcio","item":"https:\/\/guaruja.org.br\/aguaviva\/"},{"@type":"ListItem","position":2,"name":"Press\u00e3o p\u00fablica reduz valor do edital da limpeza urbana de Guaruj\u00e1"}]},{"@type":"WebSite","@id":"https:\/\/guaruja.org.br\/aguaviva\/#website","url":"https:\/\/guaruja.org.br\/aguaviva\/","name":"AGUAVIVA","description":"Associa\u00e7\u00e3o Guaruj\u00e1 Viva","publisher":{"@id":"https:\/\/guaruja.org.br\/aguaviva\/#organization"},"alternateName":"AGUAVIVA","potentialAction":[{"@type":"SearchAction","target":{"@type":"EntryPoint","urlTemplate":"https:\/\/guaruja.org.br\/aguaviva\/?s={search_term_string}"},"query-input":{"@type":"PropertyValueSpecification","valueRequired":true,"valueName":"search_term_string"}}],"inLanguage":"pt-BR"},{"@type":"Organization","@id":"https:\/\/guaruja.org.br\/aguaviva\/#organization","name":"AGUAVIVA","alternateName":"AGUAVIVA","url":"https:\/\/guaruja.org.br\/aguaviva\/","logo":{"@type":"ImageObject","inLanguage":"pt-BR","@id":"https:\/\/guaruja.org.br\/aguaviva\/#\/schema\/logo\/image\/","url":"https:\/\/guaruja.org.br\/aguaviva\/wp-content\/uploads\/2025\/03\/logo-aguaviva-horizontal.png","contentUrl":"https:\/\/guaruja.org.br\/aguaviva\/wp-content\/uploads\/2025\/03\/logo-aguaviva-horizontal.png","width":3280,"height":1080,"caption":"AGUAVIVA"},"image":{"@id":"https:\/\/guaruja.org.br\/aguaviva\/#\/schema\/logo\/image\/"},"sameAs":["https:\/\/www.facebook.com\/guarujaaguaviva","https:\/\/www.instagram.com\/aguavivaguaruja\/"]},{"@type":"Person","@id":"https:\/\/guaruja.org.br\/aguaviva\/#\/schema\/person\/9eebcb3a8418982418c00d543a25aee4","name":"morgana","sameAs":["https:\/\/guaruja.org.br\/aguaviva-02"],"url":"https:\/\/guaruja.org.br\/aguaviva\/author\/morgana\/"}]}},"_links":{"self":[{"href":"https:\/\/guaruja.org.br\/aguaviva\/wp-json\/wp\/v2\/posts\/4955","targetHints":{"allow":["GET"]}}],"collection":[{"href":"https:\/\/guaruja.org.br\/aguaviva\/wp-json\/wp\/v2\/posts"}],"about":[{"href":"https:\/\/guaruja.org.br\/aguaviva\/wp-json\/wp\/v2\/types\/post"}],"author":[{"embeddable":true,"href":"https:\/\/guaruja.org.br\/aguaviva\/wp-json\/wp\/v2\/users\/1"}],"replies":[{"embeddable":true,"href":"https:\/\/guaruja.org.br\/aguaviva\/wp-json\/wp\/v2\/comments?post=4955"}],"version-history":[{"count":1,"href":"https:\/\/guaruja.org.br\/aguaviva\/wp-json\/wp\/v2\/posts\/4955\/revisions"}],"predecessor-version":[{"id":4956,"href":"https:\/\/guaruja.org.br\/aguaviva\/wp-json\/wp\/v2\/posts\/4955\/revisions\/4956"}],"wp:featuredmedia":[{"embeddable":true,"href":"https:\/\/guaruja.org.br\/aguaviva\/wp-json\/wp\/v2\/media\/4957"}],"wp:attachment":[{"href":"https:\/\/guaruja.org.br\/aguaviva\/wp-json\/wp\/v2\/media?parent=4955"}],"wp:term":[{"taxonomy":"category","embeddable":true,"href":"https:\/\/guaruja.org.br\/aguaviva\/wp-json\/wp\/v2\/categories?post=4955"},{"taxonomy":"post_tag","embeddable":true,"href":"https:\/\/guaruja.org.br\/aguaviva\/wp-json\/wp\/v2\/tags?post=4955"}],"curies":[{"name":"wp","href":"https:\/\/api.w.org\/{rel}","templated":true}]}}