{"id":4968,"date":"2026-02-20T16:04:02","date_gmt":"2026-02-20T19:04:02","guid":{"rendered":"https:\/\/guaruja.org.br\/aguaviva\/?p=4968"},"modified":"2026-02-20T16:36:47","modified_gmt":"2026-02-20T19:36:47","slug":"ventos-da-incoerencia","status":"publish","type":"post","link":"https:\/\/guaruja.org.br\/aguaviva\/ventos-da-incoerencia\/","title":{"rendered":"VENTOS DA INCOER\u00caNCIA"},"content":{"rendered":"\n<p class=\"has-text-align-right\"><em>Por Jos\u00e9 Manoel Ferreira Gon\u00e7alves <br>Engenheiro, advogado e jornalista<\/em><\/p>\n\n\n\n<h2 class=\"wp-block-heading\" id=\"h-a-instabilidade-em-dose-dupla\">A instabilidade em dose dupla<\/h2>\n\n\n\n<p>Gest\u00e3o p\u00fablica de qualidade exige algo que deveria ser \u00f3bvio: consist\u00eancia. O administrador precisa planejar, decidir e sustentar suas escolhas, mesmo diante das press\u00f5es naturais do dia a dia. O que se observou recentemente na Prefeitura de Guaruj\u00e1, no entanto, foi exatamente o oposto. O prefeito Farid Said Madi assinou no dia 30 de janeiro de 2026 o Decreto n.\u00ba 17.363, suspendendo a expedi\u00e7\u00e3o de autoriza\u00e7\u00f5es para \u00f4nibus e vans de turismo de um dia durante o feriado de Carnaval. A medida buscava mitigar impactos na infraestrutura vi\u00e1ria, no meio ambiente e na seguran\u00e7a p\u00fablica, conforme justificativa oficial. <\/p>\n\n\n\n<p>Menos de duas semanas depois, surpreendeu a todos. No dia 6 de fevereiro, saiu o Decreto n.\u00ba 17.393. Ele revogou integralmente o anterior. Integralmente. N\u00e3o houve modifica\u00e7\u00e3o pontual nem ajuste t\u00e9cnico. O primeiro decreto simplesmente deixou de existir, como se nunca tivesse sido publicado. A justificativa? Um novo processo administrativo e a &#8220;necessidade de revogar&#8221;. A popula\u00e7\u00e3o, os empres\u00e1rios do setor tur\u00edstico e os visitantes que planejavam viagens ficaram sem entender o que mudou t\u00e3o rapidamente. <\/p>\n\n\n\n<h2 class=\"wp-block-heading\" id=\"h-quando-sopram-novos-ventos\">Quando sopram novos ventos<\/h2>\n\n\n\n<p>O epis\u00f3dio ganha contornos ainda mais preocupantes quando se observa o contexto recente. Em dezembro de 2025, o munic\u00edpio sancionou a Lei Complementar n.\u00ba 350, estabelecendo regras r\u00edgidas para entrada e circula\u00e7\u00e3o de ve\u00edculos tur\u00edsticos de outros munic\u00edpios. A legisla\u00e7\u00e3o exige autoriza\u00e7\u00e3o pr\u00e9via da Secretaria Municipal de Mobilidade Urbana, comprova\u00e7\u00e3o de hospedagem local e reserva de vagas em estacionamentos regulares. O prefeito declarou na \u00e9poca que o ordenamento da cidade e o combate ao turismo predat\u00f3rio eram compromissos inegoci\u00e1veis de sua gest\u00e3o. A lei prev\u00ea multas de 450 Unidades Fiscais para quem descumprir as normas, com valores dobrados em caso de reincid\u00eancia. <\/p>\n\n\n\n<p>Diante desse cen\u00e1rio de aparente rigidez, a revoga\u00e7\u00e3o repentina do decreto que restringiria a entrada desses mesmos ve\u00edculos no Carnaval soa como um recuo incompreens\u00edvel. Ou houve equ\u00edvoco t\u00e9cnico na primeira decis\u00e3o, o que revelaria falta de preparo da m\u00e1quina administrativa, ou houve capitula\u00e7\u00e3o diante de press\u00f5es externas, o que demonstraria fragilidade pol\u00edtica. Ambas as hip\u00f3teses s\u00e3o graves. A oscila\u00e7\u00e3o brusca entre a restri\u00e7\u00e3o e a libera\u00e7\u00e3o total exp\u00f5e uma gest\u00e3o que parece dan\u00e7ar conforme a m\u00fasica do momento, sem partitura pr\u00f3pria. <\/p>\n\n\n\n<p>O problema vai al\u00e9m da apar\u00eancia de desorganiza\u00e7\u00e3o. O poder p\u00fablico precisa transmitir previsibilidade. Quando um decreto nasce e morre em menos de quinze dias, sem explica\u00e7\u00f5es claras, cria-se um ambiente de incerteza jur\u00eddica. Os empres\u00e1rios do turismo precisam planejar suas opera\u00e7\u00f5es com anteced\u00eancia. Os hot\u00e9is dependem da movimenta\u00e7\u00e3o desses visitantes. A popula\u00e7\u00e3o local merece saber se sua cidade ter\u00e1 infraestrutura suficiente para receber milhares de turistas ou se enfrentar\u00e1 caos no tr\u00e2nsito. At\u00e9 l\u00e1, novos ventos poder\u00e3o soprar em dire\u00e7\u00f5es imprevis\u00edveis, deixando todos \u00e0 merc\u00ea de decis\u00f5es tomadas em cima da hora. <\/p>\n\n\n\n<h2 class=\"wp-block-heading\" id=\"h-ate-la-a-incerteza\">At\u00e9 l\u00e1, a incerteza<\/h2>\n\n\n\n<p>A administra\u00e7\u00e3o p\u00fablica n\u00e3o pode funcionar como bambu \u00e0 merc\u00ea da brisa. \u00c9 leg\u00edtimo que o gestor mude de posi\u00e7\u00e3o quando surgem fatos novos relevantes. Toda decis\u00e3o administrativa deve ser revis\u00e1vel. O que n\u00e3o se sustenta \u00e9 a aus\u00eancia de transpar\u00eancia. A revoga\u00e7\u00e3o integral de um decreto recente, sem esclarecer o que mudou no intervalo de apenas uma semana, soa como tratamento de rascunho descart\u00e1vel, n\u00e3o de norma jur\u00eddica que afeta milhares de pessoas. Guaruj\u00e1 vive momento delicado de reorganiza\u00e7\u00e3o de seu turismo. A cidade busca equilibrar a necessidade de receber visitantes com a preserva\u00e7\u00e3o de sua infraestrutura e qualidade de vida dos moradores. Esse equil\u00edbrio exige decis\u00f5es firmes, t\u00e9cnicas e sustentadas. O Carnaval de 2026 ainda nem come\u00e7ou, mas a prefeitura j\u00e1 deu seu espet\u00e1culo: o da incoer\u00eancia administrativa. Resta saber se, at\u00e9 l\u00e1, novos ventos n\u00e3o carregar\u00e3o outras surpresas, transformando decretos em borrachas de apagar e reescrever a qualquer momento. <\/p>\n\n\n\n<p><em><strong>*<\/strong><\/em><a href=\"https:\/\/josemanoelfg.com.br\/quem-e-jose-manoel\/\"><strong><em>Jos\u00e9 Manoel<\/em><\/strong><\/a><em><strong>\u00a0\u00e9 p\u00f3s-doutor em Engenharia, jornalista, escritor e advogado, com uma destacada trajet\u00f3ria na defesa de \u00e1reas cruciais como transporte, sustentabilidade, habita\u00e7\u00e3o, educa\u00e7\u00e3o, sa\u00fade, assist\u00eancia social, meio ambiente e seguran\u00e7a p\u00fablica.\u00a0Ele \u00e9 o fundador e presidente da\u00a0<a href=\"https:\/\/ferrofrente.org\/\">FerroFrente<\/a>\u00a0e da\u00a0<\/strong><\/em><a href=\"https:\/\/guaruja.org.br\/aguaviva\/\"><strong><em>Associa\u00e7\u00e3o \u00c1gua Viva<\/em><\/strong><\/a><em><strong>. Em 2018, fundou e passou a coordenar o\u00a0Movimento Engenheiros pela Democracia (EPD), criado a partir da convic\u00e7\u00e3o de que a engenharia, como base material do desenvolvimento nacional, deve estar a servi\u00e7o da democracia, da \u00e9tica e da justi\u00e7a social.<\/strong><\/em><\/p>\n\n\n\n<p><em>Fontes: Di\u00e1rio Oficial do Munic\u00edpio de Guaruj\u00e1, edi\u00e7\u00f5es de 30 de janeiro e 6 de fevereiro de 2026; Portal da Prefeitura Municipal de Guaruj\u00e1; legisla\u00e7\u00e3o municipal sobre transporte tur\u00edstico. <\/em><\/p>\n\n\n\n<figure class=\"wp-block-embed is-type-video is-provider-youtube wp-block-embed-youtube wp-embed-aspect-9-16 wp-has-aspect-ratio\"><div class=\"wp-block-embed__wrapper\">\n<iframe title=\"GUARUJ\u00c1 E OS VENTOS DA INCOER\u00caNCIA: O problema n\u00e3o \u00e9 revogar. \u00c9 n\u00e3o explicar. #josemanoelfg #guaruja\" width=\"563\" height=\"1000\" src=\"https:\/\/www.youtube.com\/embed\/y06NEraulew?feature=oembed\" frameborder=\"0\" allow=\"accelerometer; autoplay; clipboard-write; encrypted-media; gyroscope; picture-in-picture; web-share\" referrerpolicy=\"strict-origin-when-cross-origin\" allowfullscreen><\/iframe>\n<\/div><\/figure>\n\n\n\n<p><\/p>\n","protected":false},"excerpt":{"rendered":"<p>Por Jos\u00e9 Manoel Ferreira Gon\u00e7alves Engenheiro, advogado e jornalista A instabilidade em dose dupla Gest\u00e3o p\u00fablica de qualidade exige algo que deveria ser \u00f3bvio: consist\u00eancia. O administrador precisa planejar, decidir e sustentar suas escolhas, mesmo diante das press\u00f5es naturais do dia a dia. O que se observou recentemente na Prefeitura de Guaruj\u00e1, no entanto, foi [&hellip;]<\/p>\n","protected":false},"author":1,"featured_media":4970,"comment_status":"closed","ping_status":"closed","sticky":false,"template":"","format":"standard","meta":{"footnotes":""},"categories":[9],"tags":[651,603,650,648,649,20,647,36,646],"class_list":["post-4968","post","type-post","status-publish","format-standard","has-post-thumbnail","hentry","category-artigos","tag-mobilidade-urbana-2","tag-administracaopublica","tag-carnaval-2026","tag-decretos","tag-farid-said-madi","tag-guaruja-2","tag-revogacoes","tag-turismo","tag-ventos"],"yoast_head":"<!-- This site is optimized with the Yoast SEO Premium plugin v26.7 (Yoast SEO v26.7) - https:\/\/yoast.com\/wordpress\/plugins\/seo\/ -->\n<title>VENTOS DA INCOER\u00caNCIA - AGUAVIVA<\/title>\n<meta name=\"description\" content=\"An\u00e1lise da revoga\u00e7\u00e3o abrupta do decreto que suspendia entrada de \u00f4nibus tur\u00edsticos em Guaruj\u00e1, revelando instabilidade administrativa e falta de transpar\u00eancia na gest\u00e3o municipal.\" \/>\n<meta name=\"robots\" content=\"index, follow, max-snippet:-1, max-image-preview:large, max-video-preview:-1\" \/>\n<link rel=\"canonical\" href=\"https:\/\/guaruja.org.br\/aguaviva\/ventos-da-incoerencia\/\" \/>\n<meta property=\"og:locale\" content=\"pt_BR\" \/>\n<meta property=\"og:type\" content=\"article\" \/>\n<meta property=\"og:title\" content=\"VENTOS DA INCOER\u00caNCIA\" \/>\n<meta property=\"og:description\" content=\"An\u00e1lise da revoga\u00e7\u00e3o abrupta do decreto que suspendia entrada de \u00f4nibus tur\u00edsticos em Guaruj\u00e1, revelando instabilidade administrativa e falta de transpar\u00eancia na gest\u00e3o municipal.\" \/>\n<meta property=\"og:url\" content=\"https:\/\/guaruja.org.br\/aguaviva\/ventos-da-incoerencia\/\" \/>\n<meta property=\"og:site_name\" content=\"AGUAVIVA\" \/>\n<meta property=\"article:publisher\" content=\"https:\/\/www.facebook.com\/guarujaaguaviva\" \/>\n<meta property=\"article:published_time\" content=\"2026-02-20T19:04:02+00:00\" \/>\n<meta property=\"article:modified_time\" content=\"2026-02-20T19:36:47+00:00\" \/>\n<meta property=\"og:image\" content=\"https:\/\/guaruja.org.br\/aguaviva\/wp-content\/uploads\/2026\/02\/ChatGPT-Image-20-de-fev.-de-2026-15_52_53-1024x683.png\" \/>\n\t<meta property=\"og:image:width\" content=\"1024\" \/>\n\t<meta property=\"og:image:height\" content=\"683\" \/>\n\t<meta property=\"og:image:type\" content=\"image\/png\" \/>\n<meta name=\"author\" content=\"morgana\" \/>\n<meta name=\"twitter:card\" content=\"summary_large_image\" \/>\n<meta name=\"twitter:label1\" content=\"Escrito por\" \/>\n\t<meta name=\"twitter:data1\" content=\"morgana\" \/>\n\t<meta name=\"twitter:label2\" content=\"Est. tempo de leitura\" \/>\n\t<meta name=\"twitter:data2\" content=\"5 minutos\" \/>\n<script type=\"application\/ld+json\" class=\"yoast-schema-graph\">{\"@context\":\"https:\/\/schema.org\",\"@graph\":[{\"@type\":\"Article\",\"@id\":\"https:\/\/guaruja.org.br\/aguaviva\/ventos-da-incoerencia\/#article\",\"isPartOf\":{\"@id\":\"https:\/\/guaruja.org.br\/aguaviva\/ventos-da-incoerencia\/\"},\"author\":{\"name\":\"morgana\",\"@id\":\"https:\/\/guaruja.org.br\/aguaviva\/#\/schema\/person\/9eebcb3a8418982418c00d543a25aee4\"},\"headline\":\"VENTOS DA INCOER\u00caNCIA\",\"datePublished\":\"2026-02-20T19:04:02+00:00\",\"dateModified\":\"2026-02-20T19:36:47+00:00\",\"mainEntityOfPage\":{\"@id\":\"https:\/\/guaruja.org.br\/aguaviva\/ventos-da-incoerencia\/\"},\"wordCount\":843,\"publisher\":{\"@id\":\"https:\/\/guaruja.org.br\/aguaviva\/#organization\"},\"image\":{\"@id\":\"https:\/\/guaruja.org.br\/aguaviva\/ventos-da-incoerencia\/#primaryimage\"},\"thumbnailUrl\":\"https:\/\/guaruja.org.br\/aguaviva\/wp-content\/uploads\/2026\/02\/ChatGPT-Image-20-de-fev.-de-2026-15_52_53.png\",\"keywords\":[\"#mobilidade urbana\",\"Administra\u00e7\u00e3oP\u00fablica\",\"Carnaval 2026\",\"decretos\",\"Farid Said Madi\",\"guaruj\u00e1\",\"revoga\u00e7\u00f5es\",\"turismo\",\"ventos\"],\"articleSection\":[\"Artigos\"],\"inLanguage\":\"pt-BR\"},{\"@type\":\"WebPage\",\"@id\":\"https:\/\/guaruja.org.br\/aguaviva\/ventos-da-incoerencia\/\",\"url\":\"https:\/\/guaruja.org.br\/aguaviva\/ventos-da-incoerencia\/\",\"name\":\"VENTOS DA INCOER\u00caNCIA - AGUAVIVA\",\"isPartOf\":{\"@id\":\"https:\/\/guaruja.org.br\/aguaviva\/#website\"},\"primaryImageOfPage\":{\"@id\":\"https:\/\/guaruja.org.br\/aguaviva\/ventos-da-incoerencia\/#primaryimage\"},\"image\":{\"@id\":\"https:\/\/guaruja.org.br\/aguaviva\/ventos-da-incoerencia\/#primaryimage\"},\"thumbnailUrl\":\"https:\/\/guaruja.org.br\/aguaviva\/wp-content\/uploads\/2026\/02\/ChatGPT-Image-20-de-fev.-de-2026-15_52_53.png\",\"datePublished\":\"2026-02-20T19:04:02+00:00\",\"dateModified\":\"2026-02-20T19:36:47+00:00\",\"description\":\"An\u00e1lise da revoga\u00e7\u00e3o abrupta do decreto que suspendia entrada de \u00f4nibus tur\u00edsticos em Guaruj\u00e1, revelando instabilidade administrativa e falta de transpar\u00eancia na gest\u00e3o municipal.\",\"breadcrumb\":{\"@id\":\"https:\/\/guaruja.org.br\/aguaviva\/ventos-da-incoerencia\/#breadcrumb\"},\"inLanguage\":\"pt-BR\",\"potentialAction\":[{\"@type\":\"ReadAction\",\"target\":[\"https:\/\/guaruja.org.br\/aguaviva\/ventos-da-incoerencia\/\"]}]},{\"@type\":\"ImageObject\",\"inLanguage\":\"pt-BR\",\"@id\":\"https:\/\/guaruja.org.br\/aguaviva\/ventos-da-incoerencia\/#primaryimage\",\"url\":\"https:\/\/guaruja.org.br\/aguaviva\/wp-content\/uploads\/2026\/02\/ChatGPT-Image-20-de-fev.-de-2026-15_52_53.png\",\"contentUrl\":\"https:\/\/guaruja.org.br\/aguaviva\/wp-content\/uploads\/2026\/02\/ChatGPT-Image-20-de-fev.-de-2026-15_52_53.png\",\"width\":1536,\"height\":1024},{\"@type\":\"BreadcrumbList\",\"@id\":\"https:\/\/guaruja.org.br\/aguaviva\/ventos-da-incoerencia\/#breadcrumb\",\"itemListElement\":[{\"@type\":\"ListItem\",\"position\":1,\"name\":\"In\u00edcio\",\"item\":\"https:\/\/guaruja.org.br\/aguaviva\/\"},{\"@type\":\"ListItem\",\"position\":2,\"name\":\"VENTOS DA INCOER\u00caNCIA\"}]},{\"@type\":\"WebSite\",\"@id\":\"https:\/\/guaruja.org.br\/aguaviva\/#website\",\"url\":\"https:\/\/guaruja.org.br\/aguaviva\/\",\"name\":\"AGUAVIVA\",\"description\":\"Associa\u00e7\u00e3o Guaruj\u00e1 Viva\",\"publisher\":{\"@id\":\"https:\/\/guaruja.org.br\/aguaviva\/#organization\"},\"alternateName\":\"AGUAVIVA\",\"potentialAction\":[{\"@type\":\"SearchAction\",\"target\":{\"@type\":\"EntryPoint\",\"urlTemplate\":\"https:\/\/guaruja.org.br\/aguaviva\/?s={search_term_string}\"},\"query-input\":{\"@type\":\"PropertyValueSpecification\",\"valueRequired\":true,\"valueName\":\"search_term_string\"}}],\"inLanguage\":\"pt-BR\"},{\"@type\":\"Organization\",\"@id\":\"https:\/\/guaruja.org.br\/aguaviva\/#organization\",\"name\":\"AGUAVIVA\",\"alternateName\":\"AGUAVIVA\",\"url\":\"https:\/\/guaruja.org.br\/aguaviva\/\",\"logo\":{\"@type\":\"ImageObject\",\"inLanguage\":\"pt-BR\",\"@id\":\"https:\/\/guaruja.org.br\/aguaviva\/#\/schema\/logo\/image\/\",\"url\":\"https:\/\/guaruja.org.br\/aguaviva\/wp-content\/uploads\/2025\/03\/logo-aguaviva-horizontal.png\",\"contentUrl\":\"https:\/\/guaruja.org.br\/aguaviva\/wp-content\/uploads\/2025\/03\/logo-aguaviva-horizontal.png\",\"width\":3280,\"height\":1080,\"caption\":\"AGUAVIVA\"},\"image\":{\"@id\":\"https:\/\/guaruja.org.br\/aguaviva\/#\/schema\/logo\/image\/\"},\"sameAs\":[\"https:\/\/www.facebook.com\/guarujaaguaviva\",\"https:\/\/www.instagram.com\/aguavivaguaruja\/\"]},{\"@type\":\"Person\",\"@id\":\"https:\/\/guaruja.org.br\/aguaviva\/#\/schema\/person\/9eebcb3a8418982418c00d543a25aee4\",\"name\":\"morgana\",\"sameAs\":[\"https:\/\/guaruja.org.br\/aguaviva-02\"],\"url\":\"https:\/\/guaruja.org.br\/aguaviva\/author\/morgana\/\"}]}<\/script>\n<!-- \/ Yoast SEO Premium plugin. -->","yoast_head_json":{"title":"VENTOS DA INCOER\u00caNCIA - AGUAVIVA","description":"An\u00e1lise da revoga\u00e7\u00e3o abrupta do decreto que suspendia entrada de \u00f4nibus tur\u00edsticos em Guaruj\u00e1, revelando instabilidade administrativa e falta de transpar\u00eancia na gest\u00e3o municipal.","robots":{"index":"index","follow":"follow","max-snippet":"max-snippet:-1","max-image-preview":"max-image-preview:large","max-video-preview":"max-video-preview:-1"},"canonical":"https:\/\/guaruja.org.br\/aguaviva\/ventos-da-incoerencia\/","og_locale":"pt_BR","og_type":"article","og_title":"VENTOS DA INCOER\u00caNCIA","og_description":"An\u00e1lise da revoga\u00e7\u00e3o abrupta do decreto que suspendia entrada de \u00f4nibus tur\u00edsticos em Guaruj\u00e1, revelando instabilidade administrativa e falta de transpar\u00eancia na gest\u00e3o municipal.","og_url":"https:\/\/guaruja.org.br\/aguaviva\/ventos-da-incoerencia\/","og_site_name":"AGUAVIVA","article_publisher":"https:\/\/www.facebook.com\/guarujaaguaviva","article_published_time":"2026-02-20T19:04:02+00:00","article_modified_time":"2026-02-20T19:36:47+00:00","og_image":[{"width":1024,"height":683,"url":"https:\/\/guaruja.org.br\/aguaviva\/wp-content\/uploads\/2026\/02\/ChatGPT-Image-20-de-fev.-de-2026-15_52_53-1024x683.png","type":"image\/png"}],"author":"morgana","twitter_card":"summary_large_image","twitter_misc":{"Escrito por":"morgana","Est. tempo de leitura":"5 minutos"},"schema":{"@context":"https:\/\/schema.org","@graph":[{"@type":"Article","@id":"https:\/\/guaruja.org.br\/aguaviva\/ventos-da-incoerencia\/#article","isPartOf":{"@id":"https:\/\/guaruja.org.br\/aguaviva\/ventos-da-incoerencia\/"},"author":{"name":"morgana","@id":"https:\/\/guaruja.org.br\/aguaviva\/#\/schema\/person\/9eebcb3a8418982418c00d543a25aee4"},"headline":"VENTOS DA INCOER\u00caNCIA","datePublished":"2026-02-20T19:04:02+00:00","dateModified":"2026-02-20T19:36:47+00:00","mainEntityOfPage":{"@id":"https:\/\/guaruja.org.br\/aguaviva\/ventos-da-incoerencia\/"},"wordCount":843,"publisher":{"@id":"https:\/\/guaruja.org.br\/aguaviva\/#organization"},"image":{"@id":"https:\/\/guaruja.org.br\/aguaviva\/ventos-da-incoerencia\/#primaryimage"},"thumbnailUrl":"https:\/\/guaruja.org.br\/aguaviva\/wp-content\/uploads\/2026\/02\/ChatGPT-Image-20-de-fev.-de-2026-15_52_53.png","keywords":["#mobilidade urbana","Administra\u00e7\u00e3oP\u00fablica","Carnaval 2026","decretos","Farid Said Madi","guaruj\u00e1","revoga\u00e7\u00f5es","turismo","ventos"],"articleSection":["Artigos"],"inLanguage":"pt-BR"},{"@type":"WebPage","@id":"https:\/\/guaruja.org.br\/aguaviva\/ventos-da-incoerencia\/","url":"https:\/\/guaruja.org.br\/aguaviva\/ventos-da-incoerencia\/","name":"VENTOS DA INCOER\u00caNCIA - AGUAVIVA","isPartOf":{"@id":"https:\/\/guaruja.org.br\/aguaviva\/#website"},"primaryImageOfPage":{"@id":"https:\/\/guaruja.org.br\/aguaviva\/ventos-da-incoerencia\/#primaryimage"},"image":{"@id":"https:\/\/guaruja.org.br\/aguaviva\/ventos-da-incoerencia\/#primaryimage"},"thumbnailUrl":"https:\/\/guaruja.org.br\/aguaviva\/wp-content\/uploads\/2026\/02\/ChatGPT-Image-20-de-fev.-de-2026-15_52_53.png","datePublished":"2026-02-20T19:04:02+00:00","dateModified":"2026-02-20T19:36:47+00:00","description":"An\u00e1lise da revoga\u00e7\u00e3o abrupta do decreto que suspendia entrada de \u00f4nibus tur\u00edsticos em Guaruj\u00e1, revelando instabilidade administrativa e falta de transpar\u00eancia na gest\u00e3o municipal.","breadcrumb":{"@id":"https:\/\/guaruja.org.br\/aguaviva\/ventos-da-incoerencia\/#breadcrumb"},"inLanguage":"pt-BR","potentialAction":[{"@type":"ReadAction","target":["https:\/\/guaruja.org.br\/aguaviva\/ventos-da-incoerencia\/"]}]},{"@type":"ImageObject","inLanguage":"pt-BR","@id":"https:\/\/guaruja.org.br\/aguaviva\/ventos-da-incoerencia\/#primaryimage","url":"https:\/\/guaruja.org.br\/aguaviva\/wp-content\/uploads\/2026\/02\/ChatGPT-Image-20-de-fev.-de-2026-15_52_53.png","contentUrl":"https:\/\/guaruja.org.br\/aguaviva\/wp-content\/uploads\/2026\/02\/ChatGPT-Image-20-de-fev.-de-2026-15_52_53.png","width":1536,"height":1024},{"@type":"BreadcrumbList","@id":"https:\/\/guaruja.org.br\/aguaviva\/ventos-da-incoerencia\/#breadcrumb","itemListElement":[{"@type":"ListItem","position":1,"name":"In\u00edcio","item":"https:\/\/guaruja.org.br\/aguaviva\/"},{"@type":"ListItem","position":2,"name":"VENTOS DA INCOER\u00caNCIA"}]},{"@type":"WebSite","@id":"https:\/\/guaruja.org.br\/aguaviva\/#website","url":"https:\/\/guaruja.org.br\/aguaviva\/","name":"AGUAVIVA","description":"Associa\u00e7\u00e3o Guaruj\u00e1 Viva","publisher":{"@id":"https:\/\/guaruja.org.br\/aguaviva\/#organization"},"alternateName":"AGUAVIVA","potentialAction":[{"@type":"SearchAction","target":{"@type":"EntryPoint","urlTemplate":"https:\/\/guaruja.org.br\/aguaviva\/?s={search_term_string}"},"query-input":{"@type":"PropertyValueSpecification","valueRequired":true,"valueName":"search_term_string"}}],"inLanguage":"pt-BR"},{"@type":"Organization","@id":"https:\/\/guaruja.org.br\/aguaviva\/#organization","name":"AGUAVIVA","alternateName":"AGUAVIVA","url":"https:\/\/guaruja.org.br\/aguaviva\/","logo":{"@type":"ImageObject","inLanguage":"pt-BR","@id":"https:\/\/guaruja.org.br\/aguaviva\/#\/schema\/logo\/image\/","url":"https:\/\/guaruja.org.br\/aguaviva\/wp-content\/uploads\/2025\/03\/logo-aguaviva-horizontal.png","contentUrl":"https:\/\/guaruja.org.br\/aguaviva\/wp-content\/uploads\/2025\/03\/logo-aguaviva-horizontal.png","width":3280,"height":1080,"caption":"AGUAVIVA"},"image":{"@id":"https:\/\/guaruja.org.br\/aguaviva\/#\/schema\/logo\/image\/"},"sameAs":["https:\/\/www.facebook.com\/guarujaaguaviva","https:\/\/www.instagram.com\/aguavivaguaruja\/"]},{"@type":"Person","@id":"https:\/\/guaruja.org.br\/aguaviva\/#\/schema\/person\/9eebcb3a8418982418c00d543a25aee4","name":"morgana","sameAs":["https:\/\/guaruja.org.br\/aguaviva-02"],"url":"https:\/\/guaruja.org.br\/aguaviva\/author\/morgana\/"}]}},"_links":{"self":[{"href":"https:\/\/guaruja.org.br\/aguaviva\/wp-json\/wp\/v2\/posts\/4968","targetHints":{"allow":["GET"]}}],"collection":[{"href":"https:\/\/guaruja.org.br\/aguaviva\/wp-json\/wp\/v2\/posts"}],"about":[{"href":"https:\/\/guaruja.org.br\/aguaviva\/wp-json\/wp\/v2\/types\/post"}],"author":[{"embeddable":true,"href":"https:\/\/guaruja.org.br\/aguaviva\/wp-json\/wp\/v2\/users\/1"}],"replies":[{"embeddable":true,"href":"https:\/\/guaruja.org.br\/aguaviva\/wp-json\/wp\/v2\/comments?post=4968"}],"version-history":[{"count":3,"href":"https:\/\/guaruja.org.br\/aguaviva\/wp-json\/wp\/v2\/posts\/4968\/revisions"}],"predecessor-version":[{"id":4974,"href":"https:\/\/guaruja.org.br\/aguaviva\/wp-json\/wp\/v2\/posts\/4968\/revisions\/4974"}],"wp:featuredmedia":[{"embeddable":true,"href":"https:\/\/guaruja.org.br\/aguaviva\/wp-json\/wp\/v2\/media\/4970"}],"wp:attachment":[{"href":"https:\/\/guaruja.org.br\/aguaviva\/wp-json\/wp\/v2\/media?parent=4968"}],"wp:term":[{"taxonomy":"category","embeddable":true,"href":"https:\/\/guaruja.org.br\/aguaviva\/wp-json\/wp\/v2\/categories?post=4968"},{"taxonomy":"post_tag","embeddable":true,"href":"https:\/\/guaruja.org.br\/aguaviva\/wp-json\/wp\/v2\/tags?post=4968"}],"curies":[{"name":"wp","href":"https:\/\/api.w.org\/{rel}","templated":true}]}}