{"id":594,"date":"2023-03-17T12:19:22","date_gmt":"2023-03-17T15:19:22","guid":{"rendered":"https:\/\/guaruja.org.br\/aguaviva\/?p=594"},"modified":"2023-03-17T12:19:29","modified_gmt":"2023-03-17T15:19:29","slug":"enfrentando-desafios-a-luta-dos-caicaras-por-politicas-publicas-sociais","status":"publish","type":"post","link":"https:\/\/guaruja.org.br\/aguaviva\/enfrentando-desafios-a-luta-dos-caicaras-por-politicas-publicas-sociais\/","title":{"rendered":"Enfrentando Desafios: A Luta dos Cai\u00e7aras por Pol\u00edticas P\u00fablicas Sociais"},"content":{"rendered":"\n<p>Dia <a href=\"https:\/\/fundart.com.br\/tradicao\/comunidades\/caicara\/#:~:text=Cultura%20Cai%C3%A7ara,harm%C3%B4nica%20com%20o%20seu%20ambiente.\">15 de mar\u00e7o de 2023, \u00e9 o Dia do Cai\u00e7ara<\/a>, um dia para celebrar e homenagear uma classe trabalhadora valente que enfrenta diariamente os desafios do mar e da natureza. <\/p>\n\n\n\n<p>Os cai\u00e7aras s\u00e3o aqueles que acordam antes do sol nascer e trabalham at\u00e9 tarde da noite, enfrentando sol e chuva para praticar a arte milenar da pesca, tecer suas pr\u00f3prias redes e construir seus pr\u00f3prios remos, tudo com as pr\u00f3prias m\u00e3os.<\/p>\n\n\n\n<p>Os cai\u00e7aras s\u00e3o uma parte importante das culturas litor\u00e2neas brasileiras, e representam uma rela\u00e7\u00e3o harmoniosa entre o homem e os recursos naturais. Quando os turistas e aventureiros visitam o litoral Sudeste em busca de um ref\u00fagio para suas f\u00e9rias, muitas vezes eles est\u00e3o inconscientes de que est\u00e3o entrando em contato com uma das culturas mais antigas e belas do Brasil.<\/p>\n\n\n\n<p>Sendo uma das poucas culturas que foi relativamente preservada em uma das regi\u00f5es mais densamente povoadas do Brasil, entre Rio de Janeiro e S\u00e3o Paulo, os cai\u00e7aras s\u00e3o frequentemente estudados por v\u00e1rios centros de pesquisa na regi\u00e3o Sudeste.<br><\/p>\n\n\n\n<figure class=\"wp-block-gallery has-nested-images columns-default is-cropped wp-block-gallery-1 is-layout-flex wp-block-gallery-is-layout-flex\">\n<figure class=\"wp-block-image size-large\"><img fetchpriority=\"high\" decoding=\"async\" width=\"720\" height=\"960\" data-id=\"603\" src=\"https:\/\/guaruja.org.br\/aguaviva\/wp-content\/uploads\/2023\/03\/aguaviva-guaruja-caicara-1.jpeg\" alt=\"\" class=\"wp-image-603\" srcset=\"https:\/\/guaruja.org.br\/aguaviva\/wp-content\/uploads\/2023\/03\/aguaviva-guaruja-caicara-1.jpeg 720w, https:\/\/guaruja.org.br\/aguaviva\/wp-content\/uploads\/2023\/03\/aguaviva-guaruja-caicara-1-225x300.jpeg 225w\" sizes=\"(max-width: 720px) 100vw, 720px\" \/><\/figure>\n\n\n\n<figure class=\"wp-block-image size-large\"><img decoding=\"async\" width=\"720\" height=\"720\" data-id=\"602\" src=\"https:\/\/guaruja.org.br\/aguaviva\/wp-content\/uploads\/2023\/03\/aguaviva-guaruja-caicara-6.jpeg\" alt=\"\" class=\"wp-image-602\" srcset=\"https:\/\/guaruja.org.br\/aguaviva\/wp-content\/uploads\/2023\/03\/aguaviva-guaruja-caicara-6.jpeg 720w, https:\/\/guaruja.org.br\/aguaviva\/wp-content\/uploads\/2023\/03\/aguaviva-guaruja-caicara-6-300x300.jpeg 300w, https:\/\/guaruja.org.br\/aguaviva\/wp-content\/uploads\/2023\/03\/aguaviva-guaruja-caicara-6-150x150.jpeg 150w\" sizes=\"(max-width: 720px) 100vw, 720px\" \/><\/figure>\n\n\n\n<figure class=\"wp-block-image size-large\"><img decoding=\"async\" width=\"720\" height=\"720\" data-id=\"601\" src=\"https:\/\/guaruja.org.br\/aguaviva\/wp-content\/uploads\/2023\/03\/aguaviva-guaruja-caicara-5.jpeg\" alt=\"\" class=\"wp-image-601\" srcset=\"https:\/\/guaruja.org.br\/aguaviva\/wp-content\/uploads\/2023\/03\/aguaviva-guaruja-caicara-5.jpeg 720w, https:\/\/guaruja.org.br\/aguaviva\/wp-content\/uploads\/2023\/03\/aguaviva-guaruja-caicara-5-300x300.jpeg 300w, https:\/\/guaruja.org.br\/aguaviva\/wp-content\/uploads\/2023\/03\/aguaviva-guaruja-caicara-5-150x150.jpeg 150w\" sizes=\"(max-width: 720px) 100vw, 720px\" \/><\/figure>\n\n\n\n<figure class=\"wp-block-image size-large\"><img loading=\"lazy\" decoding=\"async\" width=\"720\" height=\"404\" data-id=\"600\" src=\"https:\/\/guaruja.org.br\/aguaviva\/wp-content\/uploads\/2023\/03\/aguaviva-guaruja-caicara-4.jpeg\" alt=\"\" class=\"wp-image-600\" srcset=\"https:\/\/guaruja.org.br\/aguaviva\/wp-content\/uploads\/2023\/03\/aguaviva-guaruja-caicara-4.jpeg 720w, https:\/\/guaruja.org.br\/aguaviva\/wp-content\/uploads\/2023\/03\/aguaviva-guaruja-caicara-4-300x168.jpeg 300w\" sizes=\"(max-width: 720px) 100vw, 720px\" \/><\/figure>\n<\/figure>\n\n\n\n<p>No entanto, apesar de todo o esfor\u00e7o e dedica\u00e7\u00e3o desses trabalhadores, ainda h\u00e1 uma grande falta de pol\u00edticas p\u00fablicas voltadas para atender \u00e0s necessidades dessas comunidades. A luta pela regulariza\u00e7\u00e3o e fixa\u00e7\u00e3o territorial \u00e9 apenas um exemplo dos muitos conflitos que os cai\u00e7aras enfrentam em sua busca pela sobreviv\u00eancia e sustentabilidade.<\/p>\n\n\n\n<p>Mas n\u00e3o se engane: os cai\u00e7aras n\u00e3o s\u00e3o apenas trabalhadores incans\u00e1veis. Eles s\u00e3o a miscigena\u00e7\u00e3o de povos origin\u00e1rios da terra, os \u00edndios, que aprenderam a preservar a natureza e tirar dela o sustento para si e suas fam\u00edlias. Eles s\u00e3o guardi\u00f5es da terra, ensinando-nos a cuidar da nossa m\u00e3e natureza e viver em harmonia com ela.<\/p>\n\n\n\n<p>Observe o Mapa Oficial da cidade de <a href=\"https:\/\/www.guaruja.sp.gov.br\/\">Guaruj\u00e1<\/a>, as demarca\u00e7\u00f5es em azul marinho demonstram onde est\u00e3o as Comunidades de Povos Tradicionais Cai\u00e7aras.<\/p>\n\n\n\n<figure class=\"wp-block-image size-large\"><img loading=\"lazy\" decoding=\"async\" width=\"955\" height=\"1024\" src=\"https:\/\/guaruja.org.br\/aguaviva\/wp-content\/uploads\/2023\/03\/WhatsApp-Image-2023-03-17-at-11.53.06-955x1024.jpeg\" alt=\"\" class=\"wp-image-597\" srcset=\"https:\/\/guaruja.org.br\/aguaviva\/wp-content\/uploads\/2023\/03\/WhatsApp-Image-2023-03-17-at-11.53.06-955x1024.jpeg 955w, https:\/\/guaruja.org.br\/aguaviva\/wp-content\/uploads\/2023\/03\/WhatsApp-Image-2023-03-17-at-11.53.06-280x300.jpeg 280w, https:\/\/guaruja.org.br\/aguaviva\/wp-content\/uploads\/2023\/03\/WhatsApp-Image-2023-03-17-at-11.53.06-768x824.jpeg 768w, https:\/\/guaruja.org.br\/aguaviva\/wp-content\/uploads\/2023\/03\/WhatsApp-Image-2023-03-17-at-11.53.06.jpeg 1200w\" sizes=\"(max-width: 955px) 100vw, 955px\" \/><\/figure>\n\n\n\n<p>Portanto, vamos celebrar e honrar esses trabalhadores incans\u00e1veis que nos ensinam a import\u00e2ncia da sustentabilidade e do respeito \u00e0 natureza. Vamos reconhecer a sua luta por melhores condi\u00e7\u00f5es de vida e trabalho e apoi\u00e1-los na busca por um futuro mais justo e equitativo para todos.<\/p>\n\n\n\n<p>Fotos Sidnei Bibiano, Membro efetivo do <a href=\"https:\/\/guaruja.org.br\/aguaviva\/conselho-tecnologico-engenheiro-sergio-storch\/\">Conselho Tecnol\u00f3gico da AGUAVIVA<\/a><\/p>\n","protected":false},"excerpt":{"rendered":"<p>Dia 15 de mar\u00e7o de 2023, \u00e9 o Dia do Cai\u00e7ara, um dia para celebrar e homenagear uma classe trabalhadora valente que enfrenta diariamente os desafios do mar e da natureza. Os cai\u00e7aras s\u00e3o aqueles que acordam antes do sol nascer e trabalham at\u00e9 tarde da noite, enfrentando sol e chuva para praticar a arte [&hellip;]<\/p>\n","protected":false},"author":1,"featured_media":604,"comment_status":"closed","ping_status":"closed","sticky":true,"template":"","format":"standard","meta":{"footnotes":""},"categories":[9],"tags":[17,18,22,20],"class_list":["post-594","post","type-post","status-publish","format-standard","has-post-thumbnail","hentry","category-artigos","tag-caicaras","tag-comunidadescaicaras","tag-conselhotecnologico","tag-guaruja-2"],"yoast_head":"<!-- This site is optimized with the Yoast SEO Premium plugin v26.7 (Yoast SEO v26.7) - https:\/\/yoast.com\/wordpress\/plugins\/seo\/ -->\n<title>Enfrentando Desafios: A Luta dos Cai\u00e7aras por Pol\u00edticas P\u00fablicas Sociais - AGUAVIVA<\/title>\n<meta name=\"robots\" content=\"index, follow, max-snippet:-1, max-image-preview:large, max-video-preview:-1\" \/>\n<link rel=\"canonical\" href=\"https:\/\/guaruja.org.br\/aguaviva\/enfrentando-desafios-a-luta-dos-caicaras-por-politicas-publicas-sociais\/\" \/>\n<meta property=\"og:locale\" content=\"pt_BR\" \/>\n<meta property=\"og:type\" content=\"article\" \/>\n<meta property=\"og:title\" content=\"Enfrentando Desafios: A Luta dos Cai\u00e7aras por Pol\u00edticas P\u00fablicas Sociais\" \/>\n<meta property=\"og:description\" content=\"Dia 15 de mar\u00e7o de 2023, \u00e9 o Dia do Cai\u00e7ara, um dia para celebrar e homenagear uma classe trabalhadora valente que enfrenta diariamente os desafios do mar e da natureza. Os cai\u00e7aras s\u00e3o aqueles que acordam antes do sol nascer e trabalham at\u00e9 tarde da noite, enfrentando sol e chuva para praticar a arte [&hellip;]\" \/>\n<meta property=\"og:url\" content=\"https:\/\/guaruja.org.br\/aguaviva\/enfrentando-desafios-a-luta-dos-caicaras-por-politicas-publicas-sociais\/\" \/>\n<meta property=\"og:site_name\" content=\"AGUAVIVA\" \/>\n<meta property=\"article:publisher\" content=\"https:\/\/www.facebook.com\/guarujaaguaviva\" \/>\n<meta property=\"article:published_time\" content=\"2023-03-17T15:19:22+00:00\" \/>\n<meta property=\"article:modified_time\" content=\"2023-03-17T15:19:29+00:00\" \/>\n<meta property=\"og:image\" content=\"https:\/\/guaruja.org.br\/aguaviva\/wp-content\/uploads\/2023\/03\/Caicara1.jpg\" \/>\n\t<meta property=\"og:image:width\" content=\"262\" \/>\n\t<meta property=\"og:image:height\" content=\"190\" \/>\n\t<meta property=\"og:image:type\" content=\"image\/jpeg\" \/>\n<meta name=\"author\" content=\"morgana\" \/>\n<meta name=\"twitter:card\" content=\"summary_large_image\" \/>\n<meta name=\"twitter:label1\" content=\"Escrito por\" \/>\n\t<meta name=\"twitter:data1\" content=\"morgana\" \/>\n\t<meta name=\"twitter:label2\" content=\"Est. tempo de leitura\" \/>\n\t<meta name=\"twitter:data2\" content=\"3 minutos\" \/>\n<script type=\"application\/ld+json\" class=\"yoast-schema-graph\">{\"@context\":\"https:\/\/schema.org\",\"@graph\":[{\"@type\":\"Article\",\"@id\":\"https:\/\/guaruja.org.br\/aguaviva\/enfrentando-desafios-a-luta-dos-caicaras-por-politicas-publicas-sociais\/#article\",\"isPartOf\":{\"@id\":\"https:\/\/guaruja.org.br\/aguaviva\/enfrentando-desafios-a-luta-dos-caicaras-por-politicas-publicas-sociais\/\"},\"author\":{\"name\":\"morgana\",\"@id\":\"https:\/\/guaruja.org.br\/aguaviva\/#\/schema\/person\/9eebcb3a8418982418c00d543a25aee4\"},\"headline\":\"Enfrentando Desafios: A Luta dos Cai\u00e7aras por Pol\u00edticas P\u00fablicas Sociais\",\"datePublished\":\"2023-03-17T15:19:22+00:00\",\"dateModified\":\"2023-03-17T15:19:29+00:00\",\"mainEntityOfPage\":{\"@id\":\"https:\/\/guaruja.org.br\/aguaviva\/enfrentando-desafios-a-luta-dos-caicaras-por-politicas-publicas-sociais\/\"},\"wordCount\":412,\"publisher\":{\"@id\":\"https:\/\/guaruja.org.br\/aguaviva\/#organization\"},\"image\":{\"@id\":\"https:\/\/guaruja.org.br\/aguaviva\/enfrentando-desafios-a-luta-dos-caicaras-por-politicas-publicas-sociais\/#primaryimage\"},\"thumbnailUrl\":\"https:\/\/guaruja.org.br\/aguaviva\/wp-content\/uploads\/2023\/03\/Caicara1.jpg\",\"keywords\":[\"cai\u00e7aras\",\"comunidadescai\u00e7aras\",\"conselhotecnologico\",\"guaruj\u00e1\"],\"articleSection\":[\"Artigos\"],\"inLanguage\":\"pt-BR\"},{\"@type\":\"WebPage\",\"@id\":\"https:\/\/guaruja.org.br\/aguaviva\/enfrentando-desafios-a-luta-dos-caicaras-por-politicas-publicas-sociais\/\",\"url\":\"https:\/\/guaruja.org.br\/aguaviva\/enfrentando-desafios-a-luta-dos-caicaras-por-politicas-publicas-sociais\/\",\"name\":\"Enfrentando Desafios: A Luta dos Cai\u00e7aras por Pol\u00edticas P\u00fablicas Sociais - AGUAVIVA\",\"isPartOf\":{\"@id\":\"https:\/\/guaruja.org.br\/aguaviva\/#website\"},\"primaryImageOfPage\":{\"@id\":\"https:\/\/guaruja.org.br\/aguaviva\/enfrentando-desafios-a-luta-dos-caicaras-por-politicas-publicas-sociais\/#primaryimage\"},\"image\":{\"@id\":\"https:\/\/guaruja.org.br\/aguaviva\/enfrentando-desafios-a-luta-dos-caicaras-por-politicas-publicas-sociais\/#primaryimage\"},\"thumbnailUrl\":\"https:\/\/guaruja.org.br\/aguaviva\/wp-content\/uploads\/2023\/03\/Caicara1.jpg\",\"datePublished\":\"2023-03-17T15:19:22+00:00\",\"dateModified\":\"2023-03-17T15:19:29+00:00\",\"breadcrumb\":{\"@id\":\"https:\/\/guaruja.org.br\/aguaviva\/enfrentando-desafios-a-luta-dos-caicaras-por-politicas-publicas-sociais\/#breadcrumb\"},\"inLanguage\":\"pt-BR\",\"potentialAction\":[{\"@type\":\"ReadAction\",\"target\":[\"https:\/\/guaruja.org.br\/aguaviva\/enfrentando-desafios-a-luta-dos-caicaras-por-politicas-publicas-sociais\/\"]}]},{\"@type\":\"ImageObject\",\"inLanguage\":\"pt-BR\",\"@id\":\"https:\/\/guaruja.org.br\/aguaviva\/enfrentando-desafios-a-luta-dos-caicaras-por-politicas-publicas-sociais\/#primaryimage\",\"url\":\"https:\/\/guaruja.org.br\/aguaviva\/wp-content\/uploads\/2023\/03\/Caicara1.jpg\",\"contentUrl\":\"https:\/\/guaruja.org.br\/aguaviva\/wp-content\/uploads\/2023\/03\/Caicara1.jpg\",\"width\":262,\"height\":190},{\"@type\":\"BreadcrumbList\",\"@id\":\"https:\/\/guaruja.org.br\/aguaviva\/enfrentando-desafios-a-luta-dos-caicaras-por-politicas-publicas-sociais\/#breadcrumb\",\"itemListElement\":[{\"@type\":\"ListItem\",\"position\":1,\"name\":\"In\u00edcio\",\"item\":\"https:\/\/guaruja.org.br\/aguaviva\/\"},{\"@type\":\"ListItem\",\"position\":2,\"name\":\"Enfrentando Desafios: A Luta dos Cai\u00e7aras por Pol\u00edticas P\u00fablicas Sociais\"}]},{\"@type\":\"WebSite\",\"@id\":\"https:\/\/guaruja.org.br\/aguaviva\/#website\",\"url\":\"https:\/\/guaruja.org.br\/aguaviva\/\",\"name\":\"AGUAVIVA\",\"description\":\"Associa\u00e7\u00e3o Guaruj\u00e1 Viva\",\"publisher\":{\"@id\":\"https:\/\/guaruja.org.br\/aguaviva\/#organization\"},\"alternateName\":\"AGUAVIVA\",\"potentialAction\":[{\"@type\":\"SearchAction\",\"target\":{\"@type\":\"EntryPoint\",\"urlTemplate\":\"https:\/\/guaruja.org.br\/aguaviva\/?s={search_term_string}\"},\"query-input\":{\"@type\":\"PropertyValueSpecification\",\"valueRequired\":true,\"valueName\":\"search_term_string\"}}],\"inLanguage\":\"pt-BR\"},{\"@type\":\"Organization\",\"@id\":\"https:\/\/guaruja.org.br\/aguaviva\/#organization\",\"name\":\"AGUAVIVA\",\"alternateName\":\"AGUAVIVA\",\"url\":\"https:\/\/guaruja.org.br\/aguaviva\/\",\"logo\":{\"@type\":\"ImageObject\",\"inLanguage\":\"pt-BR\",\"@id\":\"https:\/\/guaruja.org.br\/aguaviva\/#\/schema\/logo\/image\/\",\"url\":\"https:\/\/guaruja.org.br\/aguaviva\/wp-content\/uploads\/2025\/03\/logo-aguaviva-horizontal.png\",\"contentUrl\":\"https:\/\/guaruja.org.br\/aguaviva\/wp-content\/uploads\/2025\/03\/logo-aguaviva-horizontal.png\",\"width\":3280,\"height\":1080,\"caption\":\"AGUAVIVA\"},\"image\":{\"@id\":\"https:\/\/guaruja.org.br\/aguaviva\/#\/schema\/logo\/image\/\"},\"sameAs\":[\"https:\/\/www.facebook.com\/guarujaaguaviva\",\"https:\/\/www.instagram.com\/aguavivaguaruja\/\"]},{\"@type\":\"Person\",\"@id\":\"https:\/\/guaruja.org.br\/aguaviva\/#\/schema\/person\/9eebcb3a8418982418c00d543a25aee4\",\"name\":\"morgana\",\"sameAs\":[\"https:\/\/guaruja.org.br\/aguaviva-02\"],\"url\":\"https:\/\/guaruja.org.br\/aguaviva\/author\/morgana\/\"}]}<\/script>\n<!-- \/ Yoast SEO Premium plugin. -->","yoast_head_json":{"title":"Enfrentando Desafios: A Luta dos Cai\u00e7aras por Pol\u00edticas P\u00fablicas Sociais - AGUAVIVA","robots":{"index":"index","follow":"follow","max-snippet":"max-snippet:-1","max-image-preview":"max-image-preview:large","max-video-preview":"max-video-preview:-1"},"canonical":"https:\/\/guaruja.org.br\/aguaviva\/enfrentando-desafios-a-luta-dos-caicaras-por-politicas-publicas-sociais\/","og_locale":"pt_BR","og_type":"article","og_title":"Enfrentando Desafios: A Luta dos Cai\u00e7aras por Pol\u00edticas P\u00fablicas Sociais","og_description":"Dia 15 de mar\u00e7o de 2023, \u00e9 o Dia do Cai\u00e7ara, um dia para celebrar e homenagear uma classe trabalhadora valente que enfrenta diariamente os desafios do mar e da natureza. Os cai\u00e7aras s\u00e3o aqueles que acordam antes do sol nascer e trabalham at\u00e9 tarde da noite, enfrentando sol e chuva para praticar a arte [&hellip;]","og_url":"https:\/\/guaruja.org.br\/aguaviva\/enfrentando-desafios-a-luta-dos-caicaras-por-politicas-publicas-sociais\/","og_site_name":"AGUAVIVA","article_publisher":"https:\/\/www.facebook.com\/guarujaaguaviva","article_published_time":"2023-03-17T15:19:22+00:00","article_modified_time":"2023-03-17T15:19:29+00:00","og_image":[{"width":262,"height":190,"url":"https:\/\/guaruja.org.br\/aguaviva\/wp-content\/uploads\/2023\/03\/Caicara1.jpg","type":"image\/jpeg"}],"author":"morgana","twitter_card":"summary_large_image","twitter_misc":{"Escrito por":"morgana","Est. tempo de leitura":"3 minutos"},"schema":{"@context":"https:\/\/schema.org","@graph":[{"@type":"Article","@id":"https:\/\/guaruja.org.br\/aguaviva\/enfrentando-desafios-a-luta-dos-caicaras-por-politicas-publicas-sociais\/#article","isPartOf":{"@id":"https:\/\/guaruja.org.br\/aguaviva\/enfrentando-desafios-a-luta-dos-caicaras-por-politicas-publicas-sociais\/"},"author":{"name":"morgana","@id":"https:\/\/guaruja.org.br\/aguaviva\/#\/schema\/person\/9eebcb3a8418982418c00d543a25aee4"},"headline":"Enfrentando Desafios: A Luta dos Cai\u00e7aras por Pol\u00edticas P\u00fablicas Sociais","datePublished":"2023-03-17T15:19:22+00:00","dateModified":"2023-03-17T15:19:29+00:00","mainEntityOfPage":{"@id":"https:\/\/guaruja.org.br\/aguaviva\/enfrentando-desafios-a-luta-dos-caicaras-por-politicas-publicas-sociais\/"},"wordCount":412,"publisher":{"@id":"https:\/\/guaruja.org.br\/aguaviva\/#organization"},"image":{"@id":"https:\/\/guaruja.org.br\/aguaviva\/enfrentando-desafios-a-luta-dos-caicaras-por-politicas-publicas-sociais\/#primaryimage"},"thumbnailUrl":"https:\/\/guaruja.org.br\/aguaviva\/wp-content\/uploads\/2023\/03\/Caicara1.jpg","keywords":["cai\u00e7aras","comunidadescai\u00e7aras","conselhotecnologico","guaruj\u00e1"],"articleSection":["Artigos"],"inLanguage":"pt-BR"},{"@type":"WebPage","@id":"https:\/\/guaruja.org.br\/aguaviva\/enfrentando-desafios-a-luta-dos-caicaras-por-politicas-publicas-sociais\/","url":"https:\/\/guaruja.org.br\/aguaviva\/enfrentando-desafios-a-luta-dos-caicaras-por-politicas-publicas-sociais\/","name":"Enfrentando Desafios: A Luta dos Cai\u00e7aras por Pol\u00edticas P\u00fablicas Sociais - AGUAVIVA","isPartOf":{"@id":"https:\/\/guaruja.org.br\/aguaviva\/#website"},"primaryImageOfPage":{"@id":"https:\/\/guaruja.org.br\/aguaviva\/enfrentando-desafios-a-luta-dos-caicaras-por-politicas-publicas-sociais\/#primaryimage"},"image":{"@id":"https:\/\/guaruja.org.br\/aguaviva\/enfrentando-desafios-a-luta-dos-caicaras-por-politicas-publicas-sociais\/#primaryimage"},"thumbnailUrl":"https:\/\/guaruja.org.br\/aguaviva\/wp-content\/uploads\/2023\/03\/Caicara1.jpg","datePublished":"2023-03-17T15:19:22+00:00","dateModified":"2023-03-17T15:19:29+00:00","breadcrumb":{"@id":"https:\/\/guaruja.org.br\/aguaviva\/enfrentando-desafios-a-luta-dos-caicaras-por-politicas-publicas-sociais\/#breadcrumb"},"inLanguage":"pt-BR","potentialAction":[{"@type":"ReadAction","target":["https:\/\/guaruja.org.br\/aguaviva\/enfrentando-desafios-a-luta-dos-caicaras-por-politicas-publicas-sociais\/"]}]},{"@type":"ImageObject","inLanguage":"pt-BR","@id":"https:\/\/guaruja.org.br\/aguaviva\/enfrentando-desafios-a-luta-dos-caicaras-por-politicas-publicas-sociais\/#primaryimage","url":"https:\/\/guaruja.org.br\/aguaviva\/wp-content\/uploads\/2023\/03\/Caicara1.jpg","contentUrl":"https:\/\/guaruja.org.br\/aguaviva\/wp-content\/uploads\/2023\/03\/Caicara1.jpg","width":262,"height":190},{"@type":"BreadcrumbList","@id":"https:\/\/guaruja.org.br\/aguaviva\/enfrentando-desafios-a-luta-dos-caicaras-por-politicas-publicas-sociais\/#breadcrumb","itemListElement":[{"@type":"ListItem","position":1,"name":"In\u00edcio","item":"https:\/\/guaruja.org.br\/aguaviva\/"},{"@type":"ListItem","position":2,"name":"Enfrentando Desafios: A Luta dos Cai\u00e7aras por Pol\u00edticas P\u00fablicas Sociais"}]},{"@type":"WebSite","@id":"https:\/\/guaruja.org.br\/aguaviva\/#website","url":"https:\/\/guaruja.org.br\/aguaviva\/","name":"AGUAVIVA","description":"Associa\u00e7\u00e3o Guaruj\u00e1 Viva","publisher":{"@id":"https:\/\/guaruja.org.br\/aguaviva\/#organization"},"alternateName":"AGUAVIVA","potentialAction":[{"@type":"SearchAction","target":{"@type":"EntryPoint","urlTemplate":"https:\/\/guaruja.org.br\/aguaviva\/?s={search_term_string}"},"query-input":{"@type":"PropertyValueSpecification","valueRequired":true,"valueName":"search_term_string"}}],"inLanguage":"pt-BR"},{"@type":"Organization","@id":"https:\/\/guaruja.org.br\/aguaviva\/#organization","name":"AGUAVIVA","alternateName":"AGUAVIVA","url":"https:\/\/guaruja.org.br\/aguaviva\/","logo":{"@type":"ImageObject","inLanguage":"pt-BR","@id":"https:\/\/guaruja.org.br\/aguaviva\/#\/schema\/logo\/image\/","url":"https:\/\/guaruja.org.br\/aguaviva\/wp-content\/uploads\/2025\/03\/logo-aguaviva-horizontal.png","contentUrl":"https:\/\/guaruja.org.br\/aguaviva\/wp-content\/uploads\/2025\/03\/logo-aguaviva-horizontal.png","width":3280,"height":1080,"caption":"AGUAVIVA"},"image":{"@id":"https:\/\/guaruja.org.br\/aguaviva\/#\/schema\/logo\/image\/"},"sameAs":["https:\/\/www.facebook.com\/guarujaaguaviva","https:\/\/www.instagram.com\/aguavivaguaruja\/"]},{"@type":"Person","@id":"https:\/\/guaruja.org.br\/aguaviva\/#\/schema\/person\/9eebcb3a8418982418c00d543a25aee4","name":"morgana","sameAs":["https:\/\/guaruja.org.br\/aguaviva-02"],"url":"https:\/\/guaruja.org.br\/aguaviva\/author\/morgana\/"}]}},"_links":{"self":[{"href":"https:\/\/guaruja.org.br\/aguaviva\/wp-json\/wp\/v2\/posts\/594","targetHints":{"allow":["GET"]}}],"collection":[{"href":"https:\/\/guaruja.org.br\/aguaviva\/wp-json\/wp\/v2\/posts"}],"about":[{"href":"https:\/\/guaruja.org.br\/aguaviva\/wp-json\/wp\/v2\/types\/post"}],"author":[{"embeddable":true,"href":"https:\/\/guaruja.org.br\/aguaviva\/wp-json\/wp\/v2\/users\/1"}],"replies":[{"embeddable":true,"href":"https:\/\/guaruja.org.br\/aguaviva\/wp-json\/wp\/v2\/comments?post=594"}],"version-history":[{"count":2,"href":"https:\/\/guaruja.org.br\/aguaviva\/wp-json\/wp\/v2\/posts\/594\/revisions"}],"predecessor-version":[{"id":606,"href":"https:\/\/guaruja.org.br\/aguaviva\/wp-json\/wp\/v2\/posts\/594\/revisions\/606"}],"wp:featuredmedia":[{"embeddable":true,"href":"https:\/\/guaruja.org.br\/aguaviva\/wp-json\/wp\/v2\/media\/604"}],"wp:attachment":[{"href":"https:\/\/guaruja.org.br\/aguaviva\/wp-json\/wp\/v2\/media?parent=594"}],"wp:term":[{"taxonomy":"category","embeddable":true,"href":"https:\/\/guaruja.org.br\/aguaviva\/wp-json\/wp\/v2\/categories?post=594"},{"taxonomy":"post_tag","embeddable":true,"href":"https:\/\/guaruja.org.br\/aguaviva\/wp-json\/wp\/v2\/tags?post=594"}],"curies":[{"name":"wp","href":"https:\/\/api.w.org\/{rel}","templated":true}]}}