{"id":728,"date":"2023-06-21T14:22:00","date_gmt":"2023-06-21T17:22:00","guid":{"rendered":"https:\/\/guaruja.org.br\/aguaviva\/?p=728"},"modified":"2023-07-05T14:25:48","modified_gmt":"2023-07-05T17:25:48","slug":"ministro-marcio-franca-da-boas-vindas-ao-museu-do-porto-na-antiga-estacao-ferroviaria-do-valongo","status":"publish","type":"post","link":"https:\/\/guaruja.org.br\/aguaviva\/ministro-marcio-franca-da-boas-vindas-ao-museu-do-porto-na-antiga-estacao-ferroviaria-do-valongo\/","title":{"rendered":"Ministro M\u00e1rcio Fran\u00e7a d\u00e1 boas-vindas ao museu do porto na antiga esta\u00e7\u00e3o ferrovi\u00e1ria do Valongo"},"content":{"rendered":"\n<p>O ministro de Portos e Aeroportos, M\u00e1rcio Fran\u00e7a, demonstra sentimento de natureza elevado ao avaliar como \u00f3tima a ideia de construir o museu do Porto de Santos na antiga esta\u00e7\u00e3o ferrovi\u00e1ria da Santos-Jundia\u00ed, por onde passaram relevantes cap\u00edtulos da hist\u00f3ria portu\u00e1ria brasileira. Certamente, ser\u00e1 tamb\u00e9m uma das obras mais significativas do cen\u00e1rio tur\u00edstico e cultural nacional.\u00a0<\/p>\n\n\n\n<p>Concretizar o verdadeiro prop\u00f3sito de um museu moderno, tendo como tema a mais complexa e \u00e1gil log\u00edstica portu\u00e1ria do hemisf\u00e9rio sul, exige uma vis\u00e3o tridimensional, abordando o presente, o passado e o futuro. Muito diferente do &#8220;puxadinho&#8221;, que representa o museu do porto de Santos a ser inaugurado, no pr\u00f3ximo dia 26, sem espa\u00e7o-cen\u00e1rio representativo da atividade log\u00edstica do com\u00e9rcio mar\u00edtimo.<\/p>\n\n\n\n<p>No seu papel de think-tank, Portogente est\u00e1 conversando com o Instituto Oceanogr\u00e1fico da Universidade de S\u00e3o Paulo (IOUSP), que poder\u00e1 incluir nessa conversa, sobre a antiga esta\u00e7\u00e3o de trem como museu, a vida do navio Prof. Besnard, que tem tantos casos interessantes para narrar sobre a sua longa vida junto ao Porto de Santos, e o sucesso do seu Museu Oceanogr\u00e1fico (IOUSP), criado em 1988.<\/p>\n\n\n\n<p>Indubit\u00e1vel, como afirma o ministro de Portos, \u201do Porto de Santos e a ferrovia merecem estar mais presentes na mem\u00f3ria das futuras gera\u00e7\u00f5es\u201d. Na \u00f3tica da museologia, o museu Esta\u00e7\u00e3o-Porto deve ser local de guarda de patrim\u00f4nio e de cultura. Ao mesmo tempo, ser concebido como um processo de transforma\u00e7\u00e3o refletindo as mudan\u00e7as no mundo. Por isso, n\u00e3o conv\u00e9m que o Porto de Santos, por sua dimens\u00e3o e import\u00e2ncia, ainda n\u00e3o tenha um museu que possa ser chamado como tal. E nas palavras do ministro M\u00e1rcio Fran\u00e7a, \u201ccomo uma boa pol\u00edtica para juntar esfor\u00e7os e buscar consensos\u201d. Portanto, aquilo que todos consentem, com l\u00f3gica.<\/p>\n\n\n\n<p>Preocupa que esse projeto art\u00edstico e cultural com forte potencial social possa priorizar o prop\u00f3sito pol\u00edtico, impedindo a devida preval\u00eancia da compet\u00eancia log\u00edstica, em espa\u00e7os que impactam a competitividade do porto. \u00c9 necess\u00e1rio cuidar, com todas as for\u00e7as, para evitar colocar sob risco o futuro do Porto de Santos, cujo presente resultou de trabalho e lutas.<\/p>\n\n\n\n<p>Mat\u00e9ria publicada no Porto Gente <\/p>\n\n\n\n<figure class=\"wp-block-embed\"><div class=\"wp-block-embed__wrapper\">\nhttps:\/\/portogente.com.br\/noticias\/dia-a-dia\/115466-ministro-marcio-franca-da-boas-vindas-ao-museu-do-porto-na-antiga-estacao-ferroviaria-do-valongo\n<\/div><\/figure>\n","protected":false},"excerpt":{"rendered":"<p>O ministro de Portos e Aeroportos, M\u00e1rcio Fran\u00e7a, demonstra sentimento de natureza elevado ao avaliar como \u00f3tima a ideia de construir o museu do Porto de Santos na antiga esta\u00e7\u00e3o ferrovi\u00e1ria da Santos-Jundia\u00ed, por onde passaram relevantes cap\u00edtulos da hist\u00f3ria portu\u00e1ria brasileira. Certamente, ser\u00e1 tamb\u00e9m uma das obras mais significativas do cen\u00e1rio tur\u00edstico e cultural [&hellip;]<\/p>\n","protected":false},"author":1,"featured_media":729,"comment_status":"closed","ping_status":"closed","sticky":false,"template":"","format":"standard","meta":{"footnotes":""},"categories":[10],"tags":[22,20],"class_list":["post-728","post","type-post","status-publish","format-standard","has-post-thumbnail","hentry","category-noticia-da-cidade-e-baixada-santista","tag-conselhotecnologico","tag-guaruja-2"],"yoast_head":"<!-- This site is optimized with the Yoast SEO Premium plugin v26.7 (Yoast SEO v26.7) - https:\/\/yoast.com\/wordpress\/plugins\/seo\/ -->\n<title>Ministro M\u00e1rcio Fran\u00e7a d\u00e1 boas-vindas ao museu do porto na antiga esta\u00e7\u00e3o ferrovi\u00e1ria do Valongo - AGUAVIVA<\/title>\n<meta name=\"robots\" content=\"index, follow, max-snippet:-1, max-image-preview:large, max-video-preview:-1\" \/>\n<link rel=\"canonical\" href=\"https:\/\/guaruja.org.br\/aguaviva\/ministro-marcio-franca-da-boas-vindas-ao-museu-do-porto-na-antiga-estacao-ferroviaria-do-valongo\/\" \/>\n<meta property=\"og:locale\" content=\"pt_BR\" \/>\n<meta property=\"og:type\" content=\"article\" \/>\n<meta property=\"og:title\" content=\"Ministro M\u00e1rcio Fran\u00e7a d\u00e1 boas-vindas ao museu do porto na antiga esta\u00e7\u00e3o ferrovi\u00e1ria do Valongo\" \/>\n<meta property=\"og:description\" content=\"O ministro de Portos e Aeroportos, M\u00e1rcio Fran\u00e7a, demonstra sentimento de natureza elevado ao avaliar como \u00f3tima a ideia de construir o museu do Porto de Santos na antiga esta\u00e7\u00e3o ferrovi\u00e1ria da Santos-Jundia\u00ed, por onde passaram relevantes cap\u00edtulos da hist\u00f3ria portu\u00e1ria brasileira. Certamente, ser\u00e1 tamb\u00e9m uma das obras mais significativas do cen\u00e1rio tur\u00edstico e cultural [&hellip;]\" \/>\n<meta property=\"og:url\" content=\"https:\/\/guaruja.org.br\/aguaviva\/ministro-marcio-franca-da-boas-vindas-ao-museu-do-porto-na-antiga-estacao-ferroviaria-do-valongo\/\" \/>\n<meta property=\"og:site_name\" content=\"AGUAVIVA\" \/>\n<meta property=\"article:publisher\" content=\"https:\/\/www.facebook.com\/guarujaaguaviva\" \/>\n<meta property=\"article:published_time\" content=\"2023-06-21T17:22:00+00:00\" \/>\n<meta property=\"article:modified_time\" content=\"2023-07-05T17:25:48+00:00\" \/>\n<meta property=\"og:image\" content=\"https:\/\/guaruja.org.br\/aguaviva\/wp-content\/uploads\/2023\/07\/Dad_21JUN2023_museu_do_porto.jpg\" \/>\n\t<meta property=\"og:image:width\" content=\"470\" \/>\n\t<meta property=\"og:image:height\" content=\"294\" \/>\n\t<meta property=\"og:image:type\" content=\"image\/jpeg\" \/>\n<meta name=\"author\" content=\"morgana\" \/>\n<meta name=\"twitter:card\" content=\"summary_large_image\" \/>\n<meta name=\"twitter:label1\" content=\"Escrito por\" \/>\n\t<meta name=\"twitter:data1\" content=\"morgana\" \/>\n\t<meta name=\"twitter:label2\" content=\"Est. tempo de leitura\" \/>\n\t<meta name=\"twitter:data2\" content=\"2 minutos\" \/>\n<script type=\"application\/ld+json\" class=\"yoast-schema-graph\">{\"@context\":\"https:\/\/schema.org\",\"@graph\":[{\"@type\":\"Article\",\"@id\":\"https:\/\/guaruja.org.br\/aguaviva\/ministro-marcio-franca-da-boas-vindas-ao-museu-do-porto-na-antiga-estacao-ferroviaria-do-valongo\/#article\",\"isPartOf\":{\"@id\":\"https:\/\/guaruja.org.br\/aguaviva\/ministro-marcio-franca-da-boas-vindas-ao-museu-do-porto-na-antiga-estacao-ferroviaria-do-valongo\/\"},\"author\":{\"name\":\"morgana\",\"@id\":\"https:\/\/guaruja.org.br\/aguaviva\/#\/schema\/person\/9eebcb3a8418982418c00d543a25aee4\"},\"headline\":\"Ministro M\u00e1rcio Fran\u00e7a d\u00e1 boas-vindas ao museu do porto na antiga esta\u00e7\u00e3o ferrovi\u00e1ria do Valongo\",\"datePublished\":\"2023-06-21T17:22:00+00:00\",\"dateModified\":\"2023-07-05T17:25:48+00:00\",\"mainEntityOfPage\":{\"@id\":\"https:\/\/guaruja.org.br\/aguaviva\/ministro-marcio-franca-da-boas-vindas-ao-museu-do-porto-na-antiga-estacao-ferroviaria-do-valongo\/\"},\"wordCount\":422,\"publisher\":{\"@id\":\"https:\/\/guaruja.org.br\/aguaviva\/#organization\"},\"image\":{\"@id\":\"https:\/\/guaruja.org.br\/aguaviva\/ministro-marcio-franca-da-boas-vindas-ao-museu-do-porto-na-antiga-estacao-ferroviaria-do-valongo\/#primaryimage\"},\"thumbnailUrl\":\"https:\/\/guaruja.org.br\/aguaviva\/wp-content\/uploads\/2023\/07\/Dad_21JUN2023_museu_do_porto.jpg\",\"keywords\":[\"conselhotecnologico\",\"guaruj\u00e1\"],\"articleSection\":[\"Not\u00edcias da Cidade e Baixada Santista\"],\"inLanguage\":\"pt-BR\"},{\"@type\":\"WebPage\",\"@id\":\"https:\/\/guaruja.org.br\/aguaviva\/ministro-marcio-franca-da-boas-vindas-ao-museu-do-porto-na-antiga-estacao-ferroviaria-do-valongo\/\",\"url\":\"https:\/\/guaruja.org.br\/aguaviva\/ministro-marcio-franca-da-boas-vindas-ao-museu-do-porto-na-antiga-estacao-ferroviaria-do-valongo\/\",\"name\":\"Ministro M\u00e1rcio Fran\u00e7a d\u00e1 boas-vindas ao museu do porto na antiga esta\u00e7\u00e3o ferrovi\u00e1ria do Valongo - AGUAVIVA\",\"isPartOf\":{\"@id\":\"https:\/\/guaruja.org.br\/aguaviva\/#website\"},\"primaryImageOfPage\":{\"@id\":\"https:\/\/guaruja.org.br\/aguaviva\/ministro-marcio-franca-da-boas-vindas-ao-museu-do-porto-na-antiga-estacao-ferroviaria-do-valongo\/#primaryimage\"},\"image\":{\"@id\":\"https:\/\/guaruja.org.br\/aguaviva\/ministro-marcio-franca-da-boas-vindas-ao-museu-do-porto-na-antiga-estacao-ferroviaria-do-valongo\/#primaryimage\"},\"thumbnailUrl\":\"https:\/\/guaruja.org.br\/aguaviva\/wp-content\/uploads\/2023\/07\/Dad_21JUN2023_museu_do_porto.jpg\",\"datePublished\":\"2023-06-21T17:22:00+00:00\",\"dateModified\":\"2023-07-05T17:25:48+00:00\",\"breadcrumb\":{\"@id\":\"https:\/\/guaruja.org.br\/aguaviva\/ministro-marcio-franca-da-boas-vindas-ao-museu-do-porto-na-antiga-estacao-ferroviaria-do-valongo\/#breadcrumb\"},\"inLanguage\":\"pt-BR\",\"potentialAction\":[{\"@type\":\"ReadAction\",\"target\":[\"https:\/\/guaruja.org.br\/aguaviva\/ministro-marcio-franca-da-boas-vindas-ao-museu-do-porto-na-antiga-estacao-ferroviaria-do-valongo\/\"]}]},{\"@type\":\"ImageObject\",\"inLanguage\":\"pt-BR\",\"@id\":\"https:\/\/guaruja.org.br\/aguaviva\/ministro-marcio-franca-da-boas-vindas-ao-museu-do-porto-na-antiga-estacao-ferroviaria-do-valongo\/#primaryimage\",\"url\":\"https:\/\/guaruja.org.br\/aguaviva\/wp-content\/uploads\/2023\/07\/Dad_21JUN2023_museu_do_porto.jpg\",\"contentUrl\":\"https:\/\/guaruja.org.br\/aguaviva\/wp-content\/uploads\/2023\/07\/Dad_21JUN2023_museu_do_porto.jpg\",\"width\":470,\"height\":294},{\"@type\":\"BreadcrumbList\",\"@id\":\"https:\/\/guaruja.org.br\/aguaviva\/ministro-marcio-franca-da-boas-vindas-ao-museu-do-porto-na-antiga-estacao-ferroviaria-do-valongo\/#breadcrumb\",\"itemListElement\":[{\"@type\":\"ListItem\",\"position\":1,\"name\":\"In\u00edcio\",\"item\":\"https:\/\/guaruja.org.br\/aguaviva\/\"},{\"@type\":\"ListItem\",\"position\":2,\"name\":\"Ministro M\u00e1rcio Fran\u00e7a d\u00e1 boas-vindas ao museu do porto na antiga esta\u00e7\u00e3o ferrovi\u00e1ria do Valongo\"}]},{\"@type\":\"WebSite\",\"@id\":\"https:\/\/guaruja.org.br\/aguaviva\/#website\",\"url\":\"https:\/\/guaruja.org.br\/aguaviva\/\",\"name\":\"AGUAVIVA\",\"description\":\"Associa\u00e7\u00e3o Guaruj\u00e1 Viva\",\"publisher\":{\"@id\":\"https:\/\/guaruja.org.br\/aguaviva\/#organization\"},\"alternateName\":\"AGUAVIVA\",\"potentialAction\":[{\"@type\":\"SearchAction\",\"target\":{\"@type\":\"EntryPoint\",\"urlTemplate\":\"https:\/\/guaruja.org.br\/aguaviva\/?s={search_term_string}\"},\"query-input\":{\"@type\":\"PropertyValueSpecification\",\"valueRequired\":true,\"valueName\":\"search_term_string\"}}],\"inLanguage\":\"pt-BR\"},{\"@type\":\"Organization\",\"@id\":\"https:\/\/guaruja.org.br\/aguaviva\/#organization\",\"name\":\"AGUAVIVA\",\"alternateName\":\"AGUAVIVA\",\"url\":\"https:\/\/guaruja.org.br\/aguaviva\/\",\"logo\":{\"@type\":\"ImageObject\",\"inLanguage\":\"pt-BR\",\"@id\":\"https:\/\/guaruja.org.br\/aguaviva\/#\/schema\/logo\/image\/\",\"url\":\"https:\/\/guaruja.org.br\/aguaviva\/wp-content\/uploads\/2025\/03\/logo-aguaviva-horizontal.png\",\"contentUrl\":\"https:\/\/guaruja.org.br\/aguaviva\/wp-content\/uploads\/2025\/03\/logo-aguaviva-horizontal.png\",\"width\":3280,\"height\":1080,\"caption\":\"AGUAVIVA\"},\"image\":{\"@id\":\"https:\/\/guaruja.org.br\/aguaviva\/#\/schema\/logo\/image\/\"},\"sameAs\":[\"https:\/\/www.facebook.com\/guarujaaguaviva\",\"https:\/\/www.instagram.com\/aguavivaguaruja\/\"]},{\"@type\":\"Person\",\"@id\":\"https:\/\/guaruja.org.br\/aguaviva\/#\/schema\/person\/9eebcb3a8418982418c00d543a25aee4\",\"name\":\"morgana\",\"sameAs\":[\"https:\/\/guaruja.org.br\/aguaviva-02\"],\"url\":\"https:\/\/guaruja.org.br\/aguaviva\/author\/morgana\/\"}]}<\/script>\n<!-- \/ Yoast SEO Premium plugin. -->","yoast_head_json":{"title":"Ministro M\u00e1rcio Fran\u00e7a d\u00e1 boas-vindas ao museu do porto na antiga esta\u00e7\u00e3o ferrovi\u00e1ria do Valongo - AGUAVIVA","robots":{"index":"index","follow":"follow","max-snippet":"max-snippet:-1","max-image-preview":"max-image-preview:large","max-video-preview":"max-video-preview:-1"},"canonical":"https:\/\/guaruja.org.br\/aguaviva\/ministro-marcio-franca-da-boas-vindas-ao-museu-do-porto-na-antiga-estacao-ferroviaria-do-valongo\/","og_locale":"pt_BR","og_type":"article","og_title":"Ministro M\u00e1rcio Fran\u00e7a d\u00e1 boas-vindas ao museu do porto na antiga esta\u00e7\u00e3o ferrovi\u00e1ria do Valongo","og_description":"O ministro de Portos e Aeroportos, M\u00e1rcio Fran\u00e7a, demonstra sentimento de natureza elevado ao avaliar como \u00f3tima a ideia de construir o museu do Porto de Santos na antiga esta\u00e7\u00e3o ferrovi\u00e1ria da Santos-Jundia\u00ed, por onde passaram relevantes cap\u00edtulos da hist\u00f3ria portu\u00e1ria brasileira. Certamente, ser\u00e1 tamb\u00e9m uma das obras mais significativas do cen\u00e1rio tur\u00edstico e cultural [&hellip;]","og_url":"https:\/\/guaruja.org.br\/aguaviva\/ministro-marcio-franca-da-boas-vindas-ao-museu-do-porto-na-antiga-estacao-ferroviaria-do-valongo\/","og_site_name":"AGUAVIVA","article_publisher":"https:\/\/www.facebook.com\/guarujaaguaviva","article_published_time":"2023-06-21T17:22:00+00:00","article_modified_time":"2023-07-05T17:25:48+00:00","og_image":[{"width":470,"height":294,"url":"https:\/\/guaruja.org.br\/aguaviva\/wp-content\/uploads\/2023\/07\/Dad_21JUN2023_museu_do_porto.jpg","type":"image\/jpeg"}],"author":"morgana","twitter_card":"summary_large_image","twitter_misc":{"Escrito por":"morgana","Est. tempo de leitura":"2 minutos"},"schema":{"@context":"https:\/\/schema.org","@graph":[{"@type":"Article","@id":"https:\/\/guaruja.org.br\/aguaviva\/ministro-marcio-franca-da-boas-vindas-ao-museu-do-porto-na-antiga-estacao-ferroviaria-do-valongo\/#article","isPartOf":{"@id":"https:\/\/guaruja.org.br\/aguaviva\/ministro-marcio-franca-da-boas-vindas-ao-museu-do-porto-na-antiga-estacao-ferroviaria-do-valongo\/"},"author":{"name":"morgana","@id":"https:\/\/guaruja.org.br\/aguaviva\/#\/schema\/person\/9eebcb3a8418982418c00d543a25aee4"},"headline":"Ministro M\u00e1rcio Fran\u00e7a d\u00e1 boas-vindas ao museu do porto na antiga esta\u00e7\u00e3o ferrovi\u00e1ria do Valongo","datePublished":"2023-06-21T17:22:00+00:00","dateModified":"2023-07-05T17:25:48+00:00","mainEntityOfPage":{"@id":"https:\/\/guaruja.org.br\/aguaviva\/ministro-marcio-franca-da-boas-vindas-ao-museu-do-porto-na-antiga-estacao-ferroviaria-do-valongo\/"},"wordCount":422,"publisher":{"@id":"https:\/\/guaruja.org.br\/aguaviva\/#organization"},"image":{"@id":"https:\/\/guaruja.org.br\/aguaviva\/ministro-marcio-franca-da-boas-vindas-ao-museu-do-porto-na-antiga-estacao-ferroviaria-do-valongo\/#primaryimage"},"thumbnailUrl":"https:\/\/guaruja.org.br\/aguaviva\/wp-content\/uploads\/2023\/07\/Dad_21JUN2023_museu_do_porto.jpg","keywords":["conselhotecnologico","guaruj\u00e1"],"articleSection":["Not\u00edcias da Cidade e Baixada Santista"],"inLanguage":"pt-BR"},{"@type":"WebPage","@id":"https:\/\/guaruja.org.br\/aguaviva\/ministro-marcio-franca-da-boas-vindas-ao-museu-do-porto-na-antiga-estacao-ferroviaria-do-valongo\/","url":"https:\/\/guaruja.org.br\/aguaviva\/ministro-marcio-franca-da-boas-vindas-ao-museu-do-porto-na-antiga-estacao-ferroviaria-do-valongo\/","name":"Ministro M\u00e1rcio Fran\u00e7a d\u00e1 boas-vindas ao museu do porto na antiga esta\u00e7\u00e3o ferrovi\u00e1ria do Valongo - AGUAVIVA","isPartOf":{"@id":"https:\/\/guaruja.org.br\/aguaviva\/#website"},"primaryImageOfPage":{"@id":"https:\/\/guaruja.org.br\/aguaviva\/ministro-marcio-franca-da-boas-vindas-ao-museu-do-porto-na-antiga-estacao-ferroviaria-do-valongo\/#primaryimage"},"image":{"@id":"https:\/\/guaruja.org.br\/aguaviva\/ministro-marcio-franca-da-boas-vindas-ao-museu-do-porto-na-antiga-estacao-ferroviaria-do-valongo\/#primaryimage"},"thumbnailUrl":"https:\/\/guaruja.org.br\/aguaviva\/wp-content\/uploads\/2023\/07\/Dad_21JUN2023_museu_do_porto.jpg","datePublished":"2023-06-21T17:22:00+00:00","dateModified":"2023-07-05T17:25:48+00:00","breadcrumb":{"@id":"https:\/\/guaruja.org.br\/aguaviva\/ministro-marcio-franca-da-boas-vindas-ao-museu-do-porto-na-antiga-estacao-ferroviaria-do-valongo\/#breadcrumb"},"inLanguage":"pt-BR","potentialAction":[{"@type":"ReadAction","target":["https:\/\/guaruja.org.br\/aguaviva\/ministro-marcio-franca-da-boas-vindas-ao-museu-do-porto-na-antiga-estacao-ferroviaria-do-valongo\/"]}]},{"@type":"ImageObject","inLanguage":"pt-BR","@id":"https:\/\/guaruja.org.br\/aguaviva\/ministro-marcio-franca-da-boas-vindas-ao-museu-do-porto-na-antiga-estacao-ferroviaria-do-valongo\/#primaryimage","url":"https:\/\/guaruja.org.br\/aguaviva\/wp-content\/uploads\/2023\/07\/Dad_21JUN2023_museu_do_porto.jpg","contentUrl":"https:\/\/guaruja.org.br\/aguaviva\/wp-content\/uploads\/2023\/07\/Dad_21JUN2023_museu_do_porto.jpg","width":470,"height":294},{"@type":"BreadcrumbList","@id":"https:\/\/guaruja.org.br\/aguaviva\/ministro-marcio-franca-da-boas-vindas-ao-museu-do-porto-na-antiga-estacao-ferroviaria-do-valongo\/#breadcrumb","itemListElement":[{"@type":"ListItem","position":1,"name":"In\u00edcio","item":"https:\/\/guaruja.org.br\/aguaviva\/"},{"@type":"ListItem","position":2,"name":"Ministro M\u00e1rcio Fran\u00e7a d\u00e1 boas-vindas ao museu do porto na antiga esta\u00e7\u00e3o ferrovi\u00e1ria do Valongo"}]},{"@type":"WebSite","@id":"https:\/\/guaruja.org.br\/aguaviva\/#website","url":"https:\/\/guaruja.org.br\/aguaviva\/","name":"AGUAVIVA","description":"Associa\u00e7\u00e3o Guaruj\u00e1 Viva","publisher":{"@id":"https:\/\/guaruja.org.br\/aguaviva\/#organization"},"alternateName":"AGUAVIVA","potentialAction":[{"@type":"SearchAction","target":{"@type":"EntryPoint","urlTemplate":"https:\/\/guaruja.org.br\/aguaviva\/?s={search_term_string}"},"query-input":{"@type":"PropertyValueSpecification","valueRequired":true,"valueName":"search_term_string"}}],"inLanguage":"pt-BR"},{"@type":"Organization","@id":"https:\/\/guaruja.org.br\/aguaviva\/#organization","name":"AGUAVIVA","alternateName":"AGUAVIVA","url":"https:\/\/guaruja.org.br\/aguaviva\/","logo":{"@type":"ImageObject","inLanguage":"pt-BR","@id":"https:\/\/guaruja.org.br\/aguaviva\/#\/schema\/logo\/image\/","url":"https:\/\/guaruja.org.br\/aguaviva\/wp-content\/uploads\/2025\/03\/logo-aguaviva-horizontal.png","contentUrl":"https:\/\/guaruja.org.br\/aguaviva\/wp-content\/uploads\/2025\/03\/logo-aguaviva-horizontal.png","width":3280,"height":1080,"caption":"AGUAVIVA"},"image":{"@id":"https:\/\/guaruja.org.br\/aguaviva\/#\/schema\/logo\/image\/"},"sameAs":["https:\/\/www.facebook.com\/guarujaaguaviva","https:\/\/www.instagram.com\/aguavivaguaruja\/"]},{"@type":"Person","@id":"https:\/\/guaruja.org.br\/aguaviva\/#\/schema\/person\/9eebcb3a8418982418c00d543a25aee4","name":"morgana","sameAs":["https:\/\/guaruja.org.br\/aguaviva-02"],"url":"https:\/\/guaruja.org.br\/aguaviva\/author\/morgana\/"}]}},"_links":{"self":[{"href":"https:\/\/guaruja.org.br\/aguaviva\/wp-json\/wp\/v2\/posts\/728","targetHints":{"allow":["GET"]}}],"collection":[{"href":"https:\/\/guaruja.org.br\/aguaviva\/wp-json\/wp\/v2\/posts"}],"about":[{"href":"https:\/\/guaruja.org.br\/aguaviva\/wp-json\/wp\/v2\/types\/post"}],"author":[{"embeddable":true,"href":"https:\/\/guaruja.org.br\/aguaviva\/wp-json\/wp\/v2\/users\/1"}],"replies":[{"embeddable":true,"href":"https:\/\/guaruja.org.br\/aguaviva\/wp-json\/wp\/v2\/comments?post=728"}],"version-history":[{"count":1,"href":"https:\/\/guaruja.org.br\/aguaviva\/wp-json\/wp\/v2\/posts\/728\/revisions"}],"predecessor-version":[{"id":730,"href":"https:\/\/guaruja.org.br\/aguaviva\/wp-json\/wp\/v2\/posts\/728\/revisions\/730"}],"wp:featuredmedia":[{"embeddable":true,"href":"https:\/\/guaruja.org.br\/aguaviva\/wp-json\/wp\/v2\/media\/729"}],"wp:attachment":[{"href":"https:\/\/guaruja.org.br\/aguaviva\/wp-json\/wp\/v2\/media?parent=728"}],"wp:term":[{"taxonomy":"category","embeddable":true,"href":"https:\/\/guaruja.org.br\/aguaviva\/wp-json\/wp\/v2\/categories?post=728"},{"taxonomy":"post_tag","embeddable":true,"href":"https:\/\/guaruja.org.br\/aguaviva\/wp-json\/wp\/v2\/tags?post=728"}],"curies":[{"name":"wp","href":"https:\/\/api.w.org\/{rel}","templated":true}]}}