{"id":731,"date":"2023-07-05T14:28:46","date_gmt":"2023-07-05T17:28:46","guid":{"rendered":"https:\/\/guaruja.org.br\/aguaviva\/?p=731"},"modified":"2023-07-05T14:28:50","modified_gmt":"2023-07-05T17:28:50","slug":"guaruja-prorroga-prazo-de-debate-da-proposta-do-plano-diretor-para-30-de-julho","status":"publish","type":"post","link":"https:\/\/guaruja.org.br\/aguaviva\/guaruja-prorroga-prazo-de-debate-da-proposta-do-plano-diretor-para-30-de-julho\/","title":{"rendered":"Guaruj\u00e1 prorroga prazo de debate da proposta do Plano Diretor para 30 de julho"},"content":{"rendered":"\n<p><strong><em>Toda a sociedade pode encaminhar d\u00favidas e sugest\u00f5es sobre o&nbsp;<\/em><\/strong><strong><em>assunto; material completo est\u00e1 dispon\u00edvel no site da Prefeitura<\/em><\/strong><\/p>\n\n\n\n<p>A Prefeitura de Guaruj\u00e1 receber\u00e1, at\u00e9 o dia 30 de julho, a contribui\u00e7\u00e3o popular para a proposta de revis\u00e3o do Plano Diretor e da Lei de Uso e Ocupa\u00e7\u00e3o de Solo. Inicialmente, o prazo terminaria nesta quinta-feira (6).<\/p>\n\n\n\n<p>O an\u00fancio foi feito pela secret\u00e1ria municipal de Planejamento (Seplan), durante um podcast sobre o assunto, na noite de segunda-feira (3). <\/p>\n\n\n\n<figure class=\"wp-block-embed is-type-video is-provider-youtube wp-block-embed-youtube wp-embed-aspect-16-9 wp-has-aspect-ratio\"><div class=\"wp-block-embed__wrapper\">\n<iframe title=\"#PODCAST - Plano Diretor e Lei de Uso de Ocupa\u00e7\u00e3o de Solo\" width=\"800\" height=\"450\" src=\"https:\/\/www.youtube.com\/embed\/6QYxKbGoPJg?feature=oembed\" frameborder=\"0\" allow=\"accelerometer; autoplay; clipboard-write; encrypted-media; gyroscope; picture-in-picture; web-share\" allowfullscreen><\/iframe>\n<\/div><\/figure>\n\n\n\n<p>Pelo site da Prefeitura de Guaruj\u00e1 (<a href=\"https:\/\/www.guaruja\/\">https:\/\/www.guaruja<\/a>.&nbsp;<a href=\"http:\/\/sp.gov.br\/planodiretor2021\/\">sp.gov.br\/planodiretor2021\/<\/a>), \u00e9 poss\u00edvel acessar todos os textos e seus anexos propostos. Sugest\u00f5es e d\u00favidas poder\u00e3o ser encaminhadas nesse link de acesso.<\/p>\n\n\n\n<p>Com isso, o Munic\u00edpio abre um espa\u00e7o para a sociedade civil organizada se manifestar antes das audi\u00eancias p\u00fablicas, a fim de dar esclarecimentos e tirar d\u00favidas. A partir de agosto, ser\u00e3o realizadas quatro audi\u00eancias p\u00fablicas para debater as propostas. Em seguida, os textos finais ser\u00e3o submetidos ao Legislativo Municipal.<\/p>\n\n\n\n<p><strong>Reuni\u00f5es<\/strong><\/p>\n\n\n\n<p>Desde segunda-feira (3), a Seplan recebe, no Pa\u00e7o Moacir dos Santos Filho (Avenida Santos Dumont, 800 \u2013 2\u00ba andar \u2013 Santo Ant\u00f4nio), a sociedade civil organizada para conversar sobre a revis\u00e3o do Plano Diretor e a Lei de Uso e Ocupa\u00e7\u00e3o de Solo. Atualmente, a Administra\u00e7\u00e3o Municipal debate, em conjunto com a sociedade, sobre o desenvolvimento urbano da Cidade.<\/p>\n\n\n\n<p>A Prefeitura est\u00e1 entrando em contato com cada entidade, criando um calend\u00e1rio, com datas e hor\u00e1rios espec\u00edficos para atendimento. As inscri\u00e7\u00f5es s\u00e3o limitadas a cinco pessoas por associa\u00e7\u00e3o.<\/p>\n\n\n\n<p>O Plano Diretor \u00e9 um instrumento urban\u00edstico que visa estabelecer a pol\u00edtica de desenvolvimento urbano, como determina a Constitui\u00e7\u00e3o Federal e, com isso, o planejamento das pol\u00edticas p\u00fablicas setoriais que impactam diretamente na vida do cidad\u00e3o, como a qualifica\u00e7\u00e3o ambiental das zonas urbanas.<\/p>\n\n\n\n<p>Por sua vez, a Lei de Uso e Ocupa\u00e7\u00e3o de Solo, agora desmembrada do Plano Diretor em Guaruj\u00e1, tem a fun\u00e7\u00e3o espec\u00edfica de controlar os espa\u00e7os urbanos e estabelecer normas, definindo o que \u00e9 ou n\u00e3o permitido em cada ambiente p\u00fablico.<\/p>\n","protected":false},"excerpt":{"rendered":"<p>Toda a sociedade pode encaminhar d\u00favidas e sugest\u00f5es sobre o&nbsp;assunto; material completo est\u00e1 dispon\u00edvel no site da Prefeitura A Prefeitura de Guaruj\u00e1 receber\u00e1, at\u00e9 o dia 30 de julho, a contribui\u00e7\u00e3o popular para a proposta de revis\u00e3o do Plano Diretor e da Lei de Uso e Ocupa\u00e7\u00e3o de Solo. Inicialmente, o prazo terminaria nesta quinta-feira [&hellip;]<\/p>\n","protected":false},"author":1,"featured_media":732,"comment_status":"closed","ping_status":"closed","sticky":false,"template":"","format":"standard","meta":{"footnotes":""},"categories":[10],"tags":[21,18,22,20,12],"class_list":["post-731","post","type-post","status-publish","format-standard","has-post-thumbnail","hentry","category-noticia-da-cidade-e-baixada-santista","tag-aguaviva","tag-comunidadescaicaras","tag-conselhotecnologico","tag-guaruja-2","tag-guaruja"],"yoast_head":"<!-- This site is optimized with the Yoast SEO Premium plugin v26.7 (Yoast SEO v26.7) - https:\/\/yoast.com\/wordpress\/plugins\/seo\/ -->\n<title>Guaruj\u00e1 prorroga prazo de debate da proposta do Plano Diretor para 30 de julho - AGUAVIVA<\/title>\n<meta name=\"robots\" content=\"index, follow, max-snippet:-1, max-image-preview:large, max-video-preview:-1\" \/>\n<link rel=\"canonical\" href=\"https:\/\/guaruja.org.br\/aguaviva\/guaruja-prorroga-prazo-de-debate-da-proposta-do-plano-diretor-para-30-de-julho\/\" \/>\n<meta property=\"og:locale\" content=\"pt_BR\" \/>\n<meta property=\"og:type\" content=\"article\" \/>\n<meta property=\"og:title\" content=\"Guaruj\u00e1 prorroga prazo de debate da proposta do Plano Diretor para 30 de julho\" \/>\n<meta property=\"og:description\" content=\"Toda a sociedade pode encaminhar d\u00favidas e sugest\u00f5es sobre o&nbsp;assunto; material completo est\u00e1 dispon\u00edvel no site da Prefeitura A Prefeitura de Guaruj\u00e1 receber\u00e1, at\u00e9 o dia 30 de julho, a contribui\u00e7\u00e3o popular para a proposta de revis\u00e3o do Plano Diretor e da Lei de Uso e Ocupa\u00e7\u00e3o de Solo. Inicialmente, o prazo terminaria nesta quinta-feira [&hellip;]\" \/>\n<meta property=\"og:url\" content=\"https:\/\/guaruja.org.br\/aguaviva\/guaruja-prorroga-prazo-de-debate-da-proposta-do-plano-diretor-para-30-de-julho\/\" \/>\n<meta property=\"og:site_name\" content=\"AGUAVIVA\" \/>\n<meta property=\"article:publisher\" content=\"https:\/\/www.facebook.com\/guarujaaguaviva\" \/>\n<meta property=\"article:published_time\" content=\"2023-07-05T17:28:46+00:00\" \/>\n<meta property=\"article:modified_time\" content=\"2023-07-05T17:28:50+00:00\" \/>\n<meta property=\"og:image\" content=\"https:\/\/guaruja.org.br\/aguaviva\/wp-content\/uploads\/2023\/07\/PLANO-DIRETOR-foto.jpg\" \/>\n\t<meta property=\"og:image:width\" content=\"1536\" \/>\n\t<meta property=\"og:image:height\" content=\"864\" \/>\n\t<meta property=\"og:image:type\" content=\"image\/jpeg\" \/>\n<meta name=\"author\" content=\"morgana\" \/>\n<meta name=\"twitter:card\" content=\"summary_large_image\" \/>\n<meta name=\"twitter:label1\" content=\"Escrito por\" \/>\n\t<meta name=\"twitter:data1\" content=\"morgana\" \/>\n\t<meta name=\"twitter:label2\" content=\"Est. tempo de leitura\" \/>\n\t<meta name=\"twitter:data2\" content=\"2 minutos\" \/>\n<script type=\"application\/ld+json\" class=\"yoast-schema-graph\">{\"@context\":\"https:\/\/schema.org\",\"@graph\":[{\"@type\":\"Article\",\"@id\":\"https:\/\/guaruja.org.br\/aguaviva\/guaruja-prorroga-prazo-de-debate-da-proposta-do-plano-diretor-para-30-de-julho\/#article\",\"isPartOf\":{\"@id\":\"https:\/\/guaruja.org.br\/aguaviva\/guaruja-prorroga-prazo-de-debate-da-proposta-do-plano-diretor-para-30-de-julho\/\"},\"author\":{\"name\":\"morgana\",\"@id\":\"https:\/\/guaruja.org.br\/aguaviva\/#\/schema\/person\/9eebcb3a8418982418c00d543a25aee4\"},\"headline\":\"Guaruj\u00e1 prorroga prazo de debate da proposta do Plano Diretor para 30 de julho\",\"datePublished\":\"2023-07-05T17:28:46+00:00\",\"dateModified\":\"2023-07-05T17:28:50+00:00\",\"mainEntityOfPage\":{\"@id\":\"https:\/\/guaruja.org.br\/aguaviva\/guaruja-prorroga-prazo-de-debate-da-proposta-do-plano-diretor-para-30-de-julho\/\"},\"wordCount\":390,\"publisher\":{\"@id\":\"https:\/\/guaruja.org.br\/aguaviva\/#organization\"},\"image\":{\"@id\":\"https:\/\/guaruja.org.br\/aguaviva\/guaruja-prorroga-prazo-de-debate-da-proposta-do-plano-diretor-para-30-de-julho\/#primaryimage\"},\"thumbnailUrl\":\"https:\/\/guaruja.org.br\/aguaviva\/wp-content\/uploads\/2023\/07\/PLANO-DIRETOR-foto.jpg\",\"keywords\":[\"aguaviva\",\"comunidadescai\u00e7aras\",\"conselhotecnologico\",\"guaruj\u00e1\",\"guaruja\"],\"articleSection\":[\"Not\u00edcias da Cidade e Baixada Santista\"],\"inLanguage\":\"pt-BR\"},{\"@type\":\"WebPage\",\"@id\":\"https:\/\/guaruja.org.br\/aguaviva\/guaruja-prorroga-prazo-de-debate-da-proposta-do-plano-diretor-para-30-de-julho\/\",\"url\":\"https:\/\/guaruja.org.br\/aguaviva\/guaruja-prorroga-prazo-de-debate-da-proposta-do-plano-diretor-para-30-de-julho\/\",\"name\":\"Guaruj\u00e1 prorroga prazo de debate da proposta do Plano Diretor para 30 de julho - AGUAVIVA\",\"isPartOf\":{\"@id\":\"https:\/\/guaruja.org.br\/aguaviva\/#website\"},\"primaryImageOfPage\":{\"@id\":\"https:\/\/guaruja.org.br\/aguaviva\/guaruja-prorroga-prazo-de-debate-da-proposta-do-plano-diretor-para-30-de-julho\/#primaryimage\"},\"image\":{\"@id\":\"https:\/\/guaruja.org.br\/aguaviva\/guaruja-prorroga-prazo-de-debate-da-proposta-do-plano-diretor-para-30-de-julho\/#primaryimage\"},\"thumbnailUrl\":\"https:\/\/guaruja.org.br\/aguaviva\/wp-content\/uploads\/2023\/07\/PLANO-DIRETOR-foto.jpg\",\"datePublished\":\"2023-07-05T17:28:46+00:00\",\"dateModified\":\"2023-07-05T17:28:50+00:00\",\"breadcrumb\":{\"@id\":\"https:\/\/guaruja.org.br\/aguaviva\/guaruja-prorroga-prazo-de-debate-da-proposta-do-plano-diretor-para-30-de-julho\/#breadcrumb\"},\"inLanguage\":\"pt-BR\",\"potentialAction\":[{\"@type\":\"ReadAction\",\"target\":[\"https:\/\/guaruja.org.br\/aguaviva\/guaruja-prorroga-prazo-de-debate-da-proposta-do-plano-diretor-para-30-de-julho\/\"]}]},{\"@type\":\"ImageObject\",\"inLanguage\":\"pt-BR\",\"@id\":\"https:\/\/guaruja.org.br\/aguaviva\/guaruja-prorroga-prazo-de-debate-da-proposta-do-plano-diretor-para-30-de-julho\/#primaryimage\",\"url\":\"https:\/\/guaruja.org.br\/aguaviva\/wp-content\/uploads\/2023\/07\/PLANO-DIRETOR-foto.jpg\",\"contentUrl\":\"https:\/\/guaruja.org.br\/aguaviva\/wp-content\/uploads\/2023\/07\/PLANO-DIRETOR-foto.jpg\",\"width\":1536,\"height\":864},{\"@type\":\"BreadcrumbList\",\"@id\":\"https:\/\/guaruja.org.br\/aguaviva\/guaruja-prorroga-prazo-de-debate-da-proposta-do-plano-diretor-para-30-de-julho\/#breadcrumb\",\"itemListElement\":[{\"@type\":\"ListItem\",\"position\":1,\"name\":\"In\u00edcio\",\"item\":\"https:\/\/guaruja.org.br\/aguaviva\/\"},{\"@type\":\"ListItem\",\"position\":2,\"name\":\"Guaruj\u00e1 prorroga prazo de debate da proposta do Plano Diretor para 30 de julho\"}]},{\"@type\":\"WebSite\",\"@id\":\"https:\/\/guaruja.org.br\/aguaviva\/#website\",\"url\":\"https:\/\/guaruja.org.br\/aguaviva\/\",\"name\":\"AGUAVIVA\",\"description\":\"Associa\u00e7\u00e3o Guaruj\u00e1 Viva\",\"publisher\":{\"@id\":\"https:\/\/guaruja.org.br\/aguaviva\/#organization\"},\"alternateName\":\"AGUAVIVA\",\"potentialAction\":[{\"@type\":\"SearchAction\",\"target\":{\"@type\":\"EntryPoint\",\"urlTemplate\":\"https:\/\/guaruja.org.br\/aguaviva\/?s={search_term_string}\"},\"query-input\":{\"@type\":\"PropertyValueSpecification\",\"valueRequired\":true,\"valueName\":\"search_term_string\"}}],\"inLanguage\":\"pt-BR\"},{\"@type\":\"Organization\",\"@id\":\"https:\/\/guaruja.org.br\/aguaviva\/#organization\",\"name\":\"AGUAVIVA\",\"alternateName\":\"AGUAVIVA\",\"url\":\"https:\/\/guaruja.org.br\/aguaviva\/\",\"logo\":{\"@type\":\"ImageObject\",\"inLanguage\":\"pt-BR\",\"@id\":\"https:\/\/guaruja.org.br\/aguaviva\/#\/schema\/logo\/image\/\",\"url\":\"https:\/\/guaruja.org.br\/aguaviva\/wp-content\/uploads\/2025\/03\/logo-aguaviva-horizontal.png\",\"contentUrl\":\"https:\/\/guaruja.org.br\/aguaviva\/wp-content\/uploads\/2025\/03\/logo-aguaviva-horizontal.png\",\"width\":3280,\"height\":1080,\"caption\":\"AGUAVIVA\"},\"image\":{\"@id\":\"https:\/\/guaruja.org.br\/aguaviva\/#\/schema\/logo\/image\/\"},\"sameAs\":[\"https:\/\/www.facebook.com\/guarujaaguaviva\",\"https:\/\/www.instagram.com\/aguavivaguaruja\/\"]},{\"@type\":\"Person\",\"@id\":\"https:\/\/guaruja.org.br\/aguaviva\/#\/schema\/person\/9eebcb3a8418982418c00d543a25aee4\",\"name\":\"morgana\",\"sameAs\":[\"https:\/\/guaruja.org.br\/aguaviva-02\"],\"url\":\"https:\/\/guaruja.org.br\/aguaviva\/author\/morgana\/\"}]}<\/script>\n<!-- \/ Yoast SEO Premium plugin. -->","yoast_head_json":{"title":"Guaruj\u00e1 prorroga prazo de debate da proposta do Plano Diretor para 30 de julho - AGUAVIVA","robots":{"index":"index","follow":"follow","max-snippet":"max-snippet:-1","max-image-preview":"max-image-preview:large","max-video-preview":"max-video-preview:-1"},"canonical":"https:\/\/guaruja.org.br\/aguaviva\/guaruja-prorroga-prazo-de-debate-da-proposta-do-plano-diretor-para-30-de-julho\/","og_locale":"pt_BR","og_type":"article","og_title":"Guaruj\u00e1 prorroga prazo de debate da proposta do Plano Diretor para 30 de julho","og_description":"Toda a sociedade pode encaminhar d\u00favidas e sugest\u00f5es sobre o&nbsp;assunto; material completo est\u00e1 dispon\u00edvel no site da Prefeitura A Prefeitura de Guaruj\u00e1 receber\u00e1, at\u00e9 o dia 30 de julho, a contribui\u00e7\u00e3o popular para a proposta de revis\u00e3o do Plano Diretor e da Lei de Uso e Ocupa\u00e7\u00e3o de Solo. Inicialmente, o prazo terminaria nesta quinta-feira [&hellip;]","og_url":"https:\/\/guaruja.org.br\/aguaviva\/guaruja-prorroga-prazo-de-debate-da-proposta-do-plano-diretor-para-30-de-julho\/","og_site_name":"AGUAVIVA","article_publisher":"https:\/\/www.facebook.com\/guarujaaguaviva","article_published_time":"2023-07-05T17:28:46+00:00","article_modified_time":"2023-07-05T17:28:50+00:00","og_image":[{"width":1536,"height":864,"url":"https:\/\/guaruja.org.br\/aguaviva\/wp-content\/uploads\/2023\/07\/PLANO-DIRETOR-foto.jpg","type":"image\/jpeg"}],"author":"morgana","twitter_card":"summary_large_image","twitter_misc":{"Escrito por":"morgana","Est. tempo de leitura":"2 minutos"},"schema":{"@context":"https:\/\/schema.org","@graph":[{"@type":"Article","@id":"https:\/\/guaruja.org.br\/aguaviva\/guaruja-prorroga-prazo-de-debate-da-proposta-do-plano-diretor-para-30-de-julho\/#article","isPartOf":{"@id":"https:\/\/guaruja.org.br\/aguaviva\/guaruja-prorroga-prazo-de-debate-da-proposta-do-plano-diretor-para-30-de-julho\/"},"author":{"name":"morgana","@id":"https:\/\/guaruja.org.br\/aguaviva\/#\/schema\/person\/9eebcb3a8418982418c00d543a25aee4"},"headline":"Guaruj\u00e1 prorroga prazo de debate da proposta do Plano Diretor para 30 de julho","datePublished":"2023-07-05T17:28:46+00:00","dateModified":"2023-07-05T17:28:50+00:00","mainEntityOfPage":{"@id":"https:\/\/guaruja.org.br\/aguaviva\/guaruja-prorroga-prazo-de-debate-da-proposta-do-plano-diretor-para-30-de-julho\/"},"wordCount":390,"publisher":{"@id":"https:\/\/guaruja.org.br\/aguaviva\/#organization"},"image":{"@id":"https:\/\/guaruja.org.br\/aguaviva\/guaruja-prorroga-prazo-de-debate-da-proposta-do-plano-diretor-para-30-de-julho\/#primaryimage"},"thumbnailUrl":"https:\/\/guaruja.org.br\/aguaviva\/wp-content\/uploads\/2023\/07\/PLANO-DIRETOR-foto.jpg","keywords":["aguaviva","comunidadescai\u00e7aras","conselhotecnologico","guaruj\u00e1","guaruja"],"articleSection":["Not\u00edcias da Cidade e Baixada Santista"],"inLanguage":"pt-BR"},{"@type":"WebPage","@id":"https:\/\/guaruja.org.br\/aguaviva\/guaruja-prorroga-prazo-de-debate-da-proposta-do-plano-diretor-para-30-de-julho\/","url":"https:\/\/guaruja.org.br\/aguaviva\/guaruja-prorroga-prazo-de-debate-da-proposta-do-plano-diretor-para-30-de-julho\/","name":"Guaruj\u00e1 prorroga prazo de debate da proposta do Plano Diretor para 30 de julho - AGUAVIVA","isPartOf":{"@id":"https:\/\/guaruja.org.br\/aguaviva\/#website"},"primaryImageOfPage":{"@id":"https:\/\/guaruja.org.br\/aguaviva\/guaruja-prorroga-prazo-de-debate-da-proposta-do-plano-diretor-para-30-de-julho\/#primaryimage"},"image":{"@id":"https:\/\/guaruja.org.br\/aguaviva\/guaruja-prorroga-prazo-de-debate-da-proposta-do-plano-diretor-para-30-de-julho\/#primaryimage"},"thumbnailUrl":"https:\/\/guaruja.org.br\/aguaviva\/wp-content\/uploads\/2023\/07\/PLANO-DIRETOR-foto.jpg","datePublished":"2023-07-05T17:28:46+00:00","dateModified":"2023-07-05T17:28:50+00:00","breadcrumb":{"@id":"https:\/\/guaruja.org.br\/aguaviva\/guaruja-prorroga-prazo-de-debate-da-proposta-do-plano-diretor-para-30-de-julho\/#breadcrumb"},"inLanguage":"pt-BR","potentialAction":[{"@type":"ReadAction","target":["https:\/\/guaruja.org.br\/aguaviva\/guaruja-prorroga-prazo-de-debate-da-proposta-do-plano-diretor-para-30-de-julho\/"]}]},{"@type":"ImageObject","inLanguage":"pt-BR","@id":"https:\/\/guaruja.org.br\/aguaviva\/guaruja-prorroga-prazo-de-debate-da-proposta-do-plano-diretor-para-30-de-julho\/#primaryimage","url":"https:\/\/guaruja.org.br\/aguaviva\/wp-content\/uploads\/2023\/07\/PLANO-DIRETOR-foto.jpg","contentUrl":"https:\/\/guaruja.org.br\/aguaviva\/wp-content\/uploads\/2023\/07\/PLANO-DIRETOR-foto.jpg","width":1536,"height":864},{"@type":"BreadcrumbList","@id":"https:\/\/guaruja.org.br\/aguaviva\/guaruja-prorroga-prazo-de-debate-da-proposta-do-plano-diretor-para-30-de-julho\/#breadcrumb","itemListElement":[{"@type":"ListItem","position":1,"name":"In\u00edcio","item":"https:\/\/guaruja.org.br\/aguaviva\/"},{"@type":"ListItem","position":2,"name":"Guaruj\u00e1 prorroga prazo de debate da proposta do Plano Diretor para 30 de julho"}]},{"@type":"WebSite","@id":"https:\/\/guaruja.org.br\/aguaviva\/#website","url":"https:\/\/guaruja.org.br\/aguaviva\/","name":"AGUAVIVA","description":"Associa\u00e7\u00e3o Guaruj\u00e1 Viva","publisher":{"@id":"https:\/\/guaruja.org.br\/aguaviva\/#organization"},"alternateName":"AGUAVIVA","potentialAction":[{"@type":"SearchAction","target":{"@type":"EntryPoint","urlTemplate":"https:\/\/guaruja.org.br\/aguaviva\/?s={search_term_string}"},"query-input":{"@type":"PropertyValueSpecification","valueRequired":true,"valueName":"search_term_string"}}],"inLanguage":"pt-BR"},{"@type":"Organization","@id":"https:\/\/guaruja.org.br\/aguaviva\/#organization","name":"AGUAVIVA","alternateName":"AGUAVIVA","url":"https:\/\/guaruja.org.br\/aguaviva\/","logo":{"@type":"ImageObject","inLanguage":"pt-BR","@id":"https:\/\/guaruja.org.br\/aguaviva\/#\/schema\/logo\/image\/","url":"https:\/\/guaruja.org.br\/aguaviva\/wp-content\/uploads\/2025\/03\/logo-aguaviva-horizontal.png","contentUrl":"https:\/\/guaruja.org.br\/aguaviva\/wp-content\/uploads\/2025\/03\/logo-aguaviva-horizontal.png","width":3280,"height":1080,"caption":"AGUAVIVA"},"image":{"@id":"https:\/\/guaruja.org.br\/aguaviva\/#\/schema\/logo\/image\/"},"sameAs":["https:\/\/www.facebook.com\/guarujaaguaviva","https:\/\/www.instagram.com\/aguavivaguaruja\/"]},{"@type":"Person","@id":"https:\/\/guaruja.org.br\/aguaviva\/#\/schema\/person\/9eebcb3a8418982418c00d543a25aee4","name":"morgana","sameAs":["https:\/\/guaruja.org.br\/aguaviva-02"],"url":"https:\/\/guaruja.org.br\/aguaviva\/author\/morgana\/"}]}},"_links":{"self":[{"href":"https:\/\/guaruja.org.br\/aguaviva\/wp-json\/wp\/v2\/posts\/731","targetHints":{"allow":["GET"]}}],"collection":[{"href":"https:\/\/guaruja.org.br\/aguaviva\/wp-json\/wp\/v2\/posts"}],"about":[{"href":"https:\/\/guaruja.org.br\/aguaviva\/wp-json\/wp\/v2\/types\/post"}],"author":[{"embeddable":true,"href":"https:\/\/guaruja.org.br\/aguaviva\/wp-json\/wp\/v2\/users\/1"}],"replies":[{"embeddable":true,"href":"https:\/\/guaruja.org.br\/aguaviva\/wp-json\/wp\/v2\/comments?post=731"}],"version-history":[{"count":1,"href":"https:\/\/guaruja.org.br\/aguaviva\/wp-json\/wp\/v2\/posts\/731\/revisions"}],"predecessor-version":[{"id":733,"href":"https:\/\/guaruja.org.br\/aguaviva\/wp-json\/wp\/v2\/posts\/731\/revisions\/733"}],"wp:featuredmedia":[{"embeddable":true,"href":"https:\/\/guaruja.org.br\/aguaviva\/wp-json\/wp\/v2\/media\/732"}],"wp:attachment":[{"href":"https:\/\/guaruja.org.br\/aguaviva\/wp-json\/wp\/v2\/media?parent=731"}],"wp:term":[{"taxonomy":"category","embeddable":true,"href":"https:\/\/guaruja.org.br\/aguaviva\/wp-json\/wp\/v2\/categories?post=731"},{"taxonomy":"post_tag","embeddable":true,"href":"https:\/\/guaruja.org.br\/aguaviva\/wp-json\/wp\/v2\/tags?post=731"}],"curies":[{"name":"wp","href":"https:\/\/api.w.org\/{rel}","templated":true}]}}