{"id":851,"date":"2023-07-10T12:22:04","date_gmt":"2023-07-10T15:22:04","guid":{"rendered":"https:\/\/guaruja.org.br\/aguaviva\/?p=851"},"modified":"2023-07-10T12:22:14","modified_gmt":"2023-07-10T15:22:14","slug":"ministerio-publico-cobra-prefeitura-de-guaruja-por-plano-diretor","status":"publish","type":"post","link":"https:\/\/guaruja.org.br\/aguaviva\/ministerio-publico-cobra-prefeitura-de-guaruja-por-plano-diretor\/","title":{"rendered":"Minist\u00e9rio P\u00fablico cobra Prefeitura de Guaruj\u00e1 por Plano Diretor"},"content":{"rendered":"\n<p>O MP-SP quer saber sobre a altera\u00e7\u00e3o do macrozoneamento, do gabarito de cada bairro<\/p>\n\n\n\n<p>A Prefeitura de Guaruj\u00e1 tem at\u00e9 o pr\u00f3ximo dia 17 para que apresente ao Minist\u00e9rio P\u00fablico do Estado de S\u00e3o Paulo (MP-SP) estudos t\u00e9cnicos que embasaram a fase diagn\u00f3stica e progn\u00f3stica que resultaram na elabora\u00e7\u00e3o das minutas de Lei de Revis\u00e3o do Plano Diretor e da Lei de Uso de Ocupa\u00e7\u00e3o do Solo.<\/p>\n\n\n\n<p>O MP-SP quer saber sobre a altera\u00e7\u00e3o do macrozoneamento; do gabarito de cada bairro, englobando a quest\u00e3o vi\u00e1ria (satura\u00e7\u00e3o vi\u00e1ria e transporte coletivo), sobre abastecimento de \u00e1gua, cobertura da rede de coleta de esgoto e drenagem; vantagens da expans\u00e3o vertical; fachada ativa; aumento do uso misto e outorga onerosa do direito de construir.<\/p>\n\n\n\n<p>Tamb\u00e9m quer saber sobre mobilidade urbana; sombreamento das praias e demais estudos realizados; a publicidade e acesso dos mencionados estudos t\u00e9cnicos \u00e0 sociedade; e ainda, caso os estudos n\u00e3o estejam dispon\u00edveis ou n\u00e3o tenham sido realizados, informe se haver\u00e1 suspens\u00e3o das audi\u00eancias p\u00fablicas a serem realizadas.<\/p>\n\n\n\n<p>A Promotoria salientou que o objetivo de existir coer\u00eancia do diagn\u00f3stico com os resultados pretendidos incluindo a sistematiza\u00e7\u00e3o e an\u00e1lise de informa\u00e7\u00f5es especializadas que contemplem aspectos urban\u00edsticos e ambientais e a proposta de revis\u00e3o apresentada pela Municipalidade n\u00e3o \u00e9 suficiente para demonstrar os fundamentos t\u00e9cnicos das altera\u00e7\u00f5es<br>pretendidas.<\/p>\n\n\n\n<h3 class=\"wp-block-heading\">ENTIDADES<\/h3>\n\n\n\n<p>A iniciativa do MP partiu depois que dezenas de representantes da sociedade civil organizada pediram dilata\u00e7\u00e3o do prazo para estudarem as minutas e se manifestarem sobre elas em audi\u00eancias p\u00fablicas. No \u00faltimo s\u00e1bado (8) \u00e0 tarde, por exemplo, na Pra\u00e7a Get\u00falio Vargas, a Sociedade Amigos do Guai\u00faba realizou uma manifesta\u00e7\u00e3o com intuito de ser ouvida.<\/p>\n\n\n\n<p>A Sociedade Amigos do bairro Praia Pernambuco lan\u00e7ou um abaixo-assinado alertando que &#8220;as propostas ter\u00e3o um impacto contr\u00e1rio ao que a popula\u00e7\u00e3o quer e ser\u00e3o irrevers\u00edveis em toda a cidade. N\u00e3o temos \u00e1gua, nem saneamento suficiente&#8221;, dispara Sociedade, que articula junto a diversos \u00f3rg\u00e3os uma &#8216;resist\u00eancia fundamentada&#8217;.<\/p>\n\n\n\n<h3 class=\"wp-block-heading\">PREFEITURA.<\/h3>\n\n\n\n<p>A Prefeitura de Guaruj\u00e1 garante que vai manter as quatro audi\u00eancias p\u00fablicas de agosto e, por interm\u00e9dio da superintendente de Planejamento, a arquiteta e urbanista Caroline Moreira, e do secret\u00e1rio de Desenvolvimento Econ\u00f4mico e Portu\u00e1rio, o arquiteto e urbanista Adalberto Ferreira, informa que a Administra\u00e7\u00e3o cumprir\u00e1 o prazo determinado pelo MP.<\/p>\n\n\n\n<p>Sobre algumas d\u00favidas do MP, alertam que ser\u00e3o criadas faixas restritivas, considerando aproxima\u00e7\u00e3o do aeroporto, faixas de praia, prote\u00e7\u00e3o de tombamento e outros.<\/p>\n\n\n\n<p>&#8220;\u00c9 natural que, nas revis\u00f5es de planos diretores, altera\u00e7\u00f5es sejam compostas, com instrumentos mais modernos e respeitando o Estatuto das Cidades, para absorver novas circunst\u00e2ncias da evolu\u00e7\u00e3o, da din\u00e2mica da cidade&#8221;, afirma Ferreira.<\/p>\n\n\n\n<p>A quest\u00e3o da mobilidade e acessibilidade urbanas, segundos os t\u00e9cnicos, est\u00e1 sendo readequada baseada em estudos de mais de 10 anos, apontando a necessidade de minimizar gargalos vi\u00e1rios.<\/p>\n\n\n\n<p>Com rela\u00e7\u00e3o ao saneamento b\u00e1sico, a preocupa\u00e7\u00e3o \u00e9 todo o empreendimento novo seja submetido \u00e0 aprova\u00e7\u00e3o da concession\u00e1ria, no caso, a Companhia de Saneamento B\u00e1sico do Estado de S\u00e3o Paulo (Sabesp), para ver se a rede suporta.<\/p>\n\n\n\n<p>Os t\u00e9cnicos acreditam que a verticaliza\u00e7\u00e3o proposta vai criar faixas ativas, que gerar\u00e3o \u00e1reas comuns, novos com\u00e9rcios, postos de trabalho e seguran\u00e7a, al\u00e9m de economia de estrutura urbana e recursos p\u00fablicos, evitando a ocupa\u00e7\u00e3o de \u00e1reas ambientalmente<br>sens\u00edveis.<\/p>\n\n\n\n<p>&#8220;Vai promover menor deslocamento e qualidade de vida \u00e0s pessoas&#8221;, afirma Caroline. Os t\u00e9cnicos da Prefeitura de Guaruj\u00e1 tranquilizam garantindo que os novos pr\u00e9dios n\u00e3o impediram o sol nas faixas das praias de Guaruj\u00e1.<\/p>\n\n\n\n<p>Leia mais em: https:\/\/www.diariodolitoral.com.br\/guaruja\/ministerio-publico-cobra-prefeitura-de-guaruja-por-plano-diretor\/170505\/?fbclid=IwAR0KtJqGUouwe7DWhWnji0smiMysV8sTsfLtFDEeVq29K8QL6vIcqz47aUo<\/p>\n\n\n\n<p><\/p>\n\n\n\n<p><\/p>\n","protected":false},"excerpt":{"rendered":"<p>O MP-SP quer saber sobre a altera\u00e7\u00e3o do macrozoneamento, do gabarito de cada bairro A Prefeitura de Guaruj\u00e1 tem at\u00e9 o pr\u00f3ximo dia 17 para que apresente ao Minist\u00e9rio P\u00fablico do Estado de S\u00e3o Paulo (MP-SP) estudos t\u00e9cnicos que embasaram a fase diagn\u00f3stica e progn\u00f3stica que resultaram na elabora\u00e7\u00e3o das minutas de Lei de Revis\u00e3o [&hellip;]<\/p>\n","protected":false},"author":1,"featured_media":852,"comment_status":"closed","ping_status":"closed","sticky":false,"template":"","format":"standard","meta":{"footnotes":""},"categories":[10],"tags":[20],"class_list":["post-851","post","type-post","status-publish","format-standard","has-post-thumbnail","hentry","category-noticia-da-cidade-e-baixada-santista","tag-guaruja-2"],"yoast_head":"<!-- This site is optimized with the Yoast SEO Premium plugin v26.7 (Yoast SEO v26.7) - https:\/\/yoast.com\/wordpress\/plugins\/seo\/ -->\n<title>Minist\u00e9rio P\u00fablico cobra Prefeitura de Guaruj\u00e1 por Plano Diretor - AGUAVIVA<\/title>\n<meta name=\"robots\" content=\"index, follow, max-snippet:-1, max-image-preview:large, max-video-preview:-1\" \/>\n<link rel=\"canonical\" href=\"https:\/\/guaruja.org.br\/aguaviva\/ministerio-publico-cobra-prefeitura-de-guaruja-por-plano-diretor\/\" \/>\n<meta property=\"og:locale\" content=\"pt_BR\" \/>\n<meta property=\"og:type\" content=\"article\" \/>\n<meta property=\"og:title\" content=\"Minist\u00e9rio P\u00fablico cobra Prefeitura de Guaruj\u00e1 por Plano Diretor\" \/>\n<meta property=\"og:description\" content=\"O MP-SP quer saber sobre a altera\u00e7\u00e3o do macrozoneamento, do gabarito de cada bairro A Prefeitura de Guaruj\u00e1 tem at\u00e9 o pr\u00f3ximo dia 17 para que apresente ao Minist\u00e9rio P\u00fablico do Estado de S\u00e3o Paulo (MP-SP) estudos t\u00e9cnicos que embasaram a fase diagn\u00f3stica e progn\u00f3stica que resultaram na elabora\u00e7\u00e3o das minutas de Lei de Revis\u00e3o [&hellip;]\" \/>\n<meta property=\"og:url\" content=\"https:\/\/guaruja.org.br\/aguaviva\/ministerio-publico-cobra-prefeitura-de-guaruja-por-plano-diretor\/\" \/>\n<meta property=\"og:site_name\" content=\"AGUAVIVA\" \/>\n<meta property=\"article:publisher\" content=\"https:\/\/www.facebook.com\/guarujaaguaviva\" \/>\n<meta property=\"article:published_time\" content=\"2023-07-10T15:22:04+00:00\" \/>\n<meta property=\"article:modified_time\" content=\"2023-07-10T15:22:14+00:00\" \/>\n<meta property=\"og:image\" content=\"https:\/\/guaruja.org.br\/aguaviva\/wp-content\/uploads\/2023\/07\/guaruja-1.jpg\" \/>\n\t<meta property=\"og:image:width\" content=\"800\" \/>\n\t<meta property=\"og:image:height\" content=\"451\" \/>\n\t<meta property=\"og:image:type\" content=\"image\/jpeg\" \/>\n<meta name=\"author\" content=\"morgana\" \/>\n<meta name=\"twitter:card\" content=\"summary_large_image\" \/>\n<meta name=\"twitter:label1\" content=\"Escrito por\" \/>\n\t<meta name=\"twitter:data1\" content=\"morgana\" \/>\n\t<meta name=\"twitter:label2\" content=\"Est. tempo de leitura\" \/>\n\t<meta name=\"twitter:data2\" content=\"4 minutos\" \/>\n<script type=\"application\/ld+json\" class=\"yoast-schema-graph\">{\"@context\":\"https:\/\/schema.org\",\"@graph\":[{\"@type\":\"Article\",\"@id\":\"https:\/\/guaruja.org.br\/aguaviva\/ministerio-publico-cobra-prefeitura-de-guaruja-por-plano-diretor\/#article\",\"isPartOf\":{\"@id\":\"https:\/\/guaruja.org.br\/aguaviva\/ministerio-publico-cobra-prefeitura-de-guaruja-por-plano-diretor\/\"},\"author\":{\"name\":\"morgana\",\"@id\":\"https:\/\/guaruja.org.br\/aguaviva\/#\/schema\/person\/9eebcb3a8418982418c00d543a25aee4\"},\"headline\":\"Minist\u00e9rio P\u00fablico cobra Prefeitura de Guaruj\u00e1 por Plano Diretor\",\"datePublished\":\"2023-07-10T15:22:04+00:00\",\"dateModified\":\"2023-07-10T15:22:14+00:00\",\"mainEntityOfPage\":{\"@id\":\"https:\/\/guaruja.org.br\/aguaviva\/ministerio-publico-cobra-prefeitura-de-guaruja-por-plano-diretor\/\"},\"wordCount\":672,\"publisher\":{\"@id\":\"https:\/\/guaruja.org.br\/aguaviva\/#organization\"},\"image\":{\"@id\":\"https:\/\/guaruja.org.br\/aguaviva\/ministerio-publico-cobra-prefeitura-de-guaruja-por-plano-diretor\/#primaryimage\"},\"thumbnailUrl\":\"https:\/\/guaruja.org.br\/aguaviva\/wp-content\/uploads\/2023\/07\/guaruja-1.jpg\",\"keywords\":[\"guaruj\u00e1\"],\"articleSection\":[\"Not\u00edcias da Cidade e Baixada Santista\"],\"inLanguage\":\"pt-BR\"},{\"@type\":\"WebPage\",\"@id\":\"https:\/\/guaruja.org.br\/aguaviva\/ministerio-publico-cobra-prefeitura-de-guaruja-por-plano-diretor\/\",\"url\":\"https:\/\/guaruja.org.br\/aguaviva\/ministerio-publico-cobra-prefeitura-de-guaruja-por-plano-diretor\/\",\"name\":\"Minist\u00e9rio P\u00fablico cobra Prefeitura de Guaruj\u00e1 por Plano Diretor - AGUAVIVA\",\"isPartOf\":{\"@id\":\"https:\/\/guaruja.org.br\/aguaviva\/#website\"},\"primaryImageOfPage\":{\"@id\":\"https:\/\/guaruja.org.br\/aguaviva\/ministerio-publico-cobra-prefeitura-de-guaruja-por-plano-diretor\/#primaryimage\"},\"image\":{\"@id\":\"https:\/\/guaruja.org.br\/aguaviva\/ministerio-publico-cobra-prefeitura-de-guaruja-por-plano-diretor\/#primaryimage\"},\"thumbnailUrl\":\"https:\/\/guaruja.org.br\/aguaviva\/wp-content\/uploads\/2023\/07\/guaruja-1.jpg\",\"datePublished\":\"2023-07-10T15:22:04+00:00\",\"dateModified\":\"2023-07-10T15:22:14+00:00\",\"breadcrumb\":{\"@id\":\"https:\/\/guaruja.org.br\/aguaviva\/ministerio-publico-cobra-prefeitura-de-guaruja-por-plano-diretor\/#breadcrumb\"},\"inLanguage\":\"pt-BR\",\"potentialAction\":[{\"@type\":\"ReadAction\",\"target\":[\"https:\/\/guaruja.org.br\/aguaviva\/ministerio-publico-cobra-prefeitura-de-guaruja-por-plano-diretor\/\"]}]},{\"@type\":\"ImageObject\",\"inLanguage\":\"pt-BR\",\"@id\":\"https:\/\/guaruja.org.br\/aguaviva\/ministerio-publico-cobra-prefeitura-de-guaruja-por-plano-diretor\/#primaryimage\",\"url\":\"https:\/\/guaruja.org.br\/aguaviva\/wp-content\/uploads\/2023\/07\/guaruja-1.jpg\",\"contentUrl\":\"https:\/\/guaruja.org.br\/aguaviva\/wp-content\/uploads\/2023\/07\/guaruja-1.jpg\",\"width\":800,\"height\":451},{\"@type\":\"BreadcrumbList\",\"@id\":\"https:\/\/guaruja.org.br\/aguaviva\/ministerio-publico-cobra-prefeitura-de-guaruja-por-plano-diretor\/#breadcrumb\",\"itemListElement\":[{\"@type\":\"ListItem\",\"position\":1,\"name\":\"In\u00edcio\",\"item\":\"https:\/\/guaruja.org.br\/aguaviva\/\"},{\"@type\":\"ListItem\",\"position\":2,\"name\":\"Minist\u00e9rio P\u00fablico cobra Prefeitura de Guaruj\u00e1 por Plano Diretor\"}]},{\"@type\":\"WebSite\",\"@id\":\"https:\/\/guaruja.org.br\/aguaviva\/#website\",\"url\":\"https:\/\/guaruja.org.br\/aguaviva\/\",\"name\":\"AGUAVIVA\",\"description\":\"Associa\u00e7\u00e3o Guaruj\u00e1 Viva\",\"publisher\":{\"@id\":\"https:\/\/guaruja.org.br\/aguaviva\/#organization\"},\"alternateName\":\"AGUAVIVA\",\"potentialAction\":[{\"@type\":\"SearchAction\",\"target\":{\"@type\":\"EntryPoint\",\"urlTemplate\":\"https:\/\/guaruja.org.br\/aguaviva\/?s={search_term_string}\"},\"query-input\":{\"@type\":\"PropertyValueSpecification\",\"valueRequired\":true,\"valueName\":\"search_term_string\"}}],\"inLanguage\":\"pt-BR\"},{\"@type\":\"Organization\",\"@id\":\"https:\/\/guaruja.org.br\/aguaviva\/#organization\",\"name\":\"AGUAVIVA\",\"alternateName\":\"AGUAVIVA\",\"url\":\"https:\/\/guaruja.org.br\/aguaviva\/\",\"logo\":{\"@type\":\"ImageObject\",\"inLanguage\":\"pt-BR\",\"@id\":\"https:\/\/guaruja.org.br\/aguaviva\/#\/schema\/logo\/image\/\",\"url\":\"https:\/\/guaruja.org.br\/aguaviva\/wp-content\/uploads\/2025\/03\/logo-aguaviva-horizontal.png\",\"contentUrl\":\"https:\/\/guaruja.org.br\/aguaviva\/wp-content\/uploads\/2025\/03\/logo-aguaviva-horizontal.png\",\"width\":3280,\"height\":1080,\"caption\":\"AGUAVIVA\"},\"image\":{\"@id\":\"https:\/\/guaruja.org.br\/aguaviva\/#\/schema\/logo\/image\/\"},\"sameAs\":[\"https:\/\/www.facebook.com\/guarujaaguaviva\",\"https:\/\/www.instagram.com\/aguavivaguaruja\/\"]},{\"@type\":\"Person\",\"@id\":\"https:\/\/guaruja.org.br\/aguaviva\/#\/schema\/person\/9eebcb3a8418982418c00d543a25aee4\",\"name\":\"morgana\",\"sameAs\":[\"https:\/\/guaruja.org.br\/aguaviva-02\"],\"url\":\"https:\/\/guaruja.org.br\/aguaviva\/author\/morgana\/\"}]}<\/script>\n<!-- \/ Yoast SEO Premium plugin. -->","yoast_head_json":{"title":"Minist\u00e9rio P\u00fablico cobra Prefeitura de Guaruj\u00e1 por Plano Diretor - AGUAVIVA","robots":{"index":"index","follow":"follow","max-snippet":"max-snippet:-1","max-image-preview":"max-image-preview:large","max-video-preview":"max-video-preview:-1"},"canonical":"https:\/\/guaruja.org.br\/aguaviva\/ministerio-publico-cobra-prefeitura-de-guaruja-por-plano-diretor\/","og_locale":"pt_BR","og_type":"article","og_title":"Minist\u00e9rio P\u00fablico cobra Prefeitura de Guaruj\u00e1 por Plano Diretor","og_description":"O MP-SP quer saber sobre a altera\u00e7\u00e3o do macrozoneamento, do gabarito de cada bairro A Prefeitura de Guaruj\u00e1 tem at\u00e9 o pr\u00f3ximo dia 17 para que apresente ao Minist\u00e9rio P\u00fablico do Estado de S\u00e3o Paulo (MP-SP) estudos t\u00e9cnicos que embasaram a fase diagn\u00f3stica e progn\u00f3stica que resultaram na elabora\u00e7\u00e3o das minutas de Lei de Revis\u00e3o [&hellip;]","og_url":"https:\/\/guaruja.org.br\/aguaviva\/ministerio-publico-cobra-prefeitura-de-guaruja-por-plano-diretor\/","og_site_name":"AGUAVIVA","article_publisher":"https:\/\/www.facebook.com\/guarujaaguaviva","article_published_time":"2023-07-10T15:22:04+00:00","article_modified_time":"2023-07-10T15:22:14+00:00","og_image":[{"width":800,"height":451,"url":"https:\/\/guaruja.org.br\/aguaviva\/wp-content\/uploads\/2023\/07\/guaruja-1.jpg","type":"image\/jpeg"}],"author":"morgana","twitter_card":"summary_large_image","twitter_misc":{"Escrito por":"morgana","Est. tempo de leitura":"4 minutos"},"schema":{"@context":"https:\/\/schema.org","@graph":[{"@type":"Article","@id":"https:\/\/guaruja.org.br\/aguaviva\/ministerio-publico-cobra-prefeitura-de-guaruja-por-plano-diretor\/#article","isPartOf":{"@id":"https:\/\/guaruja.org.br\/aguaviva\/ministerio-publico-cobra-prefeitura-de-guaruja-por-plano-diretor\/"},"author":{"name":"morgana","@id":"https:\/\/guaruja.org.br\/aguaviva\/#\/schema\/person\/9eebcb3a8418982418c00d543a25aee4"},"headline":"Minist\u00e9rio P\u00fablico cobra Prefeitura de Guaruj\u00e1 por Plano Diretor","datePublished":"2023-07-10T15:22:04+00:00","dateModified":"2023-07-10T15:22:14+00:00","mainEntityOfPage":{"@id":"https:\/\/guaruja.org.br\/aguaviva\/ministerio-publico-cobra-prefeitura-de-guaruja-por-plano-diretor\/"},"wordCount":672,"publisher":{"@id":"https:\/\/guaruja.org.br\/aguaviva\/#organization"},"image":{"@id":"https:\/\/guaruja.org.br\/aguaviva\/ministerio-publico-cobra-prefeitura-de-guaruja-por-plano-diretor\/#primaryimage"},"thumbnailUrl":"https:\/\/guaruja.org.br\/aguaviva\/wp-content\/uploads\/2023\/07\/guaruja-1.jpg","keywords":["guaruj\u00e1"],"articleSection":["Not\u00edcias da Cidade e Baixada Santista"],"inLanguage":"pt-BR"},{"@type":"WebPage","@id":"https:\/\/guaruja.org.br\/aguaviva\/ministerio-publico-cobra-prefeitura-de-guaruja-por-plano-diretor\/","url":"https:\/\/guaruja.org.br\/aguaviva\/ministerio-publico-cobra-prefeitura-de-guaruja-por-plano-diretor\/","name":"Minist\u00e9rio P\u00fablico cobra Prefeitura de Guaruj\u00e1 por Plano Diretor - AGUAVIVA","isPartOf":{"@id":"https:\/\/guaruja.org.br\/aguaviva\/#website"},"primaryImageOfPage":{"@id":"https:\/\/guaruja.org.br\/aguaviva\/ministerio-publico-cobra-prefeitura-de-guaruja-por-plano-diretor\/#primaryimage"},"image":{"@id":"https:\/\/guaruja.org.br\/aguaviva\/ministerio-publico-cobra-prefeitura-de-guaruja-por-plano-diretor\/#primaryimage"},"thumbnailUrl":"https:\/\/guaruja.org.br\/aguaviva\/wp-content\/uploads\/2023\/07\/guaruja-1.jpg","datePublished":"2023-07-10T15:22:04+00:00","dateModified":"2023-07-10T15:22:14+00:00","breadcrumb":{"@id":"https:\/\/guaruja.org.br\/aguaviva\/ministerio-publico-cobra-prefeitura-de-guaruja-por-plano-diretor\/#breadcrumb"},"inLanguage":"pt-BR","potentialAction":[{"@type":"ReadAction","target":["https:\/\/guaruja.org.br\/aguaviva\/ministerio-publico-cobra-prefeitura-de-guaruja-por-plano-diretor\/"]}]},{"@type":"ImageObject","inLanguage":"pt-BR","@id":"https:\/\/guaruja.org.br\/aguaviva\/ministerio-publico-cobra-prefeitura-de-guaruja-por-plano-diretor\/#primaryimage","url":"https:\/\/guaruja.org.br\/aguaviva\/wp-content\/uploads\/2023\/07\/guaruja-1.jpg","contentUrl":"https:\/\/guaruja.org.br\/aguaviva\/wp-content\/uploads\/2023\/07\/guaruja-1.jpg","width":800,"height":451},{"@type":"BreadcrumbList","@id":"https:\/\/guaruja.org.br\/aguaviva\/ministerio-publico-cobra-prefeitura-de-guaruja-por-plano-diretor\/#breadcrumb","itemListElement":[{"@type":"ListItem","position":1,"name":"In\u00edcio","item":"https:\/\/guaruja.org.br\/aguaviva\/"},{"@type":"ListItem","position":2,"name":"Minist\u00e9rio P\u00fablico cobra Prefeitura de Guaruj\u00e1 por Plano Diretor"}]},{"@type":"WebSite","@id":"https:\/\/guaruja.org.br\/aguaviva\/#website","url":"https:\/\/guaruja.org.br\/aguaviva\/","name":"AGUAVIVA","description":"Associa\u00e7\u00e3o Guaruj\u00e1 Viva","publisher":{"@id":"https:\/\/guaruja.org.br\/aguaviva\/#organization"},"alternateName":"AGUAVIVA","potentialAction":[{"@type":"SearchAction","target":{"@type":"EntryPoint","urlTemplate":"https:\/\/guaruja.org.br\/aguaviva\/?s={search_term_string}"},"query-input":{"@type":"PropertyValueSpecification","valueRequired":true,"valueName":"search_term_string"}}],"inLanguage":"pt-BR"},{"@type":"Organization","@id":"https:\/\/guaruja.org.br\/aguaviva\/#organization","name":"AGUAVIVA","alternateName":"AGUAVIVA","url":"https:\/\/guaruja.org.br\/aguaviva\/","logo":{"@type":"ImageObject","inLanguage":"pt-BR","@id":"https:\/\/guaruja.org.br\/aguaviva\/#\/schema\/logo\/image\/","url":"https:\/\/guaruja.org.br\/aguaviva\/wp-content\/uploads\/2025\/03\/logo-aguaviva-horizontal.png","contentUrl":"https:\/\/guaruja.org.br\/aguaviva\/wp-content\/uploads\/2025\/03\/logo-aguaviva-horizontal.png","width":3280,"height":1080,"caption":"AGUAVIVA"},"image":{"@id":"https:\/\/guaruja.org.br\/aguaviva\/#\/schema\/logo\/image\/"},"sameAs":["https:\/\/www.facebook.com\/guarujaaguaviva","https:\/\/www.instagram.com\/aguavivaguaruja\/"]},{"@type":"Person","@id":"https:\/\/guaruja.org.br\/aguaviva\/#\/schema\/person\/9eebcb3a8418982418c00d543a25aee4","name":"morgana","sameAs":["https:\/\/guaruja.org.br\/aguaviva-02"],"url":"https:\/\/guaruja.org.br\/aguaviva\/author\/morgana\/"}]}},"_links":{"self":[{"href":"https:\/\/guaruja.org.br\/aguaviva\/wp-json\/wp\/v2\/posts\/851","targetHints":{"allow":["GET"]}}],"collection":[{"href":"https:\/\/guaruja.org.br\/aguaviva\/wp-json\/wp\/v2\/posts"}],"about":[{"href":"https:\/\/guaruja.org.br\/aguaviva\/wp-json\/wp\/v2\/types\/post"}],"author":[{"embeddable":true,"href":"https:\/\/guaruja.org.br\/aguaviva\/wp-json\/wp\/v2\/users\/1"}],"replies":[{"embeddable":true,"href":"https:\/\/guaruja.org.br\/aguaviva\/wp-json\/wp\/v2\/comments?post=851"}],"version-history":[{"count":1,"href":"https:\/\/guaruja.org.br\/aguaviva\/wp-json\/wp\/v2\/posts\/851\/revisions"}],"predecessor-version":[{"id":853,"href":"https:\/\/guaruja.org.br\/aguaviva\/wp-json\/wp\/v2\/posts\/851\/revisions\/853"}],"wp:featuredmedia":[{"embeddable":true,"href":"https:\/\/guaruja.org.br\/aguaviva\/wp-json\/wp\/v2\/media\/852"}],"wp:attachment":[{"href":"https:\/\/guaruja.org.br\/aguaviva\/wp-json\/wp\/v2\/media?parent=851"}],"wp:term":[{"taxonomy":"category","embeddable":true,"href":"https:\/\/guaruja.org.br\/aguaviva\/wp-json\/wp\/v2\/categories?post=851"},{"taxonomy":"post_tag","embeddable":true,"href":"https:\/\/guaruja.org.br\/aguaviva\/wp-json\/wp\/v2\/tags?post=851"}],"curies":[{"name":"wp","href":"https:\/\/api.w.org\/{rel}","templated":true}]}}