{"id":855,"date":"2023-07-13T09:16:26","date_gmt":"2023-07-13T12:16:26","guid":{"rendered":"https:\/\/guaruja.org.br\/aguaviva\/?p=855"},"modified":"2023-07-13T09:16:30","modified_gmt":"2023-07-13T12:16:30","slug":"porto-de-santos-alem-do-tempo-atual","status":"publish","type":"post","link":"https:\/\/guaruja.org.br\/aguaviva\/porto-de-santos-alem-do-tempo-atual\/","title":{"rendered":"Porto de Santos al\u00e9m do tempo atual"},"content":{"rendered":"\n<p><a href=\"https:\/\/portogente.com.br\/noticias\/dia-a-dia\/115495-porto-de-santos-alem-do-tempo-atual\" target=\"_blank\" rel=\"noreferrer noopener\">Editor Portogente13 de Julho de 2023 \u00e0s 00:07<\/a><\/p>\n\n\n\n<h4 class=\"wp-block-heading\"><em>O principal objetivo de um pa\u00eds consiste em proporcionar um padr\u00e3o de vida elevado e crescente para os cidad\u00e3os (Michael E. Porter)<\/em><\/h4>\n\n\n\n<p>No pr\u00f3ximo dia 25 de julho, quando o governador de S\u00e3o Paulo, Tarc\u00edsio de Freitas, estar\u00e1 recebendo as propostas para reconstruir a ponte dos Barreiros, sobre o rio Casqueiro e instalar nela linhas do ve\u00edculo leve sobre trilhos (VLT), a pauta Hidrovias J\u00e1! estar\u00e1 adiada para al\u00e9m dos pr\u00f3ximos dez anos. Sem responder \u00e0 demanda do jornalismo Portogente, sobre a posi\u00e7\u00e3o da autoridade portu\u00e1ria em rela\u00e7\u00e3o a essas obras do governo do Estado que ir\u00e3o impactar a rede de hidrovias portu\u00e1rias sonhada h\u00e1 muitos anos, o presidente da autoridade portu\u00e1ria, Anderson Pomini, n\u00e3o respondeu.<\/p>\n\n\n\n<p>A falta de percep\u00e7\u00e3o suficiente dos desafios que precisam ser superados, nesse programa de hidrovias nos rios em torno do Porto de Santos, torna improv\u00e1vel esse projeto. De pronto, \u00e9 preciso considerar uma nova poligonal do porto. Trata-se de uma \u00e1rea definida por interesse do porto, onde a autoridade portu\u00e1ria det\u00e9m o poder de administra\u00e7\u00e3o do porto p\u00fablico. Portanto, essas hidrovias n\u00e3o s\u00e3o a prioridade de um porto amea\u00e7ado pelo futuro dos grandes navios.<\/p>\n\n\n\n<p>Incrivelmente, a implanta\u00e7\u00e3o dessa rede hidrovi\u00e1ria ainda n\u00e3o se materializou, sequer no canal de Bertioga, por onde no final do s\u00e9culo XIX foi transportada em pequeno navio uma usina hidrel\u00e9trica, que at\u00e9 hoje gera energia para o Porto de Santos. Por outro lado, a administra\u00e7\u00e3o municipal de Bertioga, depois do prefeito Orlandini, n\u00e3o conseguiu perceber que existe atividade porto verde, de aplica\u00e7\u00e3o de tecnologia avan\u00e7ada. Uma miss\u00e3o da administra\u00e7\u00e3o portu\u00e1ria, demonstrar essa possibilidade e ampliar os neg\u00f3cios portu\u00e1rios.<\/p>\n\n\n\n<p>O fato da forma\u00e7\u00e3o do Pomini ser na \u00e1rea jur\u00eddica e nunca antes ele ter adentrado um porto, n\u00e3o invalida a possibilidade de ser um l\u00edder realizador, como presidente do principal porto do hemisf\u00e9rio sul, numa fase do Brasil de grandes realiza\u00e7\u00f5es. Raz\u00e3o esta que deve ter norteada a sua indica\u00e7\u00e3o. E a prioridade \u00e9 implantar o projeto Porto de Santos-2060, com efici\u00eancia. Uma proposta que atinge, no presente, a apoteose da grande obra dos Guinle no final do s\u00e9culo XIX.<\/p>\n\n\n\n<p>As profundas e \u00e1geis mudan\u00e7as que ocorrem no cen\u00e1rio internacional devem ter correspond\u00eancia no planejamento do Porto de Santos. Elas afetam os par\u00e2metros do com\u00e9rcio mar\u00edtimo, que atravessa os oceanos do planeta. O complexo portu\u00e1rio santista sensibiliza o projeto do presidente Lula de construir uma economia nacional robusta e um social de mais igualdade. Por isso, Porto de Santos-2060 precisa ser plural e proativo em v\u00e1rias frentes.<\/p>\n\n\n\n<p>Leia tamb\u00e9m: <a href=\"https:\/\/portogente.com.br\/noticias\/dia-a-dia\/115478-ministro-de-portos-quer-entregar-tunel-imerso-santos-guaruja-no-prazo\" target=\"_blank\" rel=\"noreferrer noopener\">Ministro de Portos quer entregar t\u00fanel imerso Santos-Guaruj\u00e1 no prazo<\/a>,<\/p>\n","protected":false},"excerpt":{"rendered":"<p>Editor Portogente13 de Julho de 2023 \u00e0s 00:07 O principal objetivo de um pa\u00eds consiste em proporcionar um padr\u00e3o de vida elevado e crescente para os cidad\u00e3os (Michael E. Porter) No pr\u00f3ximo dia 25 de julho, quando o governador de S\u00e3o Paulo, Tarc\u00edsio de Freitas, estar\u00e1 recebendo as propostas para reconstruir a ponte dos Barreiros, [&hellip;]<\/p>\n","protected":false},"author":1,"featured_media":856,"comment_status":"closed","ping_status":"closed","sticky":false,"template":"","format":"standard","meta":{"footnotes":""},"categories":[10],"tags":[40,47,39,45,43,42,46,44],"class_list":["post-855","post","type-post","status-publish","format-standard","has-post-thumbnail","hentry","category-noticia-da-cidade-e-baixada-santista","tag-bixada-santista","tag-governodoestadosp","tag-guaruja-3","tag-hidrovias","tag-portodesantos","tag-santos","tag-tunel","tag-vlt"],"yoast_head":"<!-- This site is optimized with the Yoast SEO Premium plugin v26.7 (Yoast SEO v26.7) - https:\/\/yoast.com\/wordpress\/plugins\/seo\/ -->\n<title>Porto de Santos al\u00e9m do tempo atual - AGUAVIVA<\/title>\n<meta name=\"robots\" content=\"index, follow, max-snippet:-1, max-image-preview:large, max-video-preview:-1\" \/>\n<link rel=\"canonical\" href=\"https:\/\/guaruja.org.br\/aguaviva\/porto-de-santos-alem-do-tempo-atual\/\" \/>\n<meta property=\"og:locale\" content=\"pt_BR\" \/>\n<meta property=\"og:type\" content=\"article\" \/>\n<meta property=\"og:title\" content=\"Porto de Santos al\u00e9m do tempo atual\" \/>\n<meta property=\"og:description\" content=\"Editor Portogente13 de Julho de 2023 \u00e0s 00:07 O principal objetivo de um pa\u00eds consiste em proporcionar um padr\u00e3o de vida elevado e crescente para os cidad\u00e3os (Michael E. Porter) No pr\u00f3ximo dia 25 de julho, quando o governador de S\u00e3o Paulo, Tarc\u00edsio de Freitas, estar\u00e1 recebendo as propostas para reconstruir a ponte dos Barreiros, [&hellip;]\" \/>\n<meta property=\"og:url\" content=\"https:\/\/guaruja.org.br\/aguaviva\/porto-de-santos-alem-do-tempo-atual\/\" \/>\n<meta property=\"og:site_name\" content=\"AGUAVIVA\" \/>\n<meta property=\"article:publisher\" content=\"https:\/\/www.facebook.com\/guarujaaguaviva\" \/>\n<meta property=\"article:published_time\" content=\"2023-07-13T12:16:26+00:00\" \/>\n<meta property=\"article:modified_time\" content=\"2023-07-13T12:16:30+00:00\" \/>\n<meta property=\"og:image\" content=\"https:\/\/guaruja.org.br\/aguaviva\/wp-content\/uploads\/2023\/07\/Design-sem-nome-14.png\" \/>\n\t<meta property=\"og:image:width\" content=\"1080\" \/>\n\t<meta property=\"og:image:height\" content=\"1080\" \/>\n\t<meta property=\"og:image:type\" content=\"image\/png\" \/>\n<meta name=\"author\" content=\"morgana\" \/>\n<meta name=\"twitter:card\" content=\"summary_large_image\" \/>\n<meta name=\"twitter:label1\" content=\"Escrito por\" \/>\n\t<meta name=\"twitter:data1\" content=\"morgana\" \/>\n\t<meta name=\"twitter:label2\" content=\"Est. tempo de leitura\" \/>\n\t<meta name=\"twitter:data2\" content=\"3 minutos\" \/>\n<script type=\"application\/ld+json\" class=\"yoast-schema-graph\">{\"@context\":\"https:\/\/schema.org\",\"@graph\":[{\"@type\":\"Article\",\"@id\":\"https:\/\/guaruja.org.br\/aguaviva\/porto-de-santos-alem-do-tempo-atual\/#article\",\"isPartOf\":{\"@id\":\"https:\/\/guaruja.org.br\/aguaviva\/porto-de-santos-alem-do-tempo-atual\/\"},\"author\":{\"name\":\"morgana\",\"@id\":\"https:\/\/guaruja.org.br\/aguaviva\/#\/schema\/person\/9eebcb3a8418982418c00d543a25aee4\"},\"headline\":\"Porto de Santos al\u00e9m do tempo atual\",\"datePublished\":\"2023-07-13T12:16:26+00:00\",\"dateModified\":\"2023-07-13T12:16:30+00:00\",\"mainEntityOfPage\":{\"@id\":\"https:\/\/guaruja.org.br\/aguaviva\/porto-de-santos-alem-do-tempo-atual\/\"},\"wordCount\":497,\"publisher\":{\"@id\":\"https:\/\/guaruja.org.br\/aguaviva\/#organization\"},\"image\":{\"@id\":\"https:\/\/guaruja.org.br\/aguaviva\/porto-de-santos-alem-do-tempo-atual\/#primaryimage\"},\"thumbnailUrl\":\"https:\/\/guaruja.org.br\/aguaviva\/wp-content\/uploads\/2023\/07\/Design-sem-nome-14.png\",\"keywords\":[\"BIXADA SANTISTA\",\"GOVERNODOESTADOSP\",\"GUARUJ\u00c1\",\"HIDROVIAS\",\"PORTODESANTOS\",\"SANTOS\",\"T\u00daNEL\",\"VLT\"],\"articleSection\":[\"Not\u00edcias da Cidade e Baixada Santista\"],\"inLanguage\":\"pt-BR\"},{\"@type\":\"WebPage\",\"@id\":\"https:\/\/guaruja.org.br\/aguaviva\/porto-de-santos-alem-do-tempo-atual\/\",\"url\":\"https:\/\/guaruja.org.br\/aguaviva\/porto-de-santos-alem-do-tempo-atual\/\",\"name\":\"Porto de Santos al\u00e9m do tempo atual - AGUAVIVA\",\"isPartOf\":{\"@id\":\"https:\/\/guaruja.org.br\/aguaviva\/#website\"},\"primaryImageOfPage\":{\"@id\":\"https:\/\/guaruja.org.br\/aguaviva\/porto-de-santos-alem-do-tempo-atual\/#primaryimage\"},\"image\":{\"@id\":\"https:\/\/guaruja.org.br\/aguaviva\/porto-de-santos-alem-do-tempo-atual\/#primaryimage\"},\"thumbnailUrl\":\"https:\/\/guaruja.org.br\/aguaviva\/wp-content\/uploads\/2023\/07\/Design-sem-nome-14.png\",\"datePublished\":\"2023-07-13T12:16:26+00:00\",\"dateModified\":\"2023-07-13T12:16:30+00:00\",\"breadcrumb\":{\"@id\":\"https:\/\/guaruja.org.br\/aguaviva\/porto-de-santos-alem-do-tempo-atual\/#breadcrumb\"},\"inLanguage\":\"pt-BR\",\"potentialAction\":[{\"@type\":\"ReadAction\",\"target\":[\"https:\/\/guaruja.org.br\/aguaviva\/porto-de-santos-alem-do-tempo-atual\/\"]}]},{\"@type\":\"ImageObject\",\"inLanguage\":\"pt-BR\",\"@id\":\"https:\/\/guaruja.org.br\/aguaviva\/porto-de-santos-alem-do-tempo-atual\/#primaryimage\",\"url\":\"https:\/\/guaruja.org.br\/aguaviva\/wp-content\/uploads\/2023\/07\/Design-sem-nome-14.png\",\"contentUrl\":\"https:\/\/guaruja.org.br\/aguaviva\/wp-content\/uploads\/2023\/07\/Design-sem-nome-14.png\",\"width\":1080,\"height\":1080},{\"@type\":\"BreadcrumbList\",\"@id\":\"https:\/\/guaruja.org.br\/aguaviva\/porto-de-santos-alem-do-tempo-atual\/#breadcrumb\",\"itemListElement\":[{\"@type\":\"ListItem\",\"position\":1,\"name\":\"In\u00edcio\",\"item\":\"https:\/\/guaruja.org.br\/aguaviva\/\"},{\"@type\":\"ListItem\",\"position\":2,\"name\":\"Porto de Santos al\u00e9m do tempo atual\"}]},{\"@type\":\"WebSite\",\"@id\":\"https:\/\/guaruja.org.br\/aguaviva\/#website\",\"url\":\"https:\/\/guaruja.org.br\/aguaviva\/\",\"name\":\"AGUAVIVA\",\"description\":\"Associa\u00e7\u00e3o Guaruj\u00e1 Viva\",\"publisher\":{\"@id\":\"https:\/\/guaruja.org.br\/aguaviva\/#organization\"},\"alternateName\":\"AGUAVIVA\",\"potentialAction\":[{\"@type\":\"SearchAction\",\"target\":{\"@type\":\"EntryPoint\",\"urlTemplate\":\"https:\/\/guaruja.org.br\/aguaviva\/?s={search_term_string}\"},\"query-input\":{\"@type\":\"PropertyValueSpecification\",\"valueRequired\":true,\"valueName\":\"search_term_string\"}}],\"inLanguage\":\"pt-BR\"},{\"@type\":\"Organization\",\"@id\":\"https:\/\/guaruja.org.br\/aguaviva\/#organization\",\"name\":\"AGUAVIVA\",\"alternateName\":\"AGUAVIVA\",\"url\":\"https:\/\/guaruja.org.br\/aguaviva\/\",\"logo\":{\"@type\":\"ImageObject\",\"inLanguage\":\"pt-BR\",\"@id\":\"https:\/\/guaruja.org.br\/aguaviva\/#\/schema\/logo\/image\/\",\"url\":\"https:\/\/guaruja.org.br\/aguaviva\/wp-content\/uploads\/2025\/03\/logo-aguaviva-horizontal.png\",\"contentUrl\":\"https:\/\/guaruja.org.br\/aguaviva\/wp-content\/uploads\/2025\/03\/logo-aguaviva-horizontal.png\",\"width\":3280,\"height\":1080,\"caption\":\"AGUAVIVA\"},\"image\":{\"@id\":\"https:\/\/guaruja.org.br\/aguaviva\/#\/schema\/logo\/image\/\"},\"sameAs\":[\"https:\/\/www.facebook.com\/guarujaaguaviva\",\"https:\/\/www.instagram.com\/aguavivaguaruja\/\"]},{\"@type\":\"Person\",\"@id\":\"https:\/\/guaruja.org.br\/aguaviva\/#\/schema\/person\/9eebcb3a8418982418c00d543a25aee4\",\"name\":\"morgana\",\"sameAs\":[\"https:\/\/guaruja.org.br\/aguaviva-02\"],\"url\":\"https:\/\/guaruja.org.br\/aguaviva\/author\/morgana\/\"}]}<\/script>\n<!-- \/ Yoast SEO Premium plugin. -->","yoast_head_json":{"title":"Porto de Santos al\u00e9m do tempo atual - AGUAVIVA","robots":{"index":"index","follow":"follow","max-snippet":"max-snippet:-1","max-image-preview":"max-image-preview:large","max-video-preview":"max-video-preview:-1"},"canonical":"https:\/\/guaruja.org.br\/aguaviva\/porto-de-santos-alem-do-tempo-atual\/","og_locale":"pt_BR","og_type":"article","og_title":"Porto de Santos al\u00e9m do tempo atual","og_description":"Editor Portogente13 de Julho de 2023 \u00e0s 00:07 O principal objetivo de um pa\u00eds consiste em proporcionar um padr\u00e3o de vida elevado e crescente para os cidad\u00e3os (Michael E. Porter) No pr\u00f3ximo dia 25 de julho, quando o governador de S\u00e3o Paulo, Tarc\u00edsio de Freitas, estar\u00e1 recebendo as propostas para reconstruir a ponte dos Barreiros, [&hellip;]","og_url":"https:\/\/guaruja.org.br\/aguaviva\/porto-de-santos-alem-do-tempo-atual\/","og_site_name":"AGUAVIVA","article_publisher":"https:\/\/www.facebook.com\/guarujaaguaviva","article_published_time":"2023-07-13T12:16:26+00:00","article_modified_time":"2023-07-13T12:16:30+00:00","og_image":[{"width":1080,"height":1080,"url":"https:\/\/guaruja.org.br\/aguaviva\/wp-content\/uploads\/2023\/07\/Design-sem-nome-14.png","type":"image\/png"}],"author":"morgana","twitter_card":"summary_large_image","twitter_misc":{"Escrito por":"morgana","Est. tempo de leitura":"3 minutos"},"schema":{"@context":"https:\/\/schema.org","@graph":[{"@type":"Article","@id":"https:\/\/guaruja.org.br\/aguaviva\/porto-de-santos-alem-do-tempo-atual\/#article","isPartOf":{"@id":"https:\/\/guaruja.org.br\/aguaviva\/porto-de-santos-alem-do-tempo-atual\/"},"author":{"name":"morgana","@id":"https:\/\/guaruja.org.br\/aguaviva\/#\/schema\/person\/9eebcb3a8418982418c00d543a25aee4"},"headline":"Porto de Santos al\u00e9m do tempo atual","datePublished":"2023-07-13T12:16:26+00:00","dateModified":"2023-07-13T12:16:30+00:00","mainEntityOfPage":{"@id":"https:\/\/guaruja.org.br\/aguaviva\/porto-de-santos-alem-do-tempo-atual\/"},"wordCount":497,"publisher":{"@id":"https:\/\/guaruja.org.br\/aguaviva\/#organization"},"image":{"@id":"https:\/\/guaruja.org.br\/aguaviva\/porto-de-santos-alem-do-tempo-atual\/#primaryimage"},"thumbnailUrl":"https:\/\/guaruja.org.br\/aguaviva\/wp-content\/uploads\/2023\/07\/Design-sem-nome-14.png","keywords":["BIXADA SANTISTA","GOVERNODOESTADOSP","GUARUJ\u00c1","HIDROVIAS","PORTODESANTOS","SANTOS","T\u00daNEL","VLT"],"articleSection":["Not\u00edcias da Cidade e Baixada Santista"],"inLanguage":"pt-BR"},{"@type":"WebPage","@id":"https:\/\/guaruja.org.br\/aguaviva\/porto-de-santos-alem-do-tempo-atual\/","url":"https:\/\/guaruja.org.br\/aguaviva\/porto-de-santos-alem-do-tempo-atual\/","name":"Porto de Santos al\u00e9m do tempo atual - AGUAVIVA","isPartOf":{"@id":"https:\/\/guaruja.org.br\/aguaviva\/#website"},"primaryImageOfPage":{"@id":"https:\/\/guaruja.org.br\/aguaviva\/porto-de-santos-alem-do-tempo-atual\/#primaryimage"},"image":{"@id":"https:\/\/guaruja.org.br\/aguaviva\/porto-de-santos-alem-do-tempo-atual\/#primaryimage"},"thumbnailUrl":"https:\/\/guaruja.org.br\/aguaviva\/wp-content\/uploads\/2023\/07\/Design-sem-nome-14.png","datePublished":"2023-07-13T12:16:26+00:00","dateModified":"2023-07-13T12:16:30+00:00","breadcrumb":{"@id":"https:\/\/guaruja.org.br\/aguaviva\/porto-de-santos-alem-do-tempo-atual\/#breadcrumb"},"inLanguage":"pt-BR","potentialAction":[{"@type":"ReadAction","target":["https:\/\/guaruja.org.br\/aguaviva\/porto-de-santos-alem-do-tempo-atual\/"]}]},{"@type":"ImageObject","inLanguage":"pt-BR","@id":"https:\/\/guaruja.org.br\/aguaviva\/porto-de-santos-alem-do-tempo-atual\/#primaryimage","url":"https:\/\/guaruja.org.br\/aguaviva\/wp-content\/uploads\/2023\/07\/Design-sem-nome-14.png","contentUrl":"https:\/\/guaruja.org.br\/aguaviva\/wp-content\/uploads\/2023\/07\/Design-sem-nome-14.png","width":1080,"height":1080},{"@type":"BreadcrumbList","@id":"https:\/\/guaruja.org.br\/aguaviva\/porto-de-santos-alem-do-tempo-atual\/#breadcrumb","itemListElement":[{"@type":"ListItem","position":1,"name":"In\u00edcio","item":"https:\/\/guaruja.org.br\/aguaviva\/"},{"@type":"ListItem","position":2,"name":"Porto de Santos al\u00e9m do tempo atual"}]},{"@type":"WebSite","@id":"https:\/\/guaruja.org.br\/aguaviva\/#website","url":"https:\/\/guaruja.org.br\/aguaviva\/","name":"AGUAVIVA","description":"Associa\u00e7\u00e3o Guaruj\u00e1 Viva","publisher":{"@id":"https:\/\/guaruja.org.br\/aguaviva\/#organization"},"alternateName":"AGUAVIVA","potentialAction":[{"@type":"SearchAction","target":{"@type":"EntryPoint","urlTemplate":"https:\/\/guaruja.org.br\/aguaviva\/?s={search_term_string}"},"query-input":{"@type":"PropertyValueSpecification","valueRequired":true,"valueName":"search_term_string"}}],"inLanguage":"pt-BR"},{"@type":"Organization","@id":"https:\/\/guaruja.org.br\/aguaviva\/#organization","name":"AGUAVIVA","alternateName":"AGUAVIVA","url":"https:\/\/guaruja.org.br\/aguaviva\/","logo":{"@type":"ImageObject","inLanguage":"pt-BR","@id":"https:\/\/guaruja.org.br\/aguaviva\/#\/schema\/logo\/image\/","url":"https:\/\/guaruja.org.br\/aguaviva\/wp-content\/uploads\/2025\/03\/logo-aguaviva-horizontal.png","contentUrl":"https:\/\/guaruja.org.br\/aguaviva\/wp-content\/uploads\/2025\/03\/logo-aguaviva-horizontal.png","width":3280,"height":1080,"caption":"AGUAVIVA"},"image":{"@id":"https:\/\/guaruja.org.br\/aguaviva\/#\/schema\/logo\/image\/"},"sameAs":["https:\/\/www.facebook.com\/guarujaaguaviva","https:\/\/www.instagram.com\/aguavivaguaruja\/"]},{"@type":"Person","@id":"https:\/\/guaruja.org.br\/aguaviva\/#\/schema\/person\/9eebcb3a8418982418c00d543a25aee4","name":"morgana","sameAs":["https:\/\/guaruja.org.br\/aguaviva-02"],"url":"https:\/\/guaruja.org.br\/aguaviva\/author\/morgana\/"}]}},"_links":{"self":[{"href":"https:\/\/guaruja.org.br\/aguaviva\/wp-json\/wp\/v2\/posts\/855","targetHints":{"allow":["GET"]}}],"collection":[{"href":"https:\/\/guaruja.org.br\/aguaviva\/wp-json\/wp\/v2\/posts"}],"about":[{"href":"https:\/\/guaruja.org.br\/aguaviva\/wp-json\/wp\/v2\/types\/post"}],"author":[{"embeddable":true,"href":"https:\/\/guaruja.org.br\/aguaviva\/wp-json\/wp\/v2\/users\/1"}],"replies":[{"embeddable":true,"href":"https:\/\/guaruja.org.br\/aguaviva\/wp-json\/wp\/v2\/comments?post=855"}],"version-history":[{"count":1,"href":"https:\/\/guaruja.org.br\/aguaviva\/wp-json\/wp\/v2\/posts\/855\/revisions"}],"predecessor-version":[{"id":857,"href":"https:\/\/guaruja.org.br\/aguaviva\/wp-json\/wp\/v2\/posts\/855\/revisions\/857"}],"wp:featuredmedia":[{"embeddable":true,"href":"https:\/\/guaruja.org.br\/aguaviva\/wp-json\/wp\/v2\/media\/856"}],"wp:attachment":[{"href":"https:\/\/guaruja.org.br\/aguaviva\/wp-json\/wp\/v2\/media?parent=855"}],"wp:term":[{"taxonomy":"category","embeddable":true,"href":"https:\/\/guaruja.org.br\/aguaviva\/wp-json\/wp\/v2\/categories?post=855"},{"taxonomy":"post_tag","embeddable":true,"href":"https:\/\/guaruja.org.br\/aguaviva\/wp-json\/wp\/v2\/tags?post=855"}],"curies":[{"name":"wp","href":"https:\/\/api.w.org\/{rel}","templated":true}]}}