{"id":858,"date":"2023-07-20T11:19:55","date_gmt":"2023-07-20T14:19:55","guid":{"rendered":"https:\/\/guaruja.org.br\/aguaviva\/?p=858"},"modified":"2023-07-20T15:07:36","modified_gmt":"2023-07-20T18:07:36","slug":"reuniao-promove-debate-sobre-o-plano-diretor-de-guaruja","status":"publish","type":"post","link":"https:\/\/guaruja.org.br\/aguaviva\/reuniao-promove-debate-sobre-o-plano-diretor-de-guaruja\/","title":{"rendered":"Reuni\u00e3o promove debate sobre o Plano Diretor de Guaruj\u00e1"},"content":{"rendered":"\n<p>No dia 19 de julho de 2023, a Confedera\u00e7\u00e3o Municipal das Associa\u00e7\u00f5es de Bairros do Guaruj\u00e1 (CMAG) realizou um importante encontro, cujo objetivo principal foi promover um debate sobre o Plano Diretor da cidade de Guaruj\u00e1. A convite do presidente da CMAG, Ricardo Souza dos Santos, a Associa\u00e7\u00e3o Guaruj\u00e1 Viva (AGUAVIVA) atrav\u00e9s de seu presidente, eng. Jos\u00e9 Manoel Ferreira Gon\u00e7alves, realizou uma palestra com informa\u00e7\u00f5es valiosas visando fomentar o engajamento c\u00edvico no processo de planejamento urbano. A reuni\u00e3o ocorreu na sede da Sociedade Amigos do Pae Car\u00e1, sede provis\u00f3ria da CMAG. <\/p>\n\n\n\n<p>O l\u00edder comunit\u00e1rio, Sidnei Bibiano, Conselheiro T\u00e9cnico da AGUAVIVA e Diretor de Meio Ambiente da CMAG e tamb\u00e9m um dos idealizadores do encontro, declarou: &#8220;Esse \u00e9 um momento muito importante onde as lideran\u00e7as comunit\u00e1ria de bairros carentes da cidade Guarujaense est\u00e3o tendo o primeiro contato sobre informa\u00e7\u00f5es do plano diretor de Guaruj\u00e1 e suas mazelas.&#8221;<\/p>\n\n\n\n<p>O Eng. Jos\u00e9 Manoel Ferreira Gon\u00e7alves, presidente da AGUAVIVA, destacou a import\u00e2ncia do engajamento da sociedade civil no debate sobre o Plano Diretor, um instrumento que norteia o crescimento e ordenamento urbano do munic\u00edpio. &#8220;\u00c9 fundamental que a popula\u00e7\u00e3o esteja devidamente informada sobre o Plano Diretor de Guaruj\u00e1, pois isso permitir\u00e1 que todos os cidad\u00e3os tenham voz ativa no desenvolvimento e no futuro da nossa cidade. A AGUAVIVA est\u00e1 empenhada em promover debates, garantir a real transpar\u00eancia das informa\u00e7\u00f5es e incentivar a participa\u00e7\u00e3o ativa dos cidad\u00e3os em quest\u00f5es cruciais para o desenvolvimento e bem-estar da nossa cidade&#8221;, declarou o engenheiro. <\/p>\n\n\n\n<p>O encontro contou com a presen\u00e7a de l\u00edderes comunit\u00e1rios, representantes de bairros e cidad\u00e3os engajados, que tiveram a oportunidade de entender o papel do Plano Diretor na organiza\u00e7\u00e3o do territ\u00f3rio, no planejamento de infraestruturas, no equil\u00edbrio ambiental e na promo\u00e7\u00e3o de uma cidade mais justa e inclusiva para todos os mun\u00edcipes. Ser\u00e3o realizadas duas novas reuni\u00f5es, sendo uma nesta sexta-feira (21) e a pr\u00f3xima na segunda-feira, 24\/07 \u00e0s 19:00, na Sede do Paecara em Vicente de Carvalho.<\/p>\n\n\n\n<p>O Plano Diretor \u00e9 uma ferramenta de extrema relev\u00e2ncia, pois busca atender aos anseios e necessidades da popula\u00e7\u00e3o, direcionando o crescimento urbano de maneira sustent\u00e1vel, com base em estudos t\u00e9cnicos e participa\u00e7\u00e3o social. A AGUAVIVA e a CMAG reconhecem a import\u00e2ncia de levar informa\u00e7\u00f5es precisas e confi\u00e1veis para que os cidad\u00e3os possam participar ativamente do processo de tomada de decis\u00f5es, contribuindo para a constru\u00e7\u00e3o de uma cidade melhor para as gera\u00e7\u00f5es presentes e futuras.<\/p>\n\n\n\n<p>O acesso a informa\u00e7\u00f5es sobre o Plano Diretor e suas consequ\u00eancias para a comunidade \u00e9 um passo significativo para superar as dificuldades enfrentadas pelos bairros carentes e garantir um desenvolvimento urbano mais equitativo e sustent\u00e1vel para todos os habitantes de Guaruj\u00e1.<\/p>\n\n\n\n<p>Acreditamos que uma sociedade informada \u00e9 capaz de transformar positivamente o espa\u00e7o urbano em que vive.<\/p>\n\n\n\n<figure class=\"wp-block-gallery has-nested-images columns-default is-cropped wp-block-gallery-1 is-layout-flex wp-block-gallery-is-layout-flex\">\n<figure class=\"wp-block-image size-large\"><img fetchpriority=\"high\" decoding=\"async\" width=\"1024\" height=\"768\" data-id=\"885\" src=\"https:\/\/guaruja.org.br\/aguaviva\/wp-content\/uploads\/2023\/07\/AGUAVIVA-PLANO-DIRETOR-REUNIAO-COM-A-COMUNIDADE-27-1024x768.jpeg\" alt=\"\" class=\"wp-image-885\" srcset=\"https:\/\/guaruja.org.br\/aguaviva\/wp-content\/uploads\/2023\/07\/AGUAVIVA-PLANO-DIRETOR-REUNIAO-COM-A-COMUNIDADE-27-1024x768.jpeg 1024w, https:\/\/guaruja.org.br\/aguaviva\/wp-content\/uploads\/2023\/07\/AGUAVIVA-PLANO-DIRETOR-REUNIAO-COM-A-COMUNIDADE-27-300x225.jpeg 300w, https:\/\/guaruja.org.br\/aguaviva\/wp-content\/uploads\/2023\/07\/AGUAVIVA-PLANO-DIRETOR-REUNIAO-COM-A-COMUNIDADE-27-768x576.jpeg 768w, https:\/\/guaruja.org.br\/aguaviva\/wp-content\/uploads\/2023\/07\/AGUAVIVA-PLANO-DIRETOR-REUNIAO-COM-A-COMUNIDADE-27.jpeg 1280w\" sizes=\"(max-width: 1024px) 100vw, 1024px\" \/><\/figure>\n\n\n\n<figure class=\"wp-block-image size-large\"><img decoding=\"async\" width=\"1024\" height=\"768\" data-id=\"878\" src=\"https:\/\/guaruja.org.br\/aguaviva\/wp-content\/uploads\/2023\/07\/AGUAVIVA-PLANO-DIRETOR-REUNIAO-COM-A-COMUNIDADE-20-1024x768.jpeg\" alt=\"\" class=\"wp-image-878\" srcset=\"https:\/\/guaruja.org.br\/aguaviva\/wp-content\/uploads\/2023\/07\/AGUAVIVA-PLANO-DIRETOR-REUNIAO-COM-A-COMUNIDADE-20-1024x768.jpeg 1024w, https:\/\/guaruja.org.br\/aguaviva\/wp-content\/uploads\/2023\/07\/AGUAVIVA-PLANO-DIRETOR-REUNIAO-COM-A-COMUNIDADE-20-300x225.jpeg 300w, https:\/\/guaruja.org.br\/aguaviva\/wp-content\/uploads\/2023\/07\/AGUAVIVA-PLANO-DIRETOR-REUNIAO-COM-A-COMUNIDADE-20-768x576.jpeg 768w, https:\/\/guaruja.org.br\/aguaviva\/wp-content\/uploads\/2023\/07\/AGUAVIVA-PLANO-DIRETOR-REUNIAO-COM-A-COMUNIDADE-20.jpeg 1280w\" sizes=\"(max-width: 1024px) 100vw, 1024px\" \/><\/figure>\n\n\n\n<figure class=\"wp-block-image size-large\"><img decoding=\"async\" width=\"1024\" height=\"768\" data-id=\"868\" src=\"https:\/\/guaruja.org.br\/aguaviva\/wp-content\/uploads\/2023\/07\/AGUAVIVA-PLANO-DIRETOR-REUNIAO-COM-A-COMUNIDADE-11-1024x768.jpeg\" alt=\"\" class=\"wp-image-868\" srcset=\"https:\/\/guaruja.org.br\/aguaviva\/wp-content\/uploads\/2023\/07\/AGUAVIVA-PLANO-DIRETOR-REUNIAO-COM-A-COMUNIDADE-11-1024x768.jpeg 1024w, https:\/\/guaruja.org.br\/aguaviva\/wp-content\/uploads\/2023\/07\/AGUAVIVA-PLANO-DIRETOR-REUNIAO-COM-A-COMUNIDADE-11-300x225.jpeg 300w, https:\/\/guaruja.org.br\/aguaviva\/wp-content\/uploads\/2023\/07\/AGUAVIVA-PLANO-DIRETOR-REUNIAO-COM-A-COMUNIDADE-11-768x576.jpeg 768w, https:\/\/guaruja.org.br\/aguaviva\/wp-content\/uploads\/2023\/07\/AGUAVIVA-PLANO-DIRETOR-REUNIAO-COM-A-COMUNIDADE-11.jpeg 1280w\" sizes=\"(max-width: 1024px) 100vw, 1024px\" \/><\/figure>\n\n\n\n<figure class=\"wp-block-image size-large\"><img loading=\"lazy\" decoding=\"async\" width=\"1024\" height=\"768\" data-id=\"866\" src=\"https:\/\/guaruja.org.br\/aguaviva\/wp-content\/uploads\/2023\/07\/AGUAVIVA-PLANO-DIRETOR-REUNIAO-COM-A-COMUNIDADE-9-1024x768.jpeg\" alt=\"\" class=\"wp-image-866\" srcset=\"https:\/\/guaruja.org.br\/aguaviva\/wp-content\/uploads\/2023\/07\/AGUAVIVA-PLANO-DIRETOR-REUNIAO-COM-A-COMUNIDADE-9-1024x768.jpeg 1024w, https:\/\/guaruja.org.br\/aguaviva\/wp-content\/uploads\/2023\/07\/AGUAVIVA-PLANO-DIRETOR-REUNIAO-COM-A-COMUNIDADE-9-300x225.jpeg 300w, https:\/\/guaruja.org.br\/aguaviva\/wp-content\/uploads\/2023\/07\/AGUAVIVA-PLANO-DIRETOR-REUNIAO-COM-A-COMUNIDADE-9-768x576.jpeg 768w, https:\/\/guaruja.org.br\/aguaviva\/wp-content\/uploads\/2023\/07\/AGUAVIVA-PLANO-DIRETOR-REUNIAO-COM-A-COMUNIDADE-9.jpeg 1280w\" sizes=\"(max-width: 1024px) 100vw, 1024px\" \/><\/figure>\n\n\n\n<figure class=\"wp-block-image size-large\"><img loading=\"lazy\" decoding=\"async\" width=\"1024\" height=\"768\" data-id=\"859\" src=\"https:\/\/guaruja.org.br\/aguaviva\/wp-content\/uploads\/2023\/07\/AGUAVIVA-PLANO-DIRETOR-REUNIAO-COM-A-COMUNIDADE-2-1024x768.jpeg\" alt=\"\" class=\"wp-image-859\" srcset=\"https:\/\/guaruja.org.br\/aguaviva\/wp-content\/uploads\/2023\/07\/AGUAVIVA-PLANO-DIRETOR-REUNIAO-COM-A-COMUNIDADE-2-1024x768.jpeg 1024w, https:\/\/guaruja.org.br\/aguaviva\/wp-content\/uploads\/2023\/07\/AGUAVIVA-PLANO-DIRETOR-REUNIAO-COM-A-COMUNIDADE-2-300x225.jpeg 300w, https:\/\/guaruja.org.br\/aguaviva\/wp-content\/uploads\/2023\/07\/AGUAVIVA-PLANO-DIRETOR-REUNIAO-COM-A-COMUNIDADE-2-768x576.jpeg 768w, https:\/\/guaruja.org.br\/aguaviva\/wp-content\/uploads\/2023\/07\/AGUAVIVA-PLANO-DIRETOR-REUNIAO-COM-A-COMUNIDADE-2.jpeg 1280w\" sizes=\"(max-width: 1024px) 100vw, 1024px\" \/><\/figure>\n\n\n\n<figure class=\"wp-block-image size-large\"><img loading=\"lazy\" decoding=\"async\" width=\"1024\" height=\"768\" data-id=\"875\" src=\"https:\/\/guaruja.org.br\/aguaviva\/wp-content\/uploads\/2023\/07\/AGUAVIVA-PLANO-DIRETOR-REUNIAO-COM-A-COMUNIDADE-17-1024x768.jpeg\" alt=\"\" class=\"wp-image-875\" srcset=\"https:\/\/guaruja.org.br\/aguaviva\/wp-content\/uploads\/2023\/07\/AGUAVIVA-PLANO-DIRETOR-REUNIAO-COM-A-COMUNIDADE-17-1024x768.jpeg 1024w, https:\/\/guaruja.org.br\/aguaviva\/wp-content\/uploads\/2023\/07\/AGUAVIVA-PLANO-DIRETOR-REUNIAO-COM-A-COMUNIDADE-17-300x225.jpeg 300w, https:\/\/guaruja.org.br\/aguaviva\/wp-content\/uploads\/2023\/07\/AGUAVIVA-PLANO-DIRETOR-REUNIAO-COM-A-COMUNIDADE-17-768x576.jpeg 768w, https:\/\/guaruja.org.br\/aguaviva\/wp-content\/uploads\/2023\/07\/AGUAVIVA-PLANO-DIRETOR-REUNIAO-COM-A-COMUNIDADE-17.jpeg 1280w\" sizes=\"(max-width: 1024px) 100vw, 1024px\" \/><\/figure>\n<\/figure>\n\n\n\n<figure class=\"wp-block-image size-large\"><img loading=\"lazy\" decoding=\"async\" width=\"1007\" height=\"1024\" src=\"https:\/\/guaruja.org.br\/aguaviva\/wp-content\/uploads\/2023\/07\/WhatsApp-Image-2023-07-19-at-15.30.12-1007x1024.jpeg\" alt=\"\" class=\"wp-image-887\" srcset=\"https:\/\/guaruja.org.br\/aguaviva\/wp-content\/uploads\/2023\/07\/WhatsApp-Image-2023-07-19-at-15.30.12-1007x1024.jpeg 1007w, https:\/\/guaruja.org.br\/aguaviva\/wp-content\/uploads\/2023\/07\/WhatsApp-Image-2023-07-19-at-15.30.12-295x300.jpeg 295w, https:\/\/guaruja.org.br\/aguaviva\/wp-content\/uploads\/2023\/07\/WhatsApp-Image-2023-07-19-at-15.30.12-768x781.jpeg 768w, https:\/\/guaruja.org.br\/aguaviva\/wp-content\/uploads\/2023\/07\/WhatsApp-Image-2023-07-19-at-15.30.12.jpeg 1064w\" sizes=\"(max-width: 1007px) 100vw, 1007px\" \/><\/figure>\n","protected":false},"excerpt":{"rendered":"<p>No dia 19 de julho de 2023, a Confedera\u00e7\u00e3o Municipal das Associa\u00e7\u00f5es de Bairros do Guaruj\u00e1 (CMAG) realizou um importante encontro, cujo objetivo principal foi promover um debate sobre o Plano Diretor da cidade de Guaruj\u00e1. A convite do presidente da CMAG, Ricardo Souza dos Santos, a Associa\u00e7\u00e3o Guaruj\u00e1 Viva (AGUAVIVA) atrav\u00e9s de seu presidente, [&hellip;]<\/p>\n","protected":false},"author":1,"featured_media":860,"comment_status":"closed","ping_status":"closed","sticky":false,"template":"","format":"standard","meta":{"footnotes":""},"categories":[34],"tags":[21,50,20,49],"class_list":["post-858","post","type-post","status-publish","format-standard","has-post-thumbnail","hentry","category-releases","tag-aguaviva","tag-cmag","tag-guaruja-2","tag-transparencia"],"yoast_head":"<!-- This site is optimized with the Yoast SEO Premium plugin v26.7 (Yoast SEO v26.7) - https:\/\/yoast.com\/wordpress\/plugins\/seo\/ -->\n<title>Reuni\u00e3o promove debate sobre o Plano Diretor de Guaruj\u00e1 - AGUAVIVA<\/title>\n<meta name=\"robots\" content=\"index, follow, max-snippet:-1, max-image-preview:large, max-video-preview:-1\" \/>\n<link rel=\"canonical\" href=\"https:\/\/guaruja.org.br\/aguaviva\/reuniao-promove-debate-sobre-o-plano-diretor-de-guaruja\/\" \/>\n<meta property=\"og:locale\" content=\"pt_BR\" \/>\n<meta property=\"og:type\" content=\"article\" \/>\n<meta property=\"og:title\" content=\"Reuni\u00e3o promove debate sobre o Plano Diretor de Guaruj\u00e1\" \/>\n<meta property=\"og:description\" content=\"No dia 19 de julho de 2023, a Confedera\u00e7\u00e3o Municipal das Associa\u00e7\u00f5es de Bairros do Guaruj\u00e1 (CMAG) realizou um importante encontro, cujo objetivo principal foi promover um debate sobre o Plano Diretor da cidade de Guaruj\u00e1. A convite do presidente da CMAG, Ricardo Souza dos Santos, a Associa\u00e7\u00e3o Guaruj\u00e1 Viva (AGUAVIVA) atrav\u00e9s de seu presidente, [&hellip;]\" \/>\n<meta property=\"og:url\" content=\"https:\/\/guaruja.org.br\/aguaviva\/reuniao-promove-debate-sobre-o-plano-diretor-de-guaruja\/\" \/>\n<meta property=\"og:site_name\" content=\"AGUAVIVA\" \/>\n<meta property=\"article:publisher\" content=\"https:\/\/www.facebook.com\/guarujaaguaviva\" \/>\n<meta property=\"article:published_time\" content=\"2023-07-20T14:19:55+00:00\" \/>\n<meta property=\"article:modified_time\" content=\"2023-07-20T18:07:36+00:00\" \/>\n<meta property=\"og:image\" content=\"https:\/\/guaruja.org.br\/aguaviva\/wp-content\/uploads\/2023\/07\/AGUAVIVA-PLANO-DIRETOR-REUNIAO-COM-A-COMUNIDADE-3.jpeg\" \/>\n\t<meta property=\"og:image:width\" content=\"1280\" \/>\n\t<meta property=\"og:image:height\" content=\"960\" \/>\n\t<meta property=\"og:image:type\" content=\"image\/jpeg\" \/>\n<meta name=\"author\" content=\"morgana\" \/>\n<meta name=\"twitter:card\" content=\"summary_large_image\" \/>\n<meta name=\"twitter:label1\" content=\"Escrito por\" \/>\n\t<meta name=\"twitter:data1\" content=\"morgana\" \/>\n\t<meta name=\"twitter:label2\" content=\"Est. tempo de leitura\" \/>\n\t<meta name=\"twitter:data2\" content=\"4 minutos\" \/>\n<script type=\"application\/ld+json\" class=\"yoast-schema-graph\">{\"@context\":\"https:\/\/schema.org\",\"@graph\":[{\"@type\":\"Article\",\"@id\":\"https:\/\/guaruja.org.br\/aguaviva\/reuniao-promove-debate-sobre-o-plano-diretor-de-guaruja\/#article\",\"isPartOf\":{\"@id\":\"https:\/\/guaruja.org.br\/aguaviva\/reuniao-promove-debate-sobre-o-plano-diretor-de-guaruja\/\"},\"author\":{\"name\":\"morgana\",\"@id\":\"https:\/\/guaruja.org.br\/aguaviva\/#\/schema\/person\/9eebcb3a8418982418c00d543a25aee4\"},\"headline\":\"Reuni\u00e3o promove debate sobre o Plano Diretor de Guaruj\u00e1\",\"datePublished\":\"2023-07-20T14:19:55+00:00\",\"dateModified\":\"2023-07-20T18:07:36+00:00\",\"mainEntityOfPage\":{\"@id\":\"https:\/\/guaruja.org.br\/aguaviva\/reuniao-promove-debate-sobre-o-plano-diretor-de-guaruja\/\"},\"wordCount\":509,\"publisher\":{\"@id\":\"https:\/\/guaruja.org.br\/aguaviva\/#organization\"},\"image\":{\"@id\":\"https:\/\/guaruja.org.br\/aguaviva\/reuniao-promove-debate-sobre-o-plano-diretor-de-guaruja\/#primaryimage\"},\"thumbnailUrl\":\"https:\/\/guaruja.org.br\/aguaviva\/wp-content\/uploads\/2023\/07\/AGUAVIVA-PLANO-DIRETOR-REUNIAO-COM-A-COMUNIDADE-3.jpeg\",\"keywords\":[\"aguaviva\",\"cmag\",\"guaruj\u00e1\",\"transparencia\"],\"articleSection\":[\"Releases\"],\"inLanguage\":\"pt-BR\"},{\"@type\":\"WebPage\",\"@id\":\"https:\/\/guaruja.org.br\/aguaviva\/reuniao-promove-debate-sobre-o-plano-diretor-de-guaruja\/\",\"url\":\"https:\/\/guaruja.org.br\/aguaviva\/reuniao-promove-debate-sobre-o-plano-diretor-de-guaruja\/\",\"name\":\"Reuni\u00e3o promove debate sobre o Plano Diretor de Guaruj\u00e1 - AGUAVIVA\",\"isPartOf\":{\"@id\":\"https:\/\/guaruja.org.br\/aguaviva\/#website\"},\"primaryImageOfPage\":{\"@id\":\"https:\/\/guaruja.org.br\/aguaviva\/reuniao-promove-debate-sobre-o-plano-diretor-de-guaruja\/#primaryimage\"},\"image\":{\"@id\":\"https:\/\/guaruja.org.br\/aguaviva\/reuniao-promove-debate-sobre-o-plano-diretor-de-guaruja\/#primaryimage\"},\"thumbnailUrl\":\"https:\/\/guaruja.org.br\/aguaviva\/wp-content\/uploads\/2023\/07\/AGUAVIVA-PLANO-DIRETOR-REUNIAO-COM-A-COMUNIDADE-3.jpeg\",\"datePublished\":\"2023-07-20T14:19:55+00:00\",\"dateModified\":\"2023-07-20T18:07:36+00:00\",\"breadcrumb\":{\"@id\":\"https:\/\/guaruja.org.br\/aguaviva\/reuniao-promove-debate-sobre-o-plano-diretor-de-guaruja\/#breadcrumb\"},\"inLanguage\":\"pt-BR\",\"potentialAction\":[{\"@type\":\"ReadAction\",\"target\":[\"https:\/\/guaruja.org.br\/aguaviva\/reuniao-promove-debate-sobre-o-plano-diretor-de-guaruja\/\"]}]},{\"@type\":\"ImageObject\",\"inLanguage\":\"pt-BR\",\"@id\":\"https:\/\/guaruja.org.br\/aguaviva\/reuniao-promove-debate-sobre-o-plano-diretor-de-guaruja\/#primaryimage\",\"url\":\"https:\/\/guaruja.org.br\/aguaviva\/wp-content\/uploads\/2023\/07\/AGUAVIVA-PLANO-DIRETOR-REUNIAO-COM-A-COMUNIDADE-3.jpeg\",\"contentUrl\":\"https:\/\/guaruja.org.br\/aguaviva\/wp-content\/uploads\/2023\/07\/AGUAVIVA-PLANO-DIRETOR-REUNIAO-COM-A-COMUNIDADE-3.jpeg\",\"width\":1280,\"height\":960},{\"@type\":\"BreadcrumbList\",\"@id\":\"https:\/\/guaruja.org.br\/aguaviva\/reuniao-promove-debate-sobre-o-plano-diretor-de-guaruja\/#breadcrumb\",\"itemListElement\":[{\"@type\":\"ListItem\",\"position\":1,\"name\":\"In\u00edcio\",\"item\":\"https:\/\/guaruja.org.br\/aguaviva\/\"},{\"@type\":\"ListItem\",\"position\":2,\"name\":\"Reuni\u00e3o promove debate sobre o Plano Diretor de Guaruj\u00e1\"}]},{\"@type\":\"WebSite\",\"@id\":\"https:\/\/guaruja.org.br\/aguaviva\/#website\",\"url\":\"https:\/\/guaruja.org.br\/aguaviva\/\",\"name\":\"AGUAVIVA\",\"description\":\"Associa\u00e7\u00e3o Guaruj\u00e1 Viva\",\"publisher\":{\"@id\":\"https:\/\/guaruja.org.br\/aguaviva\/#organization\"},\"alternateName\":\"AGUAVIVA\",\"potentialAction\":[{\"@type\":\"SearchAction\",\"target\":{\"@type\":\"EntryPoint\",\"urlTemplate\":\"https:\/\/guaruja.org.br\/aguaviva\/?s={search_term_string}\"},\"query-input\":{\"@type\":\"PropertyValueSpecification\",\"valueRequired\":true,\"valueName\":\"search_term_string\"}}],\"inLanguage\":\"pt-BR\"},{\"@type\":\"Organization\",\"@id\":\"https:\/\/guaruja.org.br\/aguaviva\/#organization\",\"name\":\"AGUAVIVA\",\"alternateName\":\"AGUAVIVA\",\"url\":\"https:\/\/guaruja.org.br\/aguaviva\/\",\"logo\":{\"@type\":\"ImageObject\",\"inLanguage\":\"pt-BR\",\"@id\":\"https:\/\/guaruja.org.br\/aguaviva\/#\/schema\/logo\/image\/\",\"url\":\"https:\/\/guaruja.org.br\/aguaviva\/wp-content\/uploads\/2025\/03\/logo-aguaviva-horizontal.png\",\"contentUrl\":\"https:\/\/guaruja.org.br\/aguaviva\/wp-content\/uploads\/2025\/03\/logo-aguaviva-horizontal.png\",\"width\":3280,\"height\":1080,\"caption\":\"AGUAVIVA\"},\"image\":{\"@id\":\"https:\/\/guaruja.org.br\/aguaviva\/#\/schema\/logo\/image\/\"},\"sameAs\":[\"https:\/\/www.facebook.com\/guarujaaguaviva\",\"https:\/\/www.instagram.com\/aguavivaguaruja\/\"]},{\"@type\":\"Person\",\"@id\":\"https:\/\/guaruja.org.br\/aguaviva\/#\/schema\/person\/9eebcb3a8418982418c00d543a25aee4\",\"name\":\"morgana\",\"sameAs\":[\"https:\/\/guaruja.org.br\/aguaviva-02\"],\"url\":\"https:\/\/guaruja.org.br\/aguaviva\/author\/morgana\/\"}]}<\/script>\n<!-- \/ Yoast SEO Premium plugin. -->","yoast_head_json":{"title":"Reuni\u00e3o promove debate sobre o Plano Diretor de Guaruj\u00e1 - AGUAVIVA","robots":{"index":"index","follow":"follow","max-snippet":"max-snippet:-1","max-image-preview":"max-image-preview:large","max-video-preview":"max-video-preview:-1"},"canonical":"https:\/\/guaruja.org.br\/aguaviva\/reuniao-promove-debate-sobre-o-plano-diretor-de-guaruja\/","og_locale":"pt_BR","og_type":"article","og_title":"Reuni\u00e3o promove debate sobre o Plano Diretor de Guaruj\u00e1","og_description":"No dia 19 de julho de 2023, a Confedera\u00e7\u00e3o Municipal das Associa\u00e7\u00f5es de Bairros do Guaruj\u00e1 (CMAG) realizou um importante encontro, cujo objetivo principal foi promover um debate sobre o Plano Diretor da cidade de Guaruj\u00e1. A convite do presidente da CMAG, Ricardo Souza dos Santos, a Associa\u00e7\u00e3o Guaruj\u00e1 Viva (AGUAVIVA) atrav\u00e9s de seu presidente, [&hellip;]","og_url":"https:\/\/guaruja.org.br\/aguaviva\/reuniao-promove-debate-sobre-o-plano-diretor-de-guaruja\/","og_site_name":"AGUAVIVA","article_publisher":"https:\/\/www.facebook.com\/guarujaaguaviva","article_published_time":"2023-07-20T14:19:55+00:00","article_modified_time":"2023-07-20T18:07:36+00:00","og_image":[{"width":1280,"height":960,"url":"https:\/\/guaruja.org.br\/aguaviva\/wp-content\/uploads\/2023\/07\/AGUAVIVA-PLANO-DIRETOR-REUNIAO-COM-A-COMUNIDADE-3.jpeg","type":"image\/jpeg"}],"author":"morgana","twitter_card":"summary_large_image","twitter_misc":{"Escrito por":"morgana","Est. tempo de leitura":"4 minutos"},"schema":{"@context":"https:\/\/schema.org","@graph":[{"@type":"Article","@id":"https:\/\/guaruja.org.br\/aguaviva\/reuniao-promove-debate-sobre-o-plano-diretor-de-guaruja\/#article","isPartOf":{"@id":"https:\/\/guaruja.org.br\/aguaviva\/reuniao-promove-debate-sobre-o-plano-diretor-de-guaruja\/"},"author":{"name":"morgana","@id":"https:\/\/guaruja.org.br\/aguaviva\/#\/schema\/person\/9eebcb3a8418982418c00d543a25aee4"},"headline":"Reuni\u00e3o promove debate sobre o Plano Diretor de Guaruj\u00e1","datePublished":"2023-07-20T14:19:55+00:00","dateModified":"2023-07-20T18:07:36+00:00","mainEntityOfPage":{"@id":"https:\/\/guaruja.org.br\/aguaviva\/reuniao-promove-debate-sobre-o-plano-diretor-de-guaruja\/"},"wordCount":509,"publisher":{"@id":"https:\/\/guaruja.org.br\/aguaviva\/#organization"},"image":{"@id":"https:\/\/guaruja.org.br\/aguaviva\/reuniao-promove-debate-sobre-o-plano-diretor-de-guaruja\/#primaryimage"},"thumbnailUrl":"https:\/\/guaruja.org.br\/aguaviva\/wp-content\/uploads\/2023\/07\/AGUAVIVA-PLANO-DIRETOR-REUNIAO-COM-A-COMUNIDADE-3.jpeg","keywords":["aguaviva","cmag","guaruj\u00e1","transparencia"],"articleSection":["Releases"],"inLanguage":"pt-BR"},{"@type":"WebPage","@id":"https:\/\/guaruja.org.br\/aguaviva\/reuniao-promove-debate-sobre-o-plano-diretor-de-guaruja\/","url":"https:\/\/guaruja.org.br\/aguaviva\/reuniao-promove-debate-sobre-o-plano-diretor-de-guaruja\/","name":"Reuni\u00e3o promove debate sobre o Plano Diretor de Guaruj\u00e1 - AGUAVIVA","isPartOf":{"@id":"https:\/\/guaruja.org.br\/aguaviva\/#website"},"primaryImageOfPage":{"@id":"https:\/\/guaruja.org.br\/aguaviva\/reuniao-promove-debate-sobre-o-plano-diretor-de-guaruja\/#primaryimage"},"image":{"@id":"https:\/\/guaruja.org.br\/aguaviva\/reuniao-promove-debate-sobre-o-plano-diretor-de-guaruja\/#primaryimage"},"thumbnailUrl":"https:\/\/guaruja.org.br\/aguaviva\/wp-content\/uploads\/2023\/07\/AGUAVIVA-PLANO-DIRETOR-REUNIAO-COM-A-COMUNIDADE-3.jpeg","datePublished":"2023-07-20T14:19:55+00:00","dateModified":"2023-07-20T18:07:36+00:00","breadcrumb":{"@id":"https:\/\/guaruja.org.br\/aguaviva\/reuniao-promove-debate-sobre-o-plano-diretor-de-guaruja\/#breadcrumb"},"inLanguage":"pt-BR","potentialAction":[{"@type":"ReadAction","target":["https:\/\/guaruja.org.br\/aguaviva\/reuniao-promove-debate-sobre-o-plano-diretor-de-guaruja\/"]}]},{"@type":"ImageObject","inLanguage":"pt-BR","@id":"https:\/\/guaruja.org.br\/aguaviva\/reuniao-promove-debate-sobre-o-plano-diretor-de-guaruja\/#primaryimage","url":"https:\/\/guaruja.org.br\/aguaviva\/wp-content\/uploads\/2023\/07\/AGUAVIVA-PLANO-DIRETOR-REUNIAO-COM-A-COMUNIDADE-3.jpeg","contentUrl":"https:\/\/guaruja.org.br\/aguaviva\/wp-content\/uploads\/2023\/07\/AGUAVIVA-PLANO-DIRETOR-REUNIAO-COM-A-COMUNIDADE-3.jpeg","width":1280,"height":960},{"@type":"BreadcrumbList","@id":"https:\/\/guaruja.org.br\/aguaviva\/reuniao-promove-debate-sobre-o-plano-diretor-de-guaruja\/#breadcrumb","itemListElement":[{"@type":"ListItem","position":1,"name":"In\u00edcio","item":"https:\/\/guaruja.org.br\/aguaviva\/"},{"@type":"ListItem","position":2,"name":"Reuni\u00e3o promove debate sobre o Plano Diretor de Guaruj\u00e1"}]},{"@type":"WebSite","@id":"https:\/\/guaruja.org.br\/aguaviva\/#website","url":"https:\/\/guaruja.org.br\/aguaviva\/","name":"AGUAVIVA","description":"Associa\u00e7\u00e3o Guaruj\u00e1 Viva","publisher":{"@id":"https:\/\/guaruja.org.br\/aguaviva\/#organization"},"alternateName":"AGUAVIVA","potentialAction":[{"@type":"SearchAction","target":{"@type":"EntryPoint","urlTemplate":"https:\/\/guaruja.org.br\/aguaviva\/?s={search_term_string}"},"query-input":{"@type":"PropertyValueSpecification","valueRequired":true,"valueName":"search_term_string"}}],"inLanguage":"pt-BR"},{"@type":"Organization","@id":"https:\/\/guaruja.org.br\/aguaviva\/#organization","name":"AGUAVIVA","alternateName":"AGUAVIVA","url":"https:\/\/guaruja.org.br\/aguaviva\/","logo":{"@type":"ImageObject","inLanguage":"pt-BR","@id":"https:\/\/guaruja.org.br\/aguaviva\/#\/schema\/logo\/image\/","url":"https:\/\/guaruja.org.br\/aguaviva\/wp-content\/uploads\/2025\/03\/logo-aguaviva-horizontal.png","contentUrl":"https:\/\/guaruja.org.br\/aguaviva\/wp-content\/uploads\/2025\/03\/logo-aguaviva-horizontal.png","width":3280,"height":1080,"caption":"AGUAVIVA"},"image":{"@id":"https:\/\/guaruja.org.br\/aguaviva\/#\/schema\/logo\/image\/"},"sameAs":["https:\/\/www.facebook.com\/guarujaaguaviva","https:\/\/www.instagram.com\/aguavivaguaruja\/"]},{"@type":"Person","@id":"https:\/\/guaruja.org.br\/aguaviva\/#\/schema\/person\/9eebcb3a8418982418c00d543a25aee4","name":"morgana","sameAs":["https:\/\/guaruja.org.br\/aguaviva-02"],"url":"https:\/\/guaruja.org.br\/aguaviva\/author\/morgana\/"}]}},"_links":{"self":[{"href":"https:\/\/guaruja.org.br\/aguaviva\/wp-json\/wp\/v2\/posts\/858","targetHints":{"allow":["GET"]}}],"collection":[{"href":"https:\/\/guaruja.org.br\/aguaviva\/wp-json\/wp\/v2\/posts"}],"about":[{"href":"https:\/\/guaruja.org.br\/aguaviva\/wp-json\/wp\/v2\/types\/post"}],"author":[{"embeddable":true,"href":"https:\/\/guaruja.org.br\/aguaviva\/wp-json\/wp\/v2\/users\/1"}],"replies":[{"embeddable":true,"href":"https:\/\/guaruja.org.br\/aguaviva\/wp-json\/wp\/v2\/comments?post=858"}],"version-history":[{"count":6,"href":"https:\/\/guaruja.org.br\/aguaviva\/wp-json\/wp\/v2\/posts\/858\/revisions"}],"predecessor-version":[{"id":897,"href":"https:\/\/guaruja.org.br\/aguaviva\/wp-json\/wp\/v2\/posts\/858\/revisions\/897"}],"wp:featuredmedia":[{"embeddable":true,"href":"https:\/\/guaruja.org.br\/aguaviva\/wp-json\/wp\/v2\/media\/860"}],"wp:attachment":[{"href":"https:\/\/guaruja.org.br\/aguaviva\/wp-json\/wp\/v2\/media?parent=858"}],"wp:term":[{"taxonomy":"category","embeddable":true,"href":"https:\/\/guaruja.org.br\/aguaviva\/wp-json\/wp\/v2\/categories?post=858"},{"taxonomy":"post_tag","embeddable":true,"href":"https:\/\/guaruja.org.br\/aguaviva\/wp-json\/wp\/v2\/tags?post=858"}],"curies":[{"name":"wp","href":"https:\/\/api.w.org\/{rel}","templated":true}]}}