{"id":929,"date":"2023-10-30T17:19:46","date_gmt":"2023-10-30T20:19:46","guid":{"rendered":"https:\/\/guaruja.org.br\/aguaviva\/?p=929"},"modified":"2023-10-30T17:19:54","modified_gmt":"2023-10-30T20:19:54","slug":"apos-30-anos-do-caso-rhodia-areas-seguem-contaminadas-na-baixada-santista","status":"publish","type":"post","link":"https:\/\/guaruja.org.br\/aguaviva\/apos-30-anos-do-caso-rhodia-areas-seguem-contaminadas-na-baixada-santista\/","title":{"rendered":"Ap\u00f3s 30 anos do caso Rhodia, \u00e1reas seguem contaminadas na Baixada Santista"},"content":{"rendered":"\n<p>Fechada h\u00e1 30 anos, a f\u00e1brica de agrot\u00f3xicos da Rhodia espalhou res\u00edduos t\u00f3xicos em extensas \u00e1reas da Baixada. Como solu\u00e7\u00e3o, prop\u00f4s medidas inadequadas, como a incinera\u00e7\u00e3o das toneladas de contaminantes, inclusive em outros estados, como a Bahia.<\/p>\n\n\n\n<p>S\u00e3o Paulo \u2013 Em junho de 1993, a interdi\u00e7\u00e3o de uma f\u00e1brica obsoleta de agrot\u00f3xicos da Rhodia em Cubat\u00e3o, na Baixada Santista, simbolizava a vit\u00f3ria de trabalhadores, ativistas e institui\u00e7\u00f5es contra o desrespeito ao meio ambiente, ao trabalhador e \u00e0 vida humana. Passados 30 anos do chamado caso Rhodia, por\u00e9m, \u00e1reas em diversos pontos de munic\u00edpios da regi\u00e3o continuam contaminadas. E nesses anos todos, como alternativa, foram apresentadas apenas medidas inadequadas, como a incinera\u00e7\u00e3o das toneladas e toneladas de contaminantes. Inclusive em outros estados, como na Bahia.<\/p>\n\n\n\n<p>Para chamar a aten\u00e7\u00e3o da sociedade e de autoridades para este que \u00e9 um dos maiores desastres ambientais da hist\u00f3ria do pa\u00eds, pesquisadores, ativistas, sindicalistas e parlamentares se reuniram nesta semana na Assembleia Legislativa de S\u00e3o Paulo. Participaram tamb\u00e9m o promotor de justi\u00e7a Geraldo Rangel de Fran\u00e7a Neto, do Minist\u00e9rio P\u00fablico paulista, autor da a\u00e7\u00e3o civil p\u00fablica que resultou no fechamento da f\u00e1brica de Cubat\u00e3o. E ainda as m\u00e9dicas Lia Giraldo da Silva Augusto, pesquisadora aposentada pela Fiocruz; e Agnes Soares de Mesquita, autora de uma longa pesquisa sobre&nbsp;<a href=\"https:\/\/www.teses.usp.br\/teses\/disponiveis\/6\/6134\/tde-11112022-202548\/publico\/MTR_578_Mesquita_1994.pdf\">res\u00edduos t\u00f3xicos industriais organoclorados em Samarit\u00e1<\/a>.<\/p>\n\n\n\n<p>Segundo o&nbsp;<a href=\"https:\/\/acpo.org.br\/arquivos\/pagina-biblioteca\/dossie-caso-rhodia\/dossie.pdf\">dossi\u00ea Caso Rhodia<\/a>, na \u00e9poca a empresa de origem francesa n\u00e3o contestou a liminar, transparecendo assim que j\u00e1 tinha inten\u00e7\u00f5es de desativar a unidade. Mas ao contr\u00e1rio do que pretendia a companhia, foi impedida de demitir os trabalhadores at\u00e9 o fim das investiga\u00e7\u00f5es. Em mais de 70 p\u00e1ginas, o documento conta a hist\u00f3ria da empresa no Brasil, da produ\u00e7\u00e3o altamente poluente, do adoecimento e morte dos trabalhadores contaminados e de estudos realizados sobre as dimens\u00f5es da contamina\u00e7\u00e3o. O autor \u00e9 o pesquisador Jeffer Castelo Branco, do N\u00facleo de Estudos, Pesquisas e Estens\u00e3o em Sa\u00fade da Universidade Federal de S\u00e3o Paulo (Unifesp) e presidente da Associa\u00e7\u00e3o de Combate aos Poluentes (ACPO) \u2013 ele pr\u00f3prio um ex-trabalhador da Rhodia, que tamb\u00e9m esteve na audi\u00eancia no legislativo paulista.<\/p>\n\n\n\n<h2 class=\"wp-block-heading\">\u201cNenhum humano deve ter contato com essa coisa\u201d<\/h2>\n\n\n\n<p>Segundo Jeffer, em um dos primeiros relat\u00f3rios periciais elaborados pelo ent\u00e3o funcion\u00e1rio da Ag\u00eancia Ambiental Paulista (Cetesb) sobre as \u00e1reas contaminadas, o ge\u00f3logo Jos\u00e9 Antonio D\u2019 Ambr\u00f3sio constatou a extrema gravidade da situa\u00e7\u00e3o: \u201cDe acordo com os procedimentos de como foram expostos os res\u00edduos, o lugar n\u00e3o pode ser aproveitado para a agricultura, para a constru\u00e7\u00e3o de moradias, ind\u00fastrias, qualquer atividade\u201d.<\/p>\n\n\n\n<p>No dossi\u00ea, Jeffer destaca uma declara\u00e7\u00e3o do ent\u00e3o gerente geral da Rhodia na Baixada Santista, Octac\u00edlio Miguel Teixeira Tavares, em entrevista \u00e0 revista alem\u00e3&nbsp;<em>Geo Magazine<\/em>, em abril de 1992: \u201cNenhum ser humano deve ter contato com essa coisa, o lugar onde foi depositado \u00e9 irrecuper\u00e1vel, l\u00e1 ningu\u00e9m deve cultivar nada, l\u00e1 ningu\u00e9m deve beber \u00e1gua\u201d, admitiu, em \u00e9poca em que j\u00e1 havia estudos aprofundados sobre a contamina\u00e7\u00e3o provocada pela sua empresa na regi\u00e3o.<\/p>\n\n\n\n<p>Segundo Jeffer, de 1965 a 1995 os grupos franceses Progil e Rh\u00f4ne-Poulenc, aos quais a Rhodia era vinculada, promoveram a polui\u00e7\u00e3o qu\u00edmica de organoclorados em toda a Baixada Santista, com a sequela brutal de doen\u00e7as e mortes. Res\u00edduos altamente t\u00f3xicos derivados da produ\u00e7\u00e3o foram despejados em extensas \u00e1reas no munic\u00edpio de Cubat\u00e3o, S\u00e3o Vicente e Itanha\u00e9m.<\/p>\n\n\n\n<h2 class=\"wp-block-heading\">Contamina\u00e7\u00e3o do solo, da \u00e1gua e do ar na Baixada Santista<\/h2>\n\n\n\n<p>Os resultados foram observados em pesquisa cient\u00edfica de Agnes de Mesquita. Ela constatou a contamina\u00e7\u00e3o do solo, da \u00e1gua e tamb\u00e9m do ar, potencializando os riscos de c\u00e2ncer devido \u00e0 inala\u00e7\u00e3o de subst\u00e2ncias organocloradas presentes na atmosfera daquela regi\u00e3o.<\/p>\n\n\n\n<p>Em 1995, dois anos ap\u00f3s a interdi\u00e7\u00e3o da f\u00e1brica e do incinerador de res\u00edduos do solo contaminado, foi celebrado um termo de ajustamento de conduta. A Rhodia ficou obrigada a implementar processo de remedia\u00e7\u00e3o nas \u00e1reas contaminadas. Em 2000, por\u00e9m, passou por processos de fus\u00f5es e desmembramentos, at\u00e9 ser integrada ao grupo Solvay. Mais recentemente foi vendida a um grande grupo dos Estados Unidos, sem, no entanto, assumir integralmente seu passivo ambiental em Cubat\u00e3o.<\/p>\n\n\n\n<p>Cr\u00e9ditos da Publica\u00e7\u00e3o <a href=\"https:\/\/www.redebrasilatual.com.br\/ambiente\/apos-30-anos-do-caso-rhodia-areas-seguem-contaminadas-na-baixada-santista\/\" target=\"_blank\" rel=\"noreferrer noopener\">https:\/\/www.redebrasilatual.com.br\/ambiente\/apos-30-anos-do-caso-rhodia-areas-seguem-contaminadas-na-baixada-santista\/<\/a><\/p>\n\n\n\n<p><\/p>\n","protected":false},"excerpt":{"rendered":"<p>Fechada h\u00e1 30 anos, a f\u00e1brica de agrot\u00f3xicos da Rhodia espalhou res\u00edduos t\u00f3xicos em extensas \u00e1reas da Baixada. Como solu\u00e7\u00e3o, prop\u00f4s medidas inadequadas, como a incinera\u00e7\u00e3o das toneladas de contaminantes, inclusive em outros estados, como a Bahia. S\u00e3o Paulo \u2013 Em junho de 1993, a interdi\u00e7\u00e3o de uma f\u00e1brica obsoleta de agrot\u00f3xicos da Rhodia em [&hellip;]<\/p>\n","protected":false},"author":1,"featured_media":930,"comment_status":"closed","ping_status":"closed","sticky":false,"template":"","format":"standard","meta":{"footnotes":""},"categories":[1],"tags":[61],"class_list":["post-929","post","type-post","status-publish","format-standard","has-post-thumbnail","hentry","category-sem-categoria","tag-baixadasantista"],"yoast_head":"<!-- This site is optimized with the Yoast SEO Premium plugin v26.7 (Yoast SEO v26.7) - https:\/\/yoast.com\/wordpress\/plugins\/seo\/ -->\n<title>Ap\u00f3s 30 anos do caso Rhodia, \u00e1reas seguem contaminadas na Baixada Santista - AGUAVIVA<\/title>\n<meta name=\"robots\" content=\"index, follow, max-snippet:-1, max-image-preview:large, max-video-preview:-1\" \/>\n<link rel=\"canonical\" href=\"https:\/\/guaruja.org.br\/aguaviva\/apos-30-anos-do-caso-rhodia-areas-seguem-contaminadas-na-baixada-santista\/\" \/>\n<meta property=\"og:locale\" content=\"pt_BR\" \/>\n<meta property=\"og:type\" content=\"article\" \/>\n<meta property=\"og:title\" content=\"Ap\u00f3s 30 anos do caso Rhodia, \u00e1reas seguem contaminadas na Baixada Santista\" \/>\n<meta property=\"og:description\" content=\"Fechada h\u00e1 30 anos, a f\u00e1brica de agrot\u00f3xicos da Rhodia espalhou res\u00edduos t\u00f3xicos em extensas \u00e1reas da Baixada. Como solu\u00e7\u00e3o, prop\u00f4s medidas inadequadas, como a incinera\u00e7\u00e3o das toneladas de contaminantes, inclusive em outros estados, como a Bahia. S\u00e3o Paulo \u2013 Em junho de 1993, a interdi\u00e7\u00e3o de uma f\u00e1brica obsoleta de agrot\u00f3xicos da Rhodia em [&hellip;]\" \/>\n<meta property=\"og:url\" content=\"https:\/\/guaruja.org.br\/aguaviva\/apos-30-anos-do-caso-rhodia-areas-seguem-contaminadas-na-baixada-santista\/\" \/>\n<meta property=\"og:site_name\" content=\"AGUAVIVA\" \/>\n<meta property=\"article:publisher\" content=\"https:\/\/www.facebook.com\/guarujaaguaviva\" \/>\n<meta property=\"article:published_time\" content=\"2023-10-30T20:19:46+00:00\" \/>\n<meta property=\"article:modified_time\" content=\"2023-10-30T20:19:54+00:00\" \/>\n<meta property=\"og:image\" content=\"https:\/\/guaruja.org.br\/aguaviva\/wp-content\/uploads\/2023\/10\/caso-rhodia-1.jpg\" \/>\n\t<meta property=\"og:image:width\" content=\"1200\" \/>\n\t<meta property=\"og:image:height\" content=\"754\" \/>\n\t<meta property=\"og:image:type\" content=\"image\/jpeg\" \/>\n<meta name=\"author\" content=\"morgana\" \/>\n<meta name=\"twitter:card\" content=\"summary_large_image\" \/>\n<meta name=\"twitter:label1\" content=\"Escrito por\" \/>\n\t<meta name=\"twitter:data1\" content=\"morgana\" \/>\n\t<meta name=\"twitter:label2\" content=\"Est. tempo de leitura\" \/>\n\t<meta name=\"twitter:data2\" content=\"4 minutos\" \/>\n<script type=\"application\/ld+json\" class=\"yoast-schema-graph\">{\"@context\":\"https:\/\/schema.org\",\"@graph\":[{\"@type\":\"Article\",\"@id\":\"https:\/\/guaruja.org.br\/aguaviva\/apos-30-anos-do-caso-rhodia-areas-seguem-contaminadas-na-baixada-santista\/#article\",\"isPartOf\":{\"@id\":\"https:\/\/guaruja.org.br\/aguaviva\/apos-30-anos-do-caso-rhodia-areas-seguem-contaminadas-na-baixada-santista\/\"},\"author\":{\"name\":\"morgana\",\"@id\":\"https:\/\/guaruja.org.br\/aguaviva\/#\/schema\/person\/9eebcb3a8418982418c00d543a25aee4\"},\"headline\":\"Ap\u00f3s 30 anos do caso Rhodia, \u00e1reas seguem contaminadas na Baixada Santista\",\"datePublished\":\"2023-10-30T20:19:46+00:00\",\"dateModified\":\"2023-10-30T20:19:54+00:00\",\"mainEntityOfPage\":{\"@id\":\"https:\/\/guaruja.org.br\/aguaviva\/apos-30-anos-do-caso-rhodia-areas-seguem-contaminadas-na-baixada-santista\/\"},\"wordCount\":777,\"publisher\":{\"@id\":\"https:\/\/guaruja.org.br\/aguaviva\/#organization\"},\"image\":{\"@id\":\"https:\/\/guaruja.org.br\/aguaviva\/apos-30-anos-do-caso-rhodia-areas-seguem-contaminadas-na-baixada-santista\/#primaryimage\"},\"thumbnailUrl\":\"https:\/\/guaruja.org.br\/aguaviva\/wp-content\/uploads\/2023\/10\/caso-rhodia-1.jpg\",\"keywords\":[\"baixadasantista\"],\"inLanguage\":\"pt-BR\"},{\"@type\":\"WebPage\",\"@id\":\"https:\/\/guaruja.org.br\/aguaviva\/apos-30-anos-do-caso-rhodia-areas-seguem-contaminadas-na-baixada-santista\/\",\"url\":\"https:\/\/guaruja.org.br\/aguaviva\/apos-30-anos-do-caso-rhodia-areas-seguem-contaminadas-na-baixada-santista\/\",\"name\":\"Ap\u00f3s 30 anos do caso Rhodia, \u00e1reas seguem contaminadas na Baixada Santista - AGUAVIVA\",\"isPartOf\":{\"@id\":\"https:\/\/guaruja.org.br\/aguaviva\/#website\"},\"primaryImageOfPage\":{\"@id\":\"https:\/\/guaruja.org.br\/aguaviva\/apos-30-anos-do-caso-rhodia-areas-seguem-contaminadas-na-baixada-santista\/#primaryimage\"},\"image\":{\"@id\":\"https:\/\/guaruja.org.br\/aguaviva\/apos-30-anos-do-caso-rhodia-areas-seguem-contaminadas-na-baixada-santista\/#primaryimage\"},\"thumbnailUrl\":\"https:\/\/guaruja.org.br\/aguaviva\/wp-content\/uploads\/2023\/10\/caso-rhodia-1.jpg\",\"datePublished\":\"2023-10-30T20:19:46+00:00\",\"dateModified\":\"2023-10-30T20:19:54+00:00\",\"breadcrumb\":{\"@id\":\"https:\/\/guaruja.org.br\/aguaviva\/apos-30-anos-do-caso-rhodia-areas-seguem-contaminadas-na-baixada-santista\/#breadcrumb\"},\"inLanguage\":\"pt-BR\",\"potentialAction\":[{\"@type\":\"ReadAction\",\"target\":[\"https:\/\/guaruja.org.br\/aguaviva\/apos-30-anos-do-caso-rhodia-areas-seguem-contaminadas-na-baixada-santista\/\"]}]},{\"@type\":\"ImageObject\",\"inLanguage\":\"pt-BR\",\"@id\":\"https:\/\/guaruja.org.br\/aguaviva\/apos-30-anos-do-caso-rhodia-areas-seguem-contaminadas-na-baixada-santista\/#primaryimage\",\"url\":\"https:\/\/guaruja.org.br\/aguaviva\/wp-content\/uploads\/2023\/10\/caso-rhodia-1.jpg\",\"contentUrl\":\"https:\/\/guaruja.org.br\/aguaviva\/wp-content\/uploads\/2023\/10\/caso-rhodia-1.jpg\",\"width\":1200,\"height\":754},{\"@type\":\"BreadcrumbList\",\"@id\":\"https:\/\/guaruja.org.br\/aguaviva\/apos-30-anos-do-caso-rhodia-areas-seguem-contaminadas-na-baixada-santista\/#breadcrumb\",\"itemListElement\":[{\"@type\":\"ListItem\",\"position\":1,\"name\":\"In\u00edcio\",\"item\":\"https:\/\/guaruja.org.br\/aguaviva\/\"},{\"@type\":\"ListItem\",\"position\":2,\"name\":\"Ap\u00f3s 30 anos do caso Rhodia, \u00e1reas seguem contaminadas na Baixada Santista\"}]},{\"@type\":\"WebSite\",\"@id\":\"https:\/\/guaruja.org.br\/aguaviva\/#website\",\"url\":\"https:\/\/guaruja.org.br\/aguaviva\/\",\"name\":\"AGUAVIVA\",\"description\":\"Associa\u00e7\u00e3o Guaruj\u00e1 Viva\",\"publisher\":{\"@id\":\"https:\/\/guaruja.org.br\/aguaviva\/#organization\"},\"alternateName\":\"AGUAVIVA\",\"potentialAction\":[{\"@type\":\"SearchAction\",\"target\":{\"@type\":\"EntryPoint\",\"urlTemplate\":\"https:\/\/guaruja.org.br\/aguaviva\/?s={search_term_string}\"},\"query-input\":{\"@type\":\"PropertyValueSpecification\",\"valueRequired\":true,\"valueName\":\"search_term_string\"}}],\"inLanguage\":\"pt-BR\"},{\"@type\":\"Organization\",\"@id\":\"https:\/\/guaruja.org.br\/aguaviva\/#organization\",\"name\":\"AGUAVIVA\",\"alternateName\":\"AGUAVIVA\",\"url\":\"https:\/\/guaruja.org.br\/aguaviva\/\",\"logo\":{\"@type\":\"ImageObject\",\"inLanguage\":\"pt-BR\",\"@id\":\"https:\/\/guaruja.org.br\/aguaviva\/#\/schema\/logo\/image\/\",\"url\":\"https:\/\/guaruja.org.br\/aguaviva\/wp-content\/uploads\/2025\/03\/logo-aguaviva-horizontal.png\",\"contentUrl\":\"https:\/\/guaruja.org.br\/aguaviva\/wp-content\/uploads\/2025\/03\/logo-aguaviva-horizontal.png\",\"width\":3280,\"height\":1080,\"caption\":\"AGUAVIVA\"},\"image\":{\"@id\":\"https:\/\/guaruja.org.br\/aguaviva\/#\/schema\/logo\/image\/\"},\"sameAs\":[\"https:\/\/www.facebook.com\/guarujaaguaviva\",\"https:\/\/www.instagram.com\/aguavivaguaruja\/\"]},{\"@type\":\"Person\",\"@id\":\"https:\/\/guaruja.org.br\/aguaviva\/#\/schema\/person\/9eebcb3a8418982418c00d543a25aee4\",\"name\":\"morgana\",\"sameAs\":[\"https:\/\/guaruja.org.br\/aguaviva-02\"],\"url\":\"https:\/\/guaruja.org.br\/aguaviva\/author\/morgana\/\"}]}<\/script>\n<!-- \/ Yoast SEO Premium plugin. -->","yoast_head_json":{"title":"Ap\u00f3s 30 anos do caso Rhodia, \u00e1reas seguem contaminadas na Baixada Santista - AGUAVIVA","robots":{"index":"index","follow":"follow","max-snippet":"max-snippet:-1","max-image-preview":"max-image-preview:large","max-video-preview":"max-video-preview:-1"},"canonical":"https:\/\/guaruja.org.br\/aguaviva\/apos-30-anos-do-caso-rhodia-areas-seguem-contaminadas-na-baixada-santista\/","og_locale":"pt_BR","og_type":"article","og_title":"Ap\u00f3s 30 anos do caso Rhodia, \u00e1reas seguem contaminadas na Baixada Santista","og_description":"Fechada h\u00e1 30 anos, a f\u00e1brica de agrot\u00f3xicos da Rhodia espalhou res\u00edduos t\u00f3xicos em extensas \u00e1reas da Baixada. Como solu\u00e7\u00e3o, prop\u00f4s medidas inadequadas, como a incinera\u00e7\u00e3o das toneladas de contaminantes, inclusive em outros estados, como a Bahia. S\u00e3o Paulo \u2013 Em junho de 1993, a interdi\u00e7\u00e3o de uma f\u00e1brica obsoleta de agrot\u00f3xicos da Rhodia em [&hellip;]","og_url":"https:\/\/guaruja.org.br\/aguaviva\/apos-30-anos-do-caso-rhodia-areas-seguem-contaminadas-na-baixada-santista\/","og_site_name":"AGUAVIVA","article_publisher":"https:\/\/www.facebook.com\/guarujaaguaviva","article_published_time":"2023-10-30T20:19:46+00:00","article_modified_time":"2023-10-30T20:19:54+00:00","og_image":[{"width":1200,"height":754,"url":"https:\/\/guaruja.org.br\/aguaviva\/wp-content\/uploads\/2023\/10\/caso-rhodia-1.jpg","type":"image\/jpeg"}],"author":"morgana","twitter_card":"summary_large_image","twitter_misc":{"Escrito por":"morgana","Est. tempo de leitura":"4 minutos"},"schema":{"@context":"https:\/\/schema.org","@graph":[{"@type":"Article","@id":"https:\/\/guaruja.org.br\/aguaviva\/apos-30-anos-do-caso-rhodia-areas-seguem-contaminadas-na-baixada-santista\/#article","isPartOf":{"@id":"https:\/\/guaruja.org.br\/aguaviva\/apos-30-anos-do-caso-rhodia-areas-seguem-contaminadas-na-baixada-santista\/"},"author":{"name":"morgana","@id":"https:\/\/guaruja.org.br\/aguaviva\/#\/schema\/person\/9eebcb3a8418982418c00d543a25aee4"},"headline":"Ap\u00f3s 30 anos do caso Rhodia, \u00e1reas seguem contaminadas na Baixada Santista","datePublished":"2023-10-30T20:19:46+00:00","dateModified":"2023-10-30T20:19:54+00:00","mainEntityOfPage":{"@id":"https:\/\/guaruja.org.br\/aguaviva\/apos-30-anos-do-caso-rhodia-areas-seguem-contaminadas-na-baixada-santista\/"},"wordCount":777,"publisher":{"@id":"https:\/\/guaruja.org.br\/aguaviva\/#organization"},"image":{"@id":"https:\/\/guaruja.org.br\/aguaviva\/apos-30-anos-do-caso-rhodia-areas-seguem-contaminadas-na-baixada-santista\/#primaryimage"},"thumbnailUrl":"https:\/\/guaruja.org.br\/aguaviva\/wp-content\/uploads\/2023\/10\/caso-rhodia-1.jpg","keywords":["baixadasantista"],"inLanguage":"pt-BR"},{"@type":"WebPage","@id":"https:\/\/guaruja.org.br\/aguaviva\/apos-30-anos-do-caso-rhodia-areas-seguem-contaminadas-na-baixada-santista\/","url":"https:\/\/guaruja.org.br\/aguaviva\/apos-30-anos-do-caso-rhodia-areas-seguem-contaminadas-na-baixada-santista\/","name":"Ap\u00f3s 30 anos do caso Rhodia, \u00e1reas seguem contaminadas na Baixada Santista - AGUAVIVA","isPartOf":{"@id":"https:\/\/guaruja.org.br\/aguaviva\/#website"},"primaryImageOfPage":{"@id":"https:\/\/guaruja.org.br\/aguaviva\/apos-30-anos-do-caso-rhodia-areas-seguem-contaminadas-na-baixada-santista\/#primaryimage"},"image":{"@id":"https:\/\/guaruja.org.br\/aguaviva\/apos-30-anos-do-caso-rhodia-areas-seguem-contaminadas-na-baixada-santista\/#primaryimage"},"thumbnailUrl":"https:\/\/guaruja.org.br\/aguaviva\/wp-content\/uploads\/2023\/10\/caso-rhodia-1.jpg","datePublished":"2023-10-30T20:19:46+00:00","dateModified":"2023-10-30T20:19:54+00:00","breadcrumb":{"@id":"https:\/\/guaruja.org.br\/aguaviva\/apos-30-anos-do-caso-rhodia-areas-seguem-contaminadas-na-baixada-santista\/#breadcrumb"},"inLanguage":"pt-BR","potentialAction":[{"@type":"ReadAction","target":["https:\/\/guaruja.org.br\/aguaviva\/apos-30-anos-do-caso-rhodia-areas-seguem-contaminadas-na-baixada-santista\/"]}]},{"@type":"ImageObject","inLanguage":"pt-BR","@id":"https:\/\/guaruja.org.br\/aguaviva\/apos-30-anos-do-caso-rhodia-areas-seguem-contaminadas-na-baixada-santista\/#primaryimage","url":"https:\/\/guaruja.org.br\/aguaviva\/wp-content\/uploads\/2023\/10\/caso-rhodia-1.jpg","contentUrl":"https:\/\/guaruja.org.br\/aguaviva\/wp-content\/uploads\/2023\/10\/caso-rhodia-1.jpg","width":1200,"height":754},{"@type":"BreadcrumbList","@id":"https:\/\/guaruja.org.br\/aguaviva\/apos-30-anos-do-caso-rhodia-areas-seguem-contaminadas-na-baixada-santista\/#breadcrumb","itemListElement":[{"@type":"ListItem","position":1,"name":"In\u00edcio","item":"https:\/\/guaruja.org.br\/aguaviva\/"},{"@type":"ListItem","position":2,"name":"Ap\u00f3s 30 anos do caso Rhodia, \u00e1reas seguem contaminadas na Baixada Santista"}]},{"@type":"WebSite","@id":"https:\/\/guaruja.org.br\/aguaviva\/#website","url":"https:\/\/guaruja.org.br\/aguaviva\/","name":"AGUAVIVA","description":"Associa\u00e7\u00e3o Guaruj\u00e1 Viva","publisher":{"@id":"https:\/\/guaruja.org.br\/aguaviva\/#organization"},"alternateName":"AGUAVIVA","potentialAction":[{"@type":"SearchAction","target":{"@type":"EntryPoint","urlTemplate":"https:\/\/guaruja.org.br\/aguaviva\/?s={search_term_string}"},"query-input":{"@type":"PropertyValueSpecification","valueRequired":true,"valueName":"search_term_string"}}],"inLanguage":"pt-BR"},{"@type":"Organization","@id":"https:\/\/guaruja.org.br\/aguaviva\/#organization","name":"AGUAVIVA","alternateName":"AGUAVIVA","url":"https:\/\/guaruja.org.br\/aguaviva\/","logo":{"@type":"ImageObject","inLanguage":"pt-BR","@id":"https:\/\/guaruja.org.br\/aguaviva\/#\/schema\/logo\/image\/","url":"https:\/\/guaruja.org.br\/aguaviva\/wp-content\/uploads\/2025\/03\/logo-aguaviva-horizontal.png","contentUrl":"https:\/\/guaruja.org.br\/aguaviva\/wp-content\/uploads\/2025\/03\/logo-aguaviva-horizontal.png","width":3280,"height":1080,"caption":"AGUAVIVA"},"image":{"@id":"https:\/\/guaruja.org.br\/aguaviva\/#\/schema\/logo\/image\/"},"sameAs":["https:\/\/www.facebook.com\/guarujaaguaviva","https:\/\/www.instagram.com\/aguavivaguaruja\/"]},{"@type":"Person","@id":"https:\/\/guaruja.org.br\/aguaviva\/#\/schema\/person\/9eebcb3a8418982418c00d543a25aee4","name":"morgana","sameAs":["https:\/\/guaruja.org.br\/aguaviva-02"],"url":"https:\/\/guaruja.org.br\/aguaviva\/author\/morgana\/"}]}},"_links":{"self":[{"href":"https:\/\/guaruja.org.br\/aguaviva\/wp-json\/wp\/v2\/posts\/929","targetHints":{"allow":["GET"]}}],"collection":[{"href":"https:\/\/guaruja.org.br\/aguaviva\/wp-json\/wp\/v2\/posts"}],"about":[{"href":"https:\/\/guaruja.org.br\/aguaviva\/wp-json\/wp\/v2\/types\/post"}],"author":[{"embeddable":true,"href":"https:\/\/guaruja.org.br\/aguaviva\/wp-json\/wp\/v2\/users\/1"}],"replies":[{"embeddable":true,"href":"https:\/\/guaruja.org.br\/aguaviva\/wp-json\/wp\/v2\/comments?post=929"}],"version-history":[{"count":1,"href":"https:\/\/guaruja.org.br\/aguaviva\/wp-json\/wp\/v2\/posts\/929\/revisions"}],"predecessor-version":[{"id":931,"href":"https:\/\/guaruja.org.br\/aguaviva\/wp-json\/wp\/v2\/posts\/929\/revisions\/931"}],"wp:featuredmedia":[{"embeddable":true,"href":"https:\/\/guaruja.org.br\/aguaviva\/wp-json\/wp\/v2\/media\/930"}],"wp:attachment":[{"href":"https:\/\/guaruja.org.br\/aguaviva\/wp-json\/wp\/v2\/media?parent=929"}],"wp:term":[{"taxonomy":"category","embeddable":true,"href":"https:\/\/guaruja.org.br\/aguaviva\/wp-json\/wp\/v2\/categories?post=929"},{"taxonomy":"post_tag","embeddable":true,"href":"https:\/\/guaruja.org.br\/aguaviva\/wp-json\/wp\/v2\/tags?post=929"}],"curies":[{"name":"wp","href":"https:\/\/api.w.org\/{rel}","templated":true}]}}