{"id":962,"date":"2023-12-01T14:13:58","date_gmt":"2023-12-01T17:13:58","guid":{"rendered":"https:\/\/guaruja.org.br\/aguaviva\/?p=962"},"modified":"2023-12-04T08:13:50","modified_gmt":"2023-12-04T11:13:50","slug":"engenheiro-protocola-mais-um-pedido-de-impeachment-de-valter-suman-na-camara-de-guaruja","status":"publish","type":"post","link":"https:\/\/guaruja.org.br\/aguaviva\/engenheiro-protocola-mais-um-pedido-de-impeachment-de-valter-suman-na-camara-de-guaruja\/","title":{"rendered":"Engenheiro protocola mais um pedido de impeachment de Valter Suman na C\u00e2mara de Guaruj\u00e1"},"content":{"rendered":"\n<p>Mais uma vez, o presidente da Associa\u00e7\u00e3o Guaruj\u00e1 Viva solicita o afastamento do prefeito que \u00e9 acusado pelo MPF de desvio de recursos da sa\u00fade<\/p>\n\n\n\n<p>A pol\u00edtica de Guaruj\u00e1 voltou a estampar novamente as manchetes policiais. O Minist\u00e9rio P\u00fablico Federal (MPF) denunciou Valter Suman (PSDB), prefeito da Cidade. O fato novo desta vez foi o crime de lavagem de dinheiro. De acordo com a Pol\u00edcia Federal (PF), Suman foi apontado como l\u00edder de uma organiza\u00e7\u00e3o criminosa, que teria desviado mais de R$ 109 milh\u00f5es da Sa\u00fade. O MPF pede o afastamento do pol\u00edtico e o confisco do dinheiro de corrup\u00e7\u00e3o encontrado com ele.<\/p>\n\n\n\n<p>Diante dos fatos, o engenheiro <a href=\"http:\/\/josemanoelfg.com.br\" target=\"_blank\" rel=\"noreferrer noopener\">Jos\u00e9 Manoel Ferreira Gon\u00e7alves<\/a>, autor de dois pedidos anteriores de impeachment do prefeito Valter Suman, ambos rejeitados pela C\u00e2mara Municipal, protocolou mais um nesta manh\u00e3 de sexta-feira na sede do Legislativo Municipal.<\/p>\n\n\n\n<p>Jos\u00e9 Manoel, no seu pedido, solicita o afastamento definitivo do chefe do Executivo pela pr\u00e1tica, em tese, de crime de responsabilidade e quebra de decoro na fun\u00e7\u00e3o p\u00fablica de Prefeito, face aos grav\u00edssimos fatos j\u00e1 listados em dois pedidos de impeachment anteriormente apresentados e agora com substanciado no fato novo a partir da decis\u00e3o do desembargador Federal, Nino Oliveira Toldo, diante da den\u00fancia oferecida pelo MPF em desfavor de Suman.<\/p>\n\n\n\n<p>\u201cN\u00f3 queremos a verdade dos fatos. Esse processo vem h\u00e1 algum tempo, desde a pandemia, e acusa o prefeito de desvio de recursos p\u00fablicos da \u00e1rea da sa\u00fade, mesmo o prefeito sendo um m\u00e9dico. S\u00e3o absurdos em cima de absurdos. O processo est\u00e1 se afunilando e as decis\u00f5es est\u00e3o se aproximando da realidade da situa\u00e7\u00e3o\u201d, disse Jos\u00e9 Manoel.<\/p>\n\n\n\n<p>Na nova den\u00fancia, o MPF conclui que o Suman e Marcelo Nicolau, e ex-secret\u00e1rio de Educa\u00e7\u00e3o da Cidade, cometeram o crime de lavagem de capitais, j\u00e1 que foi constatada a oculta\u00e7\u00e3o de dinheiro recebido de maneira indevida, oriundo de desvios de recursos p\u00fablicos, al\u00e9m de outros atos de corrup\u00e7\u00e3o envolvendo contratos assinados pelo munic\u00edpio e empresas fornecedoras de bens ou servi\u00e7os p\u00fablicos.<\/p>\n\n\n\n<p>O MPF apontou que o dinheiro era transferido para locais seguros e ocultado em quatro endere\u00e7os diferentes (resid\u00eancia do prefeito, em Guaruj\u00e1; outro im\u00f3vel dele, em Santos; em um apartamento em S\u00e3o Paulo, que era ocupado por Marcelo Nicolau; e tamb\u00e9m no gabinete do prefeito de Guaruj\u00e1.<\/p>\n\n\n\n<p>O MPF solicitou a notifica\u00e7\u00e3o de Suman e Nicolau, que ter\u00e3o o prazo de 15 dias para apresentar suas respostas \u00e0s den\u00fancias feitas pelo \u00f3rg\u00e3o, conforme decidido pelo desembargador Nino Toldo, do Tribunal Regional Federal da 3\u00aa Regi\u00e3o, em notifica\u00e7\u00e3o enviada aos denunciados no dia 21 de novembro.<\/p>\n\n\n\n<h2 class=\"wp-block-heading\">Pedido<\/h2>\n\n\n\n<p>Jos\u00e9 Manoel pediu o afastamento imediato de Suman, com a cassa\u00e7\u00e3o do mandato e o afastamento de qualquer cargo p\u00fablico por oito anos.<\/p>\n\n\n\n<figure class=\"wp-block-video\"><video height=\"1920\" style=\"aspect-ratio: 1080 \/ 1920;\" width=\"1080\" controls src=\"https:\/\/guaruja.org.br\/aguaviva\/wp-content\/uploads\/2023\/12\/@JoseManoelFG.mp4\"><\/video><\/figure>\n\n\n\n<figure class=\"wp-block-image size-large\"><img fetchpriority=\"high\" decoding=\"async\" width=\"843\" height=\"1024\" src=\"https:\/\/guaruja.org.br\/aguaviva\/wp-content\/uploads\/2023\/12\/Protocolo-do-Pedido-de-Impeachment-01.12.2023-843x1024.jpg\" alt=\"\" class=\"wp-image-964\" srcset=\"https:\/\/guaruja.org.br\/aguaviva\/wp-content\/uploads\/2023\/12\/Protocolo-do-Pedido-de-Impeachment-01.12.2023-843x1024.jpg 843w, https:\/\/guaruja.org.br\/aguaviva\/wp-content\/uploads\/2023\/12\/Protocolo-do-Pedido-de-Impeachment-01.12.2023-247x300.jpg 247w, https:\/\/guaruja.org.br\/aguaviva\/wp-content\/uploads\/2023\/12\/Protocolo-do-Pedido-de-Impeachment-01.12.2023-768x933.jpg 768w, https:\/\/guaruja.org.br\/aguaviva\/wp-content\/uploads\/2023\/12\/Protocolo-do-Pedido-de-Impeachment-01.12.2023.jpg 1200w\" sizes=\"(max-width: 843px) 100vw, 843px\" \/><\/figure>\n\n\n\n<h2 class=\"wp-block-heading\">Saiu na M\u00eddia<\/h2>\n\n\n\n<figure class=\"wp-block-image size-large is-resized\"><img decoding=\"async\" width=\"1024\" height=\"1024\" src=\"https:\/\/guaruja.org.br\/aguaviva\/wp-content\/uploads\/2023\/12\/Saiu-na-Midia-AGUAVIVA-4-1024x1024.png\" alt=\"\" class=\"wp-image-972\" style=\"width:840px;height:auto\" srcset=\"https:\/\/guaruja.org.br\/aguaviva\/wp-content\/uploads\/2023\/12\/Saiu-na-Midia-AGUAVIVA-4-1024x1024.png 1024w, https:\/\/guaruja.org.br\/aguaviva\/wp-content\/uploads\/2023\/12\/Saiu-na-Midia-AGUAVIVA-4-300x300.png 300w, https:\/\/guaruja.org.br\/aguaviva\/wp-content\/uploads\/2023\/12\/Saiu-na-Midia-AGUAVIVA-4-150x150.png 150w, https:\/\/guaruja.org.br\/aguaviva\/wp-content\/uploads\/2023\/12\/Saiu-na-Midia-AGUAVIVA-4-768x768.png 768w, https:\/\/guaruja.org.br\/aguaviva\/wp-content\/uploads\/2023\/12\/Saiu-na-Midia-AGUAVIVA-4.png 1080w\" sizes=\"(max-width: 1024px) 100vw, 1024px\" \/><\/figure>\n\n\n\n<figure class=\"wp-block-image size-large\"><img decoding=\"async\" width=\"1024\" height=\"1024\" src=\"https:\/\/guaruja.org.br\/aguaviva\/wp-content\/uploads\/2023\/12\/Saiu-na-Midia-AGUAVIVA-3-1024x1024.png\" alt=\"\" class=\"wp-image-974\" srcset=\"https:\/\/guaruja.org.br\/aguaviva\/wp-content\/uploads\/2023\/12\/Saiu-na-Midia-AGUAVIVA-3-1024x1024.png 1024w, https:\/\/guaruja.org.br\/aguaviva\/wp-content\/uploads\/2023\/12\/Saiu-na-Midia-AGUAVIVA-3-300x300.png 300w, https:\/\/guaruja.org.br\/aguaviva\/wp-content\/uploads\/2023\/12\/Saiu-na-Midia-AGUAVIVA-3-150x150.png 150w, https:\/\/guaruja.org.br\/aguaviva\/wp-content\/uploads\/2023\/12\/Saiu-na-Midia-AGUAVIVA-3-768x768.png 768w, https:\/\/guaruja.org.br\/aguaviva\/wp-content\/uploads\/2023\/12\/Saiu-na-Midia-AGUAVIVA-3.png 1080w\" sizes=\"(max-width: 1024px) 100vw, 1024px\" \/><\/figure>\n\n\n\n<p><a href=\"https:\/\/jornalfluminense.com.br\/noticia\/8147\/engenheiro-protocola-mais-um-pedido-de-impeachment-de-valter-suman-na-camara-de-guaruja\">https:\/\/jornalfluminense.com.br\/noticia\/8147\/engenheiro-protocola-mais-um-pedido-de-impeachment-de-valter-suman-na-camara-de-guaruja<\/a><\/p>\n\n\n\n<p><a href=\"https:\/\/jornaldobelem.com.br\/noticia\/23304\/engenheiro-protocola-mais-um-pedido-de-impeachment-de-valter-suman-na-camara-de-guaruja\">https:\/\/jornaldobelem.com.br\/noticia\/23304\/engenheiro-protocola-mais-um-pedido-de-impeachment-de-valter-suman-na-camara-de-guaruja<\/a><\/p>\n\n\n\n<p><a href=\"https:\/\/gazetadasemana.com.br\/noticia\/146680\/engenheiro-protocola-mais-um-pedido-de-impeachment-de-valter-suman-na-camara-de-guaruja\">https:\/\/gazetadasemana.com.br\/noticia\/146680\/engenheiro-protocola-mais-um-pedido-de-impeachment-de-valter-suman-na-camara-de-guaruja<\/a><\/p>\n\n\n\n<p><a href=\"https:\/\/abnoticianews.com.br\/noticia\/141529\/engenheiro-protocola-mais-um-pedido-de-impeachment-de-valter-suman-na-camara-de-guaruja\">https:\/\/abnoticianews.com.br\/noticia\/141529\/engenheiro-protocola-mais-um-pedido-de-impeachment-de-valter-suman-na-camara-de-guaruja<\/a><\/p>\n\n\n\n<p><a href=\"https:\/\/revistasaoroque.com.br\/noticia\/7133\/engenheiro-protocola-mais-um-pedido-de-impeachment-de-valter-suman-na-camara-de-guaruja\">https:\/\/revistasaoroque.com.br\/noticia\/7133\/engenheiro-protocola-mais-um-pedido-de-impeachment-de-valter-suman-na-camara-de-guaruja<\/a><\/p>\n\n\n\n<p><a href=\"https:\/\/jornalalvorada.com.br\/noticia\/1897\/engenheiro-protocola-mais-um-pedido-de-impeachment-de-valter-suman-na-camara-de-guaruja\">https:\/\/jornalalvorada.com.br\/noticia\/1897\/engenheiro-protocola-mais-um-pedido-de-impeachment-de-valter-suman-na-camara-de-guaruja<\/a><\/p>\n\n\n\n<p><a href=\"https:\/\/noticiasdoes.com.br\/noticia\/40720\/engenheiro-protocola-mais-um-pedido-de-impeachment-de-valter-suman-na-camara-de-guaruja\">https:\/\/noticiasdoes.com.br\/noticia\/40720\/engenheiro-protocola-mais-um-pedido-de-impeachment-de-valter-suman-na-camara-de-guaruja<\/a><\/p>\n\n\n\n<p><a href=\"https:\/\/aredacaorj.com.br\/noticia\/2410\/engenheiro-protocola-mais-um-pedido-de-impeachment-de-valter-suman-na-camara-de-guaruja\">https:\/\/aredacaorj.com.br\/noticia\/2410\/engenheiro-protocola-mais-um-pedido-de-impeachment-de-valter-suman-na-camara-de-guaruja<\/a><\/p>\n","protected":false},"excerpt":{"rendered":"<p>Mais uma vez, o presidente da Associa\u00e7\u00e3o Guaruj\u00e1 Viva solicita o afastamento do prefeito que \u00e9 acusado pelo MPF de desvio de recursos da sa\u00fade A pol\u00edtica de Guaruj\u00e1 voltou a estampar novamente as manchetes policiais. O Minist\u00e9rio P\u00fablico Federal (MPF) denunciou Valter Suman (PSDB), prefeito da Cidade. O fato novo desta vez foi o [&hellip;]<\/p>\n","protected":false},"author":1,"featured_media":965,"comment_status":"closed","ping_status":"closed","sticky":false,"template":"","format":"standard","meta":{"footnotes":""},"categories":[34],"tags":[39,80],"class_list":["post-962","post","type-post","status-publish","format-standard","has-post-thumbnail","hentry","category-releases","tag-guaruja-3","tag-valtersuman"],"yoast_head":"<!-- This site is optimized with the Yoast SEO Premium plugin v26.7 (Yoast SEO v26.7) - https:\/\/yoast.com\/wordpress\/plugins\/seo\/ -->\n<title>Engenheiro protocola mais um pedido de impeachment de Valter Suman na C\u00e2mara de Guaruj\u00e1 - AGUAVIVA<\/title>\n<meta name=\"robots\" content=\"index, follow, max-snippet:-1, max-image-preview:large, max-video-preview:-1\" \/>\n<link rel=\"canonical\" href=\"https:\/\/guaruja.org.br\/aguaviva\/engenheiro-protocola-mais-um-pedido-de-impeachment-de-valter-suman-na-camara-de-guaruja\/\" \/>\n<meta property=\"og:locale\" content=\"pt_BR\" \/>\n<meta property=\"og:type\" content=\"article\" \/>\n<meta property=\"og:title\" content=\"Engenheiro protocola mais um pedido de impeachment de Valter Suman na C\u00e2mara de Guaruj\u00e1\" \/>\n<meta property=\"og:description\" content=\"Mais uma vez, o presidente da Associa\u00e7\u00e3o Guaruj\u00e1 Viva solicita o afastamento do prefeito que \u00e9 acusado pelo MPF de desvio de recursos da sa\u00fade A pol\u00edtica de Guaruj\u00e1 voltou a estampar novamente as manchetes policiais. O Minist\u00e9rio P\u00fablico Federal (MPF) denunciou Valter Suman (PSDB), prefeito da Cidade. O fato novo desta vez foi o [&hellip;]\" \/>\n<meta property=\"og:url\" content=\"https:\/\/guaruja.org.br\/aguaviva\/engenheiro-protocola-mais-um-pedido-de-impeachment-de-valter-suman-na-camara-de-guaruja\/\" \/>\n<meta property=\"og:site_name\" content=\"AGUAVIVA\" \/>\n<meta property=\"article:publisher\" content=\"https:\/\/www.facebook.com\/guarujaaguaviva\" \/>\n<meta property=\"article:published_time\" content=\"2023-12-01T17:13:58+00:00\" \/>\n<meta property=\"article:modified_time\" content=\"2023-12-04T11:13:50+00:00\" \/>\n<meta property=\"og:image\" content=\"https:\/\/guaruja.org.br\/aguaviva\/wp-content\/uploads\/2023\/12\/JOSE-MANOEL-FERREIRA-GONCALVES.jpg\" \/>\n\t<meta property=\"og:image:width\" content=\"720\" \/>\n\t<meta property=\"og:image:height\" content=\"1080\" \/>\n\t<meta property=\"og:image:type\" content=\"image\/jpeg\" \/>\n<meta name=\"author\" content=\"morgana\" \/>\n<meta name=\"twitter:card\" content=\"summary_large_image\" \/>\n<meta name=\"twitter:label1\" content=\"Escrito por\" \/>\n\t<meta name=\"twitter:data1\" content=\"morgana\" \/>\n\t<meta name=\"twitter:label2\" content=\"Est. tempo de leitura\" \/>\n\t<meta name=\"twitter:data2\" content=\"4 minutos\" \/>\n<script type=\"application\/ld+json\" class=\"yoast-schema-graph\">{\"@context\":\"https:\/\/schema.org\",\"@graph\":[{\"@type\":\"Article\",\"@id\":\"https:\/\/guaruja.org.br\/aguaviva\/engenheiro-protocola-mais-um-pedido-de-impeachment-de-valter-suman-na-camara-de-guaruja\/#article\",\"isPartOf\":{\"@id\":\"https:\/\/guaruja.org.br\/aguaviva\/engenheiro-protocola-mais-um-pedido-de-impeachment-de-valter-suman-na-camara-de-guaruja\/\"},\"author\":{\"name\":\"morgana\",\"@id\":\"https:\/\/guaruja.org.br\/aguaviva\/#\/schema\/person\/9eebcb3a8418982418c00d543a25aee4\"},\"headline\":\"Engenheiro protocola mais um pedido de impeachment de Valter Suman na C\u00e2mara de Guaruj\u00e1\",\"datePublished\":\"2023-12-01T17:13:58+00:00\",\"dateModified\":\"2023-12-04T11:13:50+00:00\",\"mainEntityOfPage\":{\"@id\":\"https:\/\/guaruja.org.br\/aguaviva\/engenheiro-protocola-mais-um-pedido-de-impeachment-de-valter-suman-na-camara-de-guaruja\/\"},\"wordCount\":561,\"publisher\":{\"@id\":\"https:\/\/guaruja.org.br\/aguaviva\/#organization\"},\"image\":{\"@id\":\"https:\/\/guaruja.org.br\/aguaviva\/engenheiro-protocola-mais-um-pedido-de-impeachment-de-valter-suman-na-camara-de-guaruja\/#primaryimage\"},\"thumbnailUrl\":\"https:\/\/guaruja.org.br\/aguaviva\/wp-content\/uploads\/2023\/12\/JOSE-MANOEL-FERREIRA-GONCALVES.jpg\",\"keywords\":[\"GUARUJ\u00c1\",\"VALTERSUMAN\"],\"articleSection\":[\"Releases\"],\"inLanguage\":\"pt-BR\"},{\"@type\":\"WebPage\",\"@id\":\"https:\/\/guaruja.org.br\/aguaviva\/engenheiro-protocola-mais-um-pedido-de-impeachment-de-valter-suman-na-camara-de-guaruja\/\",\"url\":\"https:\/\/guaruja.org.br\/aguaviva\/engenheiro-protocola-mais-um-pedido-de-impeachment-de-valter-suman-na-camara-de-guaruja\/\",\"name\":\"Engenheiro protocola mais um pedido de impeachment de Valter Suman na C\u00e2mara de Guaruj\u00e1 - AGUAVIVA\",\"isPartOf\":{\"@id\":\"https:\/\/guaruja.org.br\/aguaviva\/#website\"},\"primaryImageOfPage\":{\"@id\":\"https:\/\/guaruja.org.br\/aguaviva\/engenheiro-protocola-mais-um-pedido-de-impeachment-de-valter-suman-na-camara-de-guaruja\/#primaryimage\"},\"image\":{\"@id\":\"https:\/\/guaruja.org.br\/aguaviva\/engenheiro-protocola-mais-um-pedido-de-impeachment-de-valter-suman-na-camara-de-guaruja\/#primaryimage\"},\"thumbnailUrl\":\"https:\/\/guaruja.org.br\/aguaviva\/wp-content\/uploads\/2023\/12\/JOSE-MANOEL-FERREIRA-GONCALVES.jpg\",\"datePublished\":\"2023-12-01T17:13:58+00:00\",\"dateModified\":\"2023-12-04T11:13:50+00:00\",\"breadcrumb\":{\"@id\":\"https:\/\/guaruja.org.br\/aguaviva\/engenheiro-protocola-mais-um-pedido-de-impeachment-de-valter-suman-na-camara-de-guaruja\/#breadcrumb\"},\"inLanguage\":\"pt-BR\",\"potentialAction\":[{\"@type\":\"ReadAction\",\"target\":[\"https:\/\/guaruja.org.br\/aguaviva\/engenheiro-protocola-mais-um-pedido-de-impeachment-de-valter-suman-na-camara-de-guaruja\/\"]}]},{\"@type\":\"ImageObject\",\"inLanguage\":\"pt-BR\",\"@id\":\"https:\/\/guaruja.org.br\/aguaviva\/engenheiro-protocola-mais-um-pedido-de-impeachment-de-valter-suman-na-camara-de-guaruja\/#primaryimage\",\"url\":\"https:\/\/guaruja.org.br\/aguaviva\/wp-content\/uploads\/2023\/12\/JOSE-MANOEL-FERREIRA-GONCALVES.jpg\",\"contentUrl\":\"https:\/\/guaruja.org.br\/aguaviva\/wp-content\/uploads\/2023\/12\/JOSE-MANOEL-FERREIRA-GONCALVES.jpg\",\"width\":720,\"height\":1080,\"caption\":\"Eng. Jos\u00e9 Manoel Ferreira Gon\u00e7alves, Presidente da AGUAVIVA, Associa\u00e7\u00e3o Guaruj\u00e1 Viva\"},{\"@type\":\"BreadcrumbList\",\"@id\":\"https:\/\/guaruja.org.br\/aguaviva\/engenheiro-protocola-mais-um-pedido-de-impeachment-de-valter-suman-na-camara-de-guaruja\/#breadcrumb\",\"itemListElement\":[{\"@type\":\"ListItem\",\"position\":1,\"name\":\"In\u00edcio\",\"item\":\"https:\/\/guaruja.org.br\/aguaviva\/\"},{\"@type\":\"ListItem\",\"position\":2,\"name\":\"Engenheiro protocola mais um pedido de impeachment de Valter Suman na C\u00e2mara de Guaruj\u00e1\"}]},{\"@type\":\"WebSite\",\"@id\":\"https:\/\/guaruja.org.br\/aguaviva\/#website\",\"url\":\"https:\/\/guaruja.org.br\/aguaviva\/\",\"name\":\"AGUAVIVA\",\"description\":\"Associa\u00e7\u00e3o Guaruj\u00e1 Viva\",\"publisher\":{\"@id\":\"https:\/\/guaruja.org.br\/aguaviva\/#organization\"},\"alternateName\":\"AGUAVIVA\",\"potentialAction\":[{\"@type\":\"SearchAction\",\"target\":{\"@type\":\"EntryPoint\",\"urlTemplate\":\"https:\/\/guaruja.org.br\/aguaviva\/?s={search_term_string}\"},\"query-input\":{\"@type\":\"PropertyValueSpecification\",\"valueRequired\":true,\"valueName\":\"search_term_string\"}}],\"inLanguage\":\"pt-BR\"},{\"@type\":\"Organization\",\"@id\":\"https:\/\/guaruja.org.br\/aguaviva\/#organization\",\"name\":\"AGUAVIVA\",\"alternateName\":\"AGUAVIVA\",\"url\":\"https:\/\/guaruja.org.br\/aguaviva\/\",\"logo\":{\"@type\":\"ImageObject\",\"inLanguage\":\"pt-BR\",\"@id\":\"https:\/\/guaruja.org.br\/aguaviva\/#\/schema\/logo\/image\/\",\"url\":\"https:\/\/guaruja.org.br\/aguaviva\/wp-content\/uploads\/2025\/03\/logo-aguaviva-horizontal.png\",\"contentUrl\":\"https:\/\/guaruja.org.br\/aguaviva\/wp-content\/uploads\/2025\/03\/logo-aguaviva-horizontal.png\",\"width\":3280,\"height\":1080,\"caption\":\"AGUAVIVA\"},\"image\":{\"@id\":\"https:\/\/guaruja.org.br\/aguaviva\/#\/schema\/logo\/image\/\"},\"sameAs\":[\"https:\/\/www.facebook.com\/guarujaaguaviva\",\"https:\/\/www.instagram.com\/aguavivaguaruja\/\"]},{\"@type\":\"Person\",\"@id\":\"https:\/\/guaruja.org.br\/aguaviva\/#\/schema\/person\/9eebcb3a8418982418c00d543a25aee4\",\"name\":\"morgana\",\"sameAs\":[\"https:\/\/guaruja.org.br\/aguaviva-02\"],\"url\":\"https:\/\/guaruja.org.br\/aguaviva\/author\/morgana\/\"}]}<\/script>\n<!-- \/ Yoast SEO Premium plugin. -->","yoast_head_json":{"title":"Engenheiro protocola mais um pedido de impeachment de Valter Suman na C\u00e2mara de Guaruj\u00e1 - AGUAVIVA","robots":{"index":"index","follow":"follow","max-snippet":"max-snippet:-1","max-image-preview":"max-image-preview:large","max-video-preview":"max-video-preview:-1"},"canonical":"https:\/\/guaruja.org.br\/aguaviva\/engenheiro-protocola-mais-um-pedido-de-impeachment-de-valter-suman-na-camara-de-guaruja\/","og_locale":"pt_BR","og_type":"article","og_title":"Engenheiro protocola mais um pedido de impeachment de Valter Suman na C\u00e2mara de Guaruj\u00e1","og_description":"Mais uma vez, o presidente da Associa\u00e7\u00e3o Guaruj\u00e1 Viva solicita o afastamento do prefeito que \u00e9 acusado pelo MPF de desvio de recursos da sa\u00fade A pol\u00edtica de Guaruj\u00e1 voltou a estampar novamente as manchetes policiais. O Minist\u00e9rio P\u00fablico Federal (MPF) denunciou Valter Suman (PSDB), prefeito da Cidade. O fato novo desta vez foi o [&hellip;]","og_url":"https:\/\/guaruja.org.br\/aguaviva\/engenheiro-protocola-mais-um-pedido-de-impeachment-de-valter-suman-na-camara-de-guaruja\/","og_site_name":"AGUAVIVA","article_publisher":"https:\/\/www.facebook.com\/guarujaaguaviva","article_published_time":"2023-12-01T17:13:58+00:00","article_modified_time":"2023-12-04T11:13:50+00:00","og_image":[{"width":720,"height":1080,"url":"https:\/\/guaruja.org.br\/aguaviva\/wp-content\/uploads\/2023\/12\/JOSE-MANOEL-FERREIRA-GONCALVES.jpg","type":"image\/jpeg"}],"author":"morgana","twitter_card":"summary_large_image","twitter_misc":{"Escrito por":"morgana","Est. tempo de leitura":"4 minutos"},"schema":{"@context":"https:\/\/schema.org","@graph":[{"@type":"Article","@id":"https:\/\/guaruja.org.br\/aguaviva\/engenheiro-protocola-mais-um-pedido-de-impeachment-de-valter-suman-na-camara-de-guaruja\/#article","isPartOf":{"@id":"https:\/\/guaruja.org.br\/aguaviva\/engenheiro-protocola-mais-um-pedido-de-impeachment-de-valter-suman-na-camara-de-guaruja\/"},"author":{"name":"morgana","@id":"https:\/\/guaruja.org.br\/aguaviva\/#\/schema\/person\/9eebcb3a8418982418c00d543a25aee4"},"headline":"Engenheiro protocola mais um pedido de impeachment de Valter Suman na C\u00e2mara de Guaruj\u00e1","datePublished":"2023-12-01T17:13:58+00:00","dateModified":"2023-12-04T11:13:50+00:00","mainEntityOfPage":{"@id":"https:\/\/guaruja.org.br\/aguaviva\/engenheiro-protocola-mais-um-pedido-de-impeachment-de-valter-suman-na-camara-de-guaruja\/"},"wordCount":561,"publisher":{"@id":"https:\/\/guaruja.org.br\/aguaviva\/#organization"},"image":{"@id":"https:\/\/guaruja.org.br\/aguaviva\/engenheiro-protocola-mais-um-pedido-de-impeachment-de-valter-suman-na-camara-de-guaruja\/#primaryimage"},"thumbnailUrl":"https:\/\/guaruja.org.br\/aguaviva\/wp-content\/uploads\/2023\/12\/JOSE-MANOEL-FERREIRA-GONCALVES.jpg","keywords":["GUARUJ\u00c1","VALTERSUMAN"],"articleSection":["Releases"],"inLanguage":"pt-BR"},{"@type":"WebPage","@id":"https:\/\/guaruja.org.br\/aguaviva\/engenheiro-protocola-mais-um-pedido-de-impeachment-de-valter-suman-na-camara-de-guaruja\/","url":"https:\/\/guaruja.org.br\/aguaviva\/engenheiro-protocola-mais-um-pedido-de-impeachment-de-valter-suman-na-camara-de-guaruja\/","name":"Engenheiro protocola mais um pedido de impeachment de Valter Suman na C\u00e2mara de Guaruj\u00e1 - AGUAVIVA","isPartOf":{"@id":"https:\/\/guaruja.org.br\/aguaviva\/#website"},"primaryImageOfPage":{"@id":"https:\/\/guaruja.org.br\/aguaviva\/engenheiro-protocola-mais-um-pedido-de-impeachment-de-valter-suman-na-camara-de-guaruja\/#primaryimage"},"image":{"@id":"https:\/\/guaruja.org.br\/aguaviva\/engenheiro-protocola-mais-um-pedido-de-impeachment-de-valter-suman-na-camara-de-guaruja\/#primaryimage"},"thumbnailUrl":"https:\/\/guaruja.org.br\/aguaviva\/wp-content\/uploads\/2023\/12\/JOSE-MANOEL-FERREIRA-GONCALVES.jpg","datePublished":"2023-12-01T17:13:58+00:00","dateModified":"2023-12-04T11:13:50+00:00","breadcrumb":{"@id":"https:\/\/guaruja.org.br\/aguaviva\/engenheiro-protocola-mais-um-pedido-de-impeachment-de-valter-suman-na-camara-de-guaruja\/#breadcrumb"},"inLanguage":"pt-BR","potentialAction":[{"@type":"ReadAction","target":["https:\/\/guaruja.org.br\/aguaviva\/engenheiro-protocola-mais-um-pedido-de-impeachment-de-valter-suman-na-camara-de-guaruja\/"]}]},{"@type":"ImageObject","inLanguage":"pt-BR","@id":"https:\/\/guaruja.org.br\/aguaviva\/engenheiro-protocola-mais-um-pedido-de-impeachment-de-valter-suman-na-camara-de-guaruja\/#primaryimage","url":"https:\/\/guaruja.org.br\/aguaviva\/wp-content\/uploads\/2023\/12\/JOSE-MANOEL-FERREIRA-GONCALVES.jpg","contentUrl":"https:\/\/guaruja.org.br\/aguaviva\/wp-content\/uploads\/2023\/12\/JOSE-MANOEL-FERREIRA-GONCALVES.jpg","width":720,"height":1080,"caption":"Eng. Jos\u00e9 Manoel Ferreira Gon\u00e7alves, Presidente da AGUAVIVA, Associa\u00e7\u00e3o Guaruj\u00e1 Viva"},{"@type":"BreadcrumbList","@id":"https:\/\/guaruja.org.br\/aguaviva\/engenheiro-protocola-mais-um-pedido-de-impeachment-de-valter-suman-na-camara-de-guaruja\/#breadcrumb","itemListElement":[{"@type":"ListItem","position":1,"name":"In\u00edcio","item":"https:\/\/guaruja.org.br\/aguaviva\/"},{"@type":"ListItem","position":2,"name":"Engenheiro protocola mais um pedido de impeachment de Valter Suman na C\u00e2mara de Guaruj\u00e1"}]},{"@type":"WebSite","@id":"https:\/\/guaruja.org.br\/aguaviva\/#website","url":"https:\/\/guaruja.org.br\/aguaviva\/","name":"AGUAVIVA","description":"Associa\u00e7\u00e3o Guaruj\u00e1 Viva","publisher":{"@id":"https:\/\/guaruja.org.br\/aguaviva\/#organization"},"alternateName":"AGUAVIVA","potentialAction":[{"@type":"SearchAction","target":{"@type":"EntryPoint","urlTemplate":"https:\/\/guaruja.org.br\/aguaviva\/?s={search_term_string}"},"query-input":{"@type":"PropertyValueSpecification","valueRequired":true,"valueName":"search_term_string"}}],"inLanguage":"pt-BR"},{"@type":"Organization","@id":"https:\/\/guaruja.org.br\/aguaviva\/#organization","name":"AGUAVIVA","alternateName":"AGUAVIVA","url":"https:\/\/guaruja.org.br\/aguaviva\/","logo":{"@type":"ImageObject","inLanguage":"pt-BR","@id":"https:\/\/guaruja.org.br\/aguaviva\/#\/schema\/logo\/image\/","url":"https:\/\/guaruja.org.br\/aguaviva\/wp-content\/uploads\/2025\/03\/logo-aguaviva-horizontal.png","contentUrl":"https:\/\/guaruja.org.br\/aguaviva\/wp-content\/uploads\/2025\/03\/logo-aguaviva-horizontal.png","width":3280,"height":1080,"caption":"AGUAVIVA"},"image":{"@id":"https:\/\/guaruja.org.br\/aguaviva\/#\/schema\/logo\/image\/"},"sameAs":["https:\/\/www.facebook.com\/guarujaaguaviva","https:\/\/www.instagram.com\/aguavivaguaruja\/"]},{"@type":"Person","@id":"https:\/\/guaruja.org.br\/aguaviva\/#\/schema\/person\/9eebcb3a8418982418c00d543a25aee4","name":"morgana","sameAs":["https:\/\/guaruja.org.br\/aguaviva-02"],"url":"https:\/\/guaruja.org.br\/aguaviva\/author\/morgana\/"}]}},"_links":{"self":[{"href":"https:\/\/guaruja.org.br\/aguaviva\/wp-json\/wp\/v2\/posts\/962","targetHints":{"allow":["GET"]}}],"collection":[{"href":"https:\/\/guaruja.org.br\/aguaviva\/wp-json\/wp\/v2\/posts"}],"about":[{"href":"https:\/\/guaruja.org.br\/aguaviva\/wp-json\/wp\/v2\/types\/post"}],"author":[{"embeddable":true,"href":"https:\/\/guaruja.org.br\/aguaviva\/wp-json\/wp\/v2\/users\/1"}],"replies":[{"embeddable":true,"href":"https:\/\/guaruja.org.br\/aguaviva\/wp-json\/wp\/v2\/comments?post=962"}],"version-history":[{"count":2,"href":"https:\/\/guaruja.org.br\/aguaviva\/wp-json\/wp\/v2\/posts\/962\/revisions"}],"predecessor-version":[{"id":975,"href":"https:\/\/guaruja.org.br\/aguaviva\/wp-json\/wp\/v2\/posts\/962\/revisions\/975"}],"wp:featuredmedia":[{"embeddable":true,"href":"https:\/\/guaruja.org.br\/aguaviva\/wp-json\/wp\/v2\/media\/965"}],"wp:attachment":[{"href":"https:\/\/guaruja.org.br\/aguaviva\/wp-json\/wp\/v2\/media?parent=962"}],"wp:term":[{"taxonomy":"category","embeddable":true,"href":"https:\/\/guaruja.org.br\/aguaviva\/wp-json\/wp\/v2\/categories?post=962"},{"taxonomy":"post_tag","embeddable":true,"href":"https:\/\/guaruja.org.br\/aguaviva\/wp-json\/wp\/v2\/tags?post=962"}],"curies":[{"name":"wp","href":"https:\/\/api.w.org\/{rel}","templated":true}]}}