{"id":967,"date":"2023-12-04T07:58:53","date_gmt":"2023-12-04T10:58:53","guid":{"rendered":"https:\/\/guaruja.org.br\/aguaviva\/?p=967"},"modified":"2023-12-08T14:10:40","modified_gmt":"2023-12-08T17:10:40","slug":"ministerio-publico-pede-explicacoes-a-prefeitura-sobre-criacao-de-taxa-para-turistas-no-litoral-de-sp","status":"publish","type":"post","link":"https:\/\/guaruja.org.br\/aguaviva\/ministerio-publico-pede-explicacoes-a-prefeitura-sobre-criacao-de-taxa-para-turistas-no-litoral-de-sp\/","title":{"rendered":"Minist\u00e9rio P\u00fablico pede explica\u00e7\u00f5es a prefeitura sobre cria\u00e7\u00e3o de &#8216;taxa para turistas&#8217; no litoral de SP"},"content":{"rendered":"\n<p>Guaruj\u00e1 (SP) estuda implementar Taxa de Preserva\u00e7\u00e3o Ambiental (TPA) para turistas de fora da Baixada Santista. MP-SP solicitou informa\u00e7\u00f5es \u00e0 administra\u00e7\u00e3o municipal.<\/p>\n\n\n\n<p>O Minist\u00e9rio P\u00fablico do Estado de S\u00e3o Paulo (MP-SP) pediu esclarecimentos \u00e0 Prefeitura de Guaruj\u00e1, no litoral de S\u00e3o Paulo, sobre a&nbsp;<a class=\"\" href=\"https:\/\/g1.globo.com\/sp\/santos-regiao\/noticia\/2023\/11\/19\/guaruja-sp-avalia-implantacao-de-taxa-de-preservacao-ambiental-para-turistas.ghtml\">cria\u00e7\u00e3o de uma Taxa de Preserva\u00e7\u00e3o Ambiental (TPA)<\/a>&nbsp;para turistas de fora da Baixada Santista &#8212; prevista em R$ 4,26 por ve\u00edculo que ficar mais de 3h na cidade, a depender do transporte. Elaborado pela Secretaria Municipal de Meio Ambiente (Semam), o projeto de lei foi apresentado \u00e0 popula\u00e7\u00e3o em uma audi\u00eancia p\u00fablica na \u00faltima semana.<\/p>\n\n\n\n<p>Segundo a Semam, o grande n\u00famero de turistas que visitam a cidade em per\u00edodo de f\u00e9rias e feriados prolongados produz de 1kg a 1,6kg de lixo por dia. Entre os destinos brasileiros que j\u00e1 utilizam a TPA para defender a natureza est\u00e3o Fernando de Noronha, Jericoacoara, Paraty e Ubatuba.<\/p>\n\n\n\n<p>Com o objetivo de ajudar o meio ambiente, a pasta elaborou um documento que prev\u00ea cobran\u00e7as di\u00e1rias sobre o ingresso e a perman\u00eancia de ve\u00edculos de fora da Baixada Santista em Guaruj\u00e1 por mais de tr\u00eas horas.<\/p>\n\n\n\n<p>Os valores ser\u00e3o equivalentes a at\u00e9 28 Unidades Fiscais do Munic\u00edpio (UFMs), de acordo com o meio de transporte.&nbsp;Neste ano, elas custam R$ 4,26&nbsp;e devem ser reajustadas para R$ 4,45.<\/p>\n\n\n\n<p>Ap\u00f3s uma representa\u00e7\u00e3o da Associa\u00e7\u00e3o Viva Guaruj\u00e1 (Aguaviva), que segundo o MPSP apontou irregularidades sobre a audi\u00eancia p\u00fablica, o \u00f3rg\u00e3o estadual instaurou uma not\u00edcia de fato para pedir esclarecimentos e, assim, garantir que ela tenha assegurado a participa\u00e7\u00e3o popular.<\/p>\n\n\n\n<h2 class=\"wp-block-heading\">Baixada Santista isenta<\/h2>\n\n\n\n<p>Em 2023, cada UFM custa R$ 4,26, mas o valor deve ser reajustado para R$ 4,45 no ano que vem. A Prefeitura informou que abrir\u00e1 um licita\u00e7\u00e3o para contratar uma empresa terceirizada para a fiscaliza\u00e7\u00e3o eletr\u00f4nica e a instala\u00e7\u00e3o de c\u00e2meras inteligentes na cidade. O plano \u00e9 que a fiscaliza\u00e7\u00e3o ocorra em pontos estrat\u00e9gicos, como as entradas e sa\u00eddas de balsas, rodovias e pontes.<\/p>\n\n\n\n<p>Caso seja criada, a lei ser\u00e1 exclusiva para visitantes, ent\u00e3o os ve\u00edculos de moradores de Guaruj\u00e1 e das oito demais cidades da Baixada Santista estar\u00e3o isentos \u2013 contanto que estejam devidamente cadastrados. Aqueles que est\u00e3o a trabalho, abastecendo o com\u00e9rcio local ou de breve passagem (inferior a 3 horas), tamb\u00e9m n\u00e3o pagar\u00e3o a taxa.<\/p>\n\n\n\n<p>De acordo com o projeto, os visitantes que circularem em Guaruj\u00e1 dever\u00e3o efetuar cadastro virtual ou em postos f\u00edsicos de recolhimento definidos pela Prefeitura, al\u00e9m de realizar o pagamento conforme a previs\u00e3o do tempo de perman\u00eancia.<\/p>\n\n\n\n<p>O texto prev\u00ea que as arrecada\u00e7\u00f5es ser\u00e3o destinadas ao custeio servi\u00e7os p\u00fablicos e investimentos em saneamento ambiental. O intuito \u00e9 potencializar a fiscaliza\u00e7\u00e3o, prote\u00e7\u00e3o e conserva\u00e7\u00e3o de territ\u00f3rio.<\/p>\n\n\n\n<h2 class=\"wp-block-heading\">Taxa\u00e7\u00e3o &#8216;malvista, injusta e ilegal&#8217;<\/h2>\n\n\n\n<p>O presidente da Associa\u00e7\u00e3o Aguaviva, Jos\u00e9 Manoel Ferreira Gon\u00e7alves, defendeu que h\u00e1 controv\u00e9rsias e impacto econ\u00f4mico na ideia porque os turistas j\u00e1 contribuem significativamente para a economia local. Afinal, consumem &#8220;intensivamente&#8221; em hot\u00e9is, restaurantes e com\u00e9rcio das cidades que visitam.<\/p>\n\n\n\n<p>&#8220;Embora a TPA seja defendida como uma fonte de receita para projetos ambientais, os turistas j\u00e1 s\u00e3o cidad\u00e3os que por natureza impulsionam a economia local de forma substancial, ao aumentarem a arrecada\u00e7\u00e3o de impostos municipais atrav\u00e9s de gastos em hospedagem, alimenta\u00e7\u00e3o e compras, sugerindo que a TPA poderia ser uma dupla tributa\u00e7\u00e3o&#8221;, diz texto no site oficial da associa\u00e7\u00e3o.<\/p>\n\n\n\n<p>Para a Aguaviva, a taxa pode &#8220;desencorajar o turismo, reduzindo a receita geral do munic\u00edpio&#8221;, e a percep\u00e7\u00e3o de uma cobran\u00e7a considerada injusta tende a afetar negativamente a imagem da cidade tur\u00edstica, comprometendo a visita de turistas no futuro.<\/p>\n\n\n\n<p>&#8220;Entendo que esta mudan\u00e7a no apagar das luzes da atual gest\u00e3o pode robustecer o caixa e ajudar a fechar as contas do mandato, mas agregar\u00e1 uma antipatia \u00e0 imagem da cidade de forma permanente. Os projetos ambientais s\u00e3o fundamentais, mas devem ser sustentados pela arrecada\u00e7\u00e3o gerada naturalmente pelos turistas, e n\u00e3o por uma taxa\u00e7\u00e3o malvista, injusta e ilegal&#8221;, afirmou no texto.<\/p>\n\n\n\n<h2 class=\"wp-block-heading\">Prefeitura<\/h2>\n\n\n\n<p>Em nota, a prefeitura de Guaruj\u00e1 informou que ainda n\u00e3o foi notificada pelo Minist\u00e9rio P\u00fablico e esclarece que fez a audi\u00eancia &#8220;atendendo a todos os crit\u00e9rios estabelecidos pelo Estatuto da Cidade e do MP\/SP&#8221;. A proposta da TPA foi disponibilizada &#8220;com anteced\u00eancia&#8221; pela internet e o site do \u00f3rg\u00e3o, al\u00e9m de tamb\u00e9m ter sido entregue impressa.<\/p>\n\n\n\n<p>No momento, cada uma das sugest\u00f5es formalizadas (on-line e presencialmente) sobre a Minuta da Lei de cria\u00e7\u00e3o da Taxa de Preserva\u00e7\u00e3o Ambiental (TPA) s\u00e3o avaliadas, e uma nova audi\u00eancia p\u00fablica j\u00e1 est\u00e1 agendada para o pr\u00f3ximo dia 11 na C\u00e2mara Municipal.<\/p>\n\n\n\n<p>&#8220;A Secretaria Municipal de Meio Ambiente (Semam), respons\u00e1vel pela condu\u00e7\u00e3o do processo, destaca, ainda, que para ampliar a discuss\u00e3o, encaminhou a Minuta da Lei diretamente a alguns \u00f3rg\u00e3os que atuam no segmento&#8221;, incluindo o Conselho Municipal de Defesa do Meio Ambiente (Condema) e os gestores das \u00c1reas de Prote\u00e7\u00e3o Ambiental (Apas) Serra do Guararu e de Santo Amaro.<\/p>\n\n\n\n<h2 class=\"wp-block-heading\">Fonte<\/h2>\n\n\n\n<p><a href=\"https:\/\/g1.globo.com\/sp\/santos-regiao\/noticia\/2023\/12\/01\/ministerio-publico-pede-explicacoes-a-prefeitura-sobre-criacao-de-taxa-para-turistas-no-litoral-de-sp.ghtml\" target=\"_blank\" rel=\"noreferrer noopener\">https:\/\/g1.globo.com\/sp\/santos-regiao\/noticia\/2023\/12\/01\/ministerio-publico-pede-explicacoes-a-prefeitura-sobre-criacao-de-taxa-para-turistas-no-litoral-de-sp.ghtml<\/a><\/p>\n\n\n\n<p><a href=\"https:\/\/www.maissantos.com.br\/regiao\/regiao-meio-ambiente\/mp-sp-pede-esclarecimentos-a-prefeitura-de-guaruja-sobre-a-criacao-da-taxa-de-preservacao-ambiental\/\">https:\/\/www.maissantos.com.br\/regiao\/regiao-meio-ambiente\/mp-sp-pede-esclarecimentos-a-prefeitura-de-guaruja-sobre-a-criacao-da-taxa-de-preservacao-ambiental\/<\/a><\/p>\n\n\n\n<p><a href=\"https:\/\/comandonoticia.com.br\/ministerio-publico-pede-explicacoes-a-prefeitura-sobre-criacao-de-taxa-para-turistas-no-litoral-de-sp\/\">https:\/\/comandonoticia.com.br\/ministerio-publico-pede-explicacoes-a-prefeitura-sobre-criacao-de-taxa-para-turistas-no-litoral-de-sp\/<\/a><\/p>\n\n\n\n<p><a href=\"https:\/\/redenoticiaz.com.br\/litoralsp\/2023\/12\/01\/ministerio-publico-pede-esclarecimentos-a-guaruja-sobre-taxa-a-turistas\">https:\/\/redenoticiaz.com.br\/litoralsp\/2023\/12\/01\/ministerio-publico-pede-esclarecimentos-a-guaruja-sobre-taxa-a-turistas<\/a><\/p>\n\n\n\n<p><a href=\"https:\/\/www.radioilhafm.com.br\/news-ministerio-publico-pede-explicacoes-a-prefeitura-sobre-criacao-de-taxa-para-turistas-no-litoral-de-sp\" target=\"_blank\" rel=\"noreferrer noopener\">https:\/\/www.radioilhafm.com.br\/news-ministerio-publico-pede-explicacoes-a-prefeitura-sobre-criacao-de-taxa-para-turistas-no-litoral-de-sp<\/a><\/p>\n\n\n\n<p><a href=\"https:\/\/www.praiashow.com.br\/news-ministerio-publico-pede-explicacoes-a-prefeitura-sobre-criacao-de-taxa-para-turistas-no-litoral-de-sp\">https:\/\/www.praiashow.com.br\/news-ministerio-publico-pede-explicacoes-a-prefeitura-sobre-criacao-de-taxa-para-turistas-no-litoral-de-sp<\/a><\/p>\n","protected":false},"excerpt":{"rendered":"<p>Guaruj\u00e1 (SP) estuda implementar Taxa de Preserva\u00e7\u00e3o Ambiental (TPA) para turistas de fora da Baixada Santista. MP-SP solicitou informa\u00e7\u00f5es \u00e0 administra\u00e7\u00e3o municipal. O Minist\u00e9rio P\u00fablico do Estado de S\u00e3o Paulo (MP-SP) pediu esclarecimentos \u00e0 Prefeitura de Guaruj\u00e1, no litoral de S\u00e3o Paulo, sobre a&nbsp;cria\u00e7\u00e3o de uma Taxa de Preserva\u00e7\u00e3o Ambiental (TPA)&nbsp;para turistas de fora da [&hellip;]<\/p>\n","protected":false},"author":1,"featured_media":968,"comment_status":"closed","ping_status":"closed","sticky":false,"template":"","format":"standard","meta":{"footnotes":""},"categories":[10],"tags":[21,81,79,36],"class_list":["post-967","post","type-post","status-publish","format-standard","has-post-thumbnail","hentry","category-noticia-da-cidade-e-baixada-santista","tag-aguaviva","tag-garuja","tag-tpa","tag-turismo"],"yoast_head":"<!-- This site is optimized with the Yoast SEO Premium plugin v26.7 (Yoast SEO v26.7) - https:\/\/yoast.com\/wordpress\/plugins\/seo\/ -->\n<title>Minist\u00e9rio P\u00fablico pede explica\u00e7\u00f5es a prefeitura sobre cria\u00e7\u00e3o de &#039;taxa para turistas&#039; no litoral de SP - AGUAVIVA<\/title>\n<meta name=\"robots\" content=\"index, follow, max-snippet:-1, max-image-preview:large, max-video-preview:-1\" \/>\n<link rel=\"canonical\" href=\"https:\/\/guaruja.org.br\/aguaviva\/ministerio-publico-pede-explicacoes-a-prefeitura-sobre-criacao-de-taxa-para-turistas-no-litoral-de-sp\/\" \/>\n<meta property=\"og:locale\" content=\"pt_BR\" \/>\n<meta property=\"og:type\" content=\"article\" \/>\n<meta property=\"og:title\" content=\"Minist\u00e9rio P\u00fablico pede explica\u00e7\u00f5es a prefeitura sobre cria\u00e7\u00e3o de &#039;taxa para turistas&#039; no litoral de SP\" \/>\n<meta property=\"og:description\" content=\"Guaruj\u00e1 (SP) estuda implementar Taxa de Preserva\u00e7\u00e3o Ambiental (TPA) para turistas de fora da Baixada Santista. MP-SP solicitou informa\u00e7\u00f5es \u00e0 administra\u00e7\u00e3o municipal. O Minist\u00e9rio P\u00fablico do Estado de S\u00e3o Paulo (MP-SP) pediu esclarecimentos \u00e0 Prefeitura de Guaruj\u00e1, no litoral de S\u00e3o Paulo, sobre a&nbsp;cria\u00e7\u00e3o de uma Taxa de Preserva\u00e7\u00e3o Ambiental (TPA)&nbsp;para turistas de fora da [&hellip;]\" \/>\n<meta property=\"og:url\" content=\"https:\/\/guaruja.org.br\/aguaviva\/ministerio-publico-pede-explicacoes-a-prefeitura-sobre-criacao-de-taxa-para-turistas-no-litoral-de-sp\/\" \/>\n<meta property=\"og:site_name\" content=\"AGUAVIVA\" \/>\n<meta property=\"article:publisher\" content=\"https:\/\/www.facebook.com\/guarujaaguaviva\" \/>\n<meta property=\"article:published_time\" content=\"2023-12-04T10:58:53+00:00\" \/>\n<meta property=\"article:modified_time\" content=\"2023-12-08T17:10:40+00:00\" \/>\n<meta property=\"og:image\" content=\"https:\/\/guaruja.org.br\/aguaviva\/wp-content\/uploads\/2023\/12\/Imagem-do-WhatsApp-de-2023-12-04-as-07.57.57_8049a6ba.jpg\" \/>\n\t<meta property=\"og:image:width\" content=\"635\" \/>\n\t<meta property=\"og:image:height\" content=\"428\" \/>\n\t<meta property=\"og:image:type\" content=\"image\/jpeg\" \/>\n<meta name=\"author\" content=\"morgana\" \/>\n<meta name=\"twitter:card\" content=\"summary_large_image\" \/>\n<meta name=\"twitter:label1\" content=\"Escrito por\" \/>\n\t<meta name=\"twitter:data1\" content=\"morgana\" \/>\n\t<meta name=\"twitter:label2\" content=\"Est. tempo de leitura\" \/>\n\t<meta name=\"twitter:data2\" content=\"5 minutos\" \/>\n<script type=\"application\/ld+json\" class=\"yoast-schema-graph\">{\"@context\":\"https:\/\/schema.org\",\"@graph\":[{\"@type\":\"Article\",\"@id\":\"https:\/\/guaruja.org.br\/aguaviva\/ministerio-publico-pede-explicacoes-a-prefeitura-sobre-criacao-de-taxa-para-turistas-no-litoral-de-sp\/#article\",\"isPartOf\":{\"@id\":\"https:\/\/guaruja.org.br\/aguaviva\/ministerio-publico-pede-explicacoes-a-prefeitura-sobre-criacao-de-taxa-para-turistas-no-litoral-de-sp\/\"},\"author\":{\"name\":\"morgana\",\"@id\":\"https:\/\/guaruja.org.br\/aguaviva\/#\/schema\/person\/9eebcb3a8418982418c00d543a25aee4\"},\"headline\":\"Minist\u00e9rio P\u00fablico pede explica\u00e7\u00f5es a prefeitura sobre cria\u00e7\u00e3o de &#8216;taxa para turistas&#8217; no litoral de SP\",\"datePublished\":\"2023-12-04T10:58:53+00:00\",\"dateModified\":\"2023-12-08T17:10:40+00:00\",\"mainEntityOfPage\":{\"@id\":\"https:\/\/guaruja.org.br\/aguaviva\/ministerio-publico-pede-explicacoes-a-prefeitura-sobre-criacao-de-taxa-para-turistas-no-litoral-de-sp\/\"},\"wordCount\":959,\"publisher\":{\"@id\":\"https:\/\/guaruja.org.br\/aguaviva\/#organization\"},\"image\":{\"@id\":\"https:\/\/guaruja.org.br\/aguaviva\/ministerio-publico-pede-explicacoes-a-prefeitura-sobre-criacao-de-taxa-para-turistas-no-litoral-de-sp\/#primaryimage\"},\"thumbnailUrl\":\"https:\/\/guaruja.org.br\/aguaviva\/wp-content\/uploads\/2023\/12\/Imagem-do-WhatsApp-de-2023-12-04-as-07.57.57_8049a6ba.jpg\",\"keywords\":[\"aguaviva\",\"GARUJ\u00c1\",\"tpa\",\"turismo\"],\"articleSection\":[\"Not\u00edcias da Cidade e Baixada Santista\"],\"inLanguage\":\"pt-BR\"},{\"@type\":\"WebPage\",\"@id\":\"https:\/\/guaruja.org.br\/aguaviva\/ministerio-publico-pede-explicacoes-a-prefeitura-sobre-criacao-de-taxa-para-turistas-no-litoral-de-sp\/\",\"url\":\"https:\/\/guaruja.org.br\/aguaviva\/ministerio-publico-pede-explicacoes-a-prefeitura-sobre-criacao-de-taxa-para-turistas-no-litoral-de-sp\/\",\"name\":\"Minist\u00e9rio P\u00fablico pede explica\u00e7\u00f5es a prefeitura sobre cria\u00e7\u00e3o de 'taxa para turistas' no litoral de SP - AGUAVIVA\",\"isPartOf\":{\"@id\":\"https:\/\/guaruja.org.br\/aguaviva\/#website\"},\"primaryImageOfPage\":{\"@id\":\"https:\/\/guaruja.org.br\/aguaviva\/ministerio-publico-pede-explicacoes-a-prefeitura-sobre-criacao-de-taxa-para-turistas-no-litoral-de-sp\/#primaryimage\"},\"image\":{\"@id\":\"https:\/\/guaruja.org.br\/aguaviva\/ministerio-publico-pede-explicacoes-a-prefeitura-sobre-criacao-de-taxa-para-turistas-no-litoral-de-sp\/#primaryimage\"},\"thumbnailUrl\":\"https:\/\/guaruja.org.br\/aguaviva\/wp-content\/uploads\/2023\/12\/Imagem-do-WhatsApp-de-2023-12-04-as-07.57.57_8049a6ba.jpg\",\"datePublished\":\"2023-12-04T10:58:53+00:00\",\"dateModified\":\"2023-12-08T17:10:40+00:00\",\"breadcrumb\":{\"@id\":\"https:\/\/guaruja.org.br\/aguaviva\/ministerio-publico-pede-explicacoes-a-prefeitura-sobre-criacao-de-taxa-para-turistas-no-litoral-de-sp\/#breadcrumb\"},\"inLanguage\":\"pt-BR\",\"potentialAction\":[{\"@type\":\"ReadAction\",\"target\":[\"https:\/\/guaruja.org.br\/aguaviva\/ministerio-publico-pede-explicacoes-a-prefeitura-sobre-criacao-de-taxa-para-turistas-no-litoral-de-sp\/\"]}]},{\"@type\":\"ImageObject\",\"inLanguage\":\"pt-BR\",\"@id\":\"https:\/\/guaruja.org.br\/aguaviva\/ministerio-publico-pede-explicacoes-a-prefeitura-sobre-criacao-de-taxa-para-turistas-no-litoral-de-sp\/#primaryimage\",\"url\":\"https:\/\/guaruja.org.br\/aguaviva\/wp-content\/uploads\/2023\/12\/Imagem-do-WhatsApp-de-2023-12-04-as-07.57.57_8049a6ba.jpg\",\"contentUrl\":\"https:\/\/guaruja.org.br\/aguaviva\/wp-content\/uploads\/2023\/12\/Imagem-do-WhatsApp-de-2023-12-04-as-07.57.57_8049a6ba.jpg\",\"width\":635,\"height\":428},{\"@type\":\"BreadcrumbList\",\"@id\":\"https:\/\/guaruja.org.br\/aguaviva\/ministerio-publico-pede-explicacoes-a-prefeitura-sobre-criacao-de-taxa-para-turistas-no-litoral-de-sp\/#breadcrumb\",\"itemListElement\":[{\"@type\":\"ListItem\",\"position\":1,\"name\":\"In\u00edcio\",\"item\":\"https:\/\/guaruja.org.br\/aguaviva\/\"},{\"@type\":\"ListItem\",\"position\":2,\"name\":\"Minist\u00e9rio P\u00fablico pede explica\u00e7\u00f5es a prefeitura sobre cria\u00e7\u00e3o de &#8216;taxa para turistas&#8217; no litoral de SP\"}]},{\"@type\":\"WebSite\",\"@id\":\"https:\/\/guaruja.org.br\/aguaviva\/#website\",\"url\":\"https:\/\/guaruja.org.br\/aguaviva\/\",\"name\":\"AGUAVIVA\",\"description\":\"Associa\u00e7\u00e3o Guaruj\u00e1 Viva\",\"publisher\":{\"@id\":\"https:\/\/guaruja.org.br\/aguaviva\/#organization\"},\"alternateName\":\"AGUAVIVA\",\"potentialAction\":[{\"@type\":\"SearchAction\",\"target\":{\"@type\":\"EntryPoint\",\"urlTemplate\":\"https:\/\/guaruja.org.br\/aguaviva\/?s={search_term_string}\"},\"query-input\":{\"@type\":\"PropertyValueSpecification\",\"valueRequired\":true,\"valueName\":\"search_term_string\"}}],\"inLanguage\":\"pt-BR\"},{\"@type\":\"Organization\",\"@id\":\"https:\/\/guaruja.org.br\/aguaviva\/#organization\",\"name\":\"AGUAVIVA\",\"alternateName\":\"AGUAVIVA\",\"url\":\"https:\/\/guaruja.org.br\/aguaviva\/\",\"logo\":{\"@type\":\"ImageObject\",\"inLanguage\":\"pt-BR\",\"@id\":\"https:\/\/guaruja.org.br\/aguaviva\/#\/schema\/logo\/image\/\",\"url\":\"https:\/\/guaruja.org.br\/aguaviva\/wp-content\/uploads\/2025\/03\/logo-aguaviva-horizontal.png\",\"contentUrl\":\"https:\/\/guaruja.org.br\/aguaviva\/wp-content\/uploads\/2025\/03\/logo-aguaviva-horizontal.png\",\"width\":3280,\"height\":1080,\"caption\":\"AGUAVIVA\"},\"image\":{\"@id\":\"https:\/\/guaruja.org.br\/aguaviva\/#\/schema\/logo\/image\/\"},\"sameAs\":[\"https:\/\/www.facebook.com\/guarujaaguaviva\",\"https:\/\/www.instagram.com\/aguavivaguaruja\/\"]},{\"@type\":\"Person\",\"@id\":\"https:\/\/guaruja.org.br\/aguaviva\/#\/schema\/person\/9eebcb3a8418982418c00d543a25aee4\",\"name\":\"morgana\",\"sameAs\":[\"https:\/\/guaruja.org.br\/aguaviva-02\"],\"url\":\"https:\/\/guaruja.org.br\/aguaviva\/author\/morgana\/\"}]}<\/script>\n<!-- \/ Yoast SEO Premium plugin. -->","yoast_head_json":{"title":"Minist\u00e9rio P\u00fablico pede explica\u00e7\u00f5es a prefeitura sobre cria\u00e7\u00e3o de 'taxa para turistas' no litoral de SP - AGUAVIVA","robots":{"index":"index","follow":"follow","max-snippet":"max-snippet:-1","max-image-preview":"max-image-preview:large","max-video-preview":"max-video-preview:-1"},"canonical":"https:\/\/guaruja.org.br\/aguaviva\/ministerio-publico-pede-explicacoes-a-prefeitura-sobre-criacao-de-taxa-para-turistas-no-litoral-de-sp\/","og_locale":"pt_BR","og_type":"article","og_title":"Minist\u00e9rio P\u00fablico pede explica\u00e7\u00f5es a prefeitura sobre cria\u00e7\u00e3o de 'taxa para turistas' no litoral de SP","og_description":"Guaruj\u00e1 (SP) estuda implementar Taxa de Preserva\u00e7\u00e3o Ambiental (TPA) para turistas de fora da Baixada Santista. MP-SP solicitou informa\u00e7\u00f5es \u00e0 administra\u00e7\u00e3o municipal. O Minist\u00e9rio P\u00fablico do Estado de S\u00e3o Paulo (MP-SP) pediu esclarecimentos \u00e0 Prefeitura de Guaruj\u00e1, no litoral de S\u00e3o Paulo, sobre a&nbsp;cria\u00e7\u00e3o de uma Taxa de Preserva\u00e7\u00e3o Ambiental (TPA)&nbsp;para turistas de fora da [&hellip;]","og_url":"https:\/\/guaruja.org.br\/aguaviva\/ministerio-publico-pede-explicacoes-a-prefeitura-sobre-criacao-de-taxa-para-turistas-no-litoral-de-sp\/","og_site_name":"AGUAVIVA","article_publisher":"https:\/\/www.facebook.com\/guarujaaguaviva","article_published_time":"2023-12-04T10:58:53+00:00","article_modified_time":"2023-12-08T17:10:40+00:00","og_image":[{"width":635,"height":428,"url":"https:\/\/guaruja.org.br\/aguaviva\/wp-content\/uploads\/2023\/12\/Imagem-do-WhatsApp-de-2023-12-04-as-07.57.57_8049a6ba.jpg","type":"image\/jpeg"}],"author":"morgana","twitter_card":"summary_large_image","twitter_misc":{"Escrito por":"morgana","Est. tempo de leitura":"5 minutos"},"schema":{"@context":"https:\/\/schema.org","@graph":[{"@type":"Article","@id":"https:\/\/guaruja.org.br\/aguaviva\/ministerio-publico-pede-explicacoes-a-prefeitura-sobre-criacao-de-taxa-para-turistas-no-litoral-de-sp\/#article","isPartOf":{"@id":"https:\/\/guaruja.org.br\/aguaviva\/ministerio-publico-pede-explicacoes-a-prefeitura-sobre-criacao-de-taxa-para-turistas-no-litoral-de-sp\/"},"author":{"name":"morgana","@id":"https:\/\/guaruja.org.br\/aguaviva\/#\/schema\/person\/9eebcb3a8418982418c00d543a25aee4"},"headline":"Minist\u00e9rio P\u00fablico pede explica\u00e7\u00f5es a prefeitura sobre cria\u00e7\u00e3o de &#8216;taxa para turistas&#8217; no litoral de SP","datePublished":"2023-12-04T10:58:53+00:00","dateModified":"2023-12-08T17:10:40+00:00","mainEntityOfPage":{"@id":"https:\/\/guaruja.org.br\/aguaviva\/ministerio-publico-pede-explicacoes-a-prefeitura-sobre-criacao-de-taxa-para-turistas-no-litoral-de-sp\/"},"wordCount":959,"publisher":{"@id":"https:\/\/guaruja.org.br\/aguaviva\/#organization"},"image":{"@id":"https:\/\/guaruja.org.br\/aguaviva\/ministerio-publico-pede-explicacoes-a-prefeitura-sobre-criacao-de-taxa-para-turistas-no-litoral-de-sp\/#primaryimage"},"thumbnailUrl":"https:\/\/guaruja.org.br\/aguaviva\/wp-content\/uploads\/2023\/12\/Imagem-do-WhatsApp-de-2023-12-04-as-07.57.57_8049a6ba.jpg","keywords":["aguaviva","GARUJ\u00c1","tpa","turismo"],"articleSection":["Not\u00edcias da Cidade e Baixada Santista"],"inLanguage":"pt-BR"},{"@type":"WebPage","@id":"https:\/\/guaruja.org.br\/aguaviva\/ministerio-publico-pede-explicacoes-a-prefeitura-sobre-criacao-de-taxa-para-turistas-no-litoral-de-sp\/","url":"https:\/\/guaruja.org.br\/aguaviva\/ministerio-publico-pede-explicacoes-a-prefeitura-sobre-criacao-de-taxa-para-turistas-no-litoral-de-sp\/","name":"Minist\u00e9rio P\u00fablico pede explica\u00e7\u00f5es a prefeitura sobre cria\u00e7\u00e3o de 'taxa para turistas' no litoral de SP - AGUAVIVA","isPartOf":{"@id":"https:\/\/guaruja.org.br\/aguaviva\/#website"},"primaryImageOfPage":{"@id":"https:\/\/guaruja.org.br\/aguaviva\/ministerio-publico-pede-explicacoes-a-prefeitura-sobre-criacao-de-taxa-para-turistas-no-litoral-de-sp\/#primaryimage"},"image":{"@id":"https:\/\/guaruja.org.br\/aguaviva\/ministerio-publico-pede-explicacoes-a-prefeitura-sobre-criacao-de-taxa-para-turistas-no-litoral-de-sp\/#primaryimage"},"thumbnailUrl":"https:\/\/guaruja.org.br\/aguaviva\/wp-content\/uploads\/2023\/12\/Imagem-do-WhatsApp-de-2023-12-04-as-07.57.57_8049a6ba.jpg","datePublished":"2023-12-04T10:58:53+00:00","dateModified":"2023-12-08T17:10:40+00:00","breadcrumb":{"@id":"https:\/\/guaruja.org.br\/aguaviva\/ministerio-publico-pede-explicacoes-a-prefeitura-sobre-criacao-de-taxa-para-turistas-no-litoral-de-sp\/#breadcrumb"},"inLanguage":"pt-BR","potentialAction":[{"@type":"ReadAction","target":["https:\/\/guaruja.org.br\/aguaviva\/ministerio-publico-pede-explicacoes-a-prefeitura-sobre-criacao-de-taxa-para-turistas-no-litoral-de-sp\/"]}]},{"@type":"ImageObject","inLanguage":"pt-BR","@id":"https:\/\/guaruja.org.br\/aguaviva\/ministerio-publico-pede-explicacoes-a-prefeitura-sobre-criacao-de-taxa-para-turistas-no-litoral-de-sp\/#primaryimage","url":"https:\/\/guaruja.org.br\/aguaviva\/wp-content\/uploads\/2023\/12\/Imagem-do-WhatsApp-de-2023-12-04-as-07.57.57_8049a6ba.jpg","contentUrl":"https:\/\/guaruja.org.br\/aguaviva\/wp-content\/uploads\/2023\/12\/Imagem-do-WhatsApp-de-2023-12-04-as-07.57.57_8049a6ba.jpg","width":635,"height":428},{"@type":"BreadcrumbList","@id":"https:\/\/guaruja.org.br\/aguaviva\/ministerio-publico-pede-explicacoes-a-prefeitura-sobre-criacao-de-taxa-para-turistas-no-litoral-de-sp\/#breadcrumb","itemListElement":[{"@type":"ListItem","position":1,"name":"In\u00edcio","item":"https:\/\/guaruja.org.br\/aguaviva\/"},{"@type":"ListItem","position":2,"name":"Minist\u00e9rio P\u00fablico pede explica\u00e7\u00f5es a prefeitura sobre cria\u00e7\u00e3o de &#8216;taxa para turistas&#8217; no litoral de SP"}]},{"@type":"WebSite","@id":"https:\/\/guaruja.org.br\/aguaviva\/#website","url":"https:\/\/guaruja.org.br\/aguaviva\/","name":"AGUAVIVA","description":"Associa\u00e7\u00e3o Guaruj\u00e1 Viva","publisher":{"@id":"https:\/\/guaruja.org.br\/aguaviva\/#organization"},"alternateName":"AGUAVIVA","potentialAction":[{"@type":"SearchAction","target":{"@type":"EntryPoint","urlTemplate":"https:\/\/guaruja.org.br\/aguaviva\/?s={search_term_string}"},"query-input":{"@type":"PropertyValueSpecification","valueRequired":true,"valueName":"search_term_string"}}],"inLanguage":"pt-BR"},{"@type":"Organization","@id":"https:\/\/guaruja.org.br\/aguaviva\/#organization","name":"AGUAVIVA","alternateName":"AGUAVIVA","url":"https:\/\/guaruja.org.br\/aguaviva\/","logo":{"@type":"ImageObject","inLanguage":"pt-BR","@id":"https:\/\/guaruja.org.br\/aguaviva\/#\/schema\/logo\/image\/","url":"https:\/\/guaruja.org.br\/aguaviva\/wp-content\/uploads\/2025\/03\/logo-aguaviva-horizontal.png","contentUrl":"https:\/\/guaruja.org.br\/aguaviva\/wp-content\/uploads\/2025\/03\/logo-aguaviva-horizontal.png","width":3280,"height":1080,"caption":"AGUAVIVA"},"image":{"@id":"https:\/\/guaruja.org.br\/aguaviva\/#\/schema\/logo\/image\/"},"sameAs":["https:\/\/www.facebook.com\/guarujaaguaviva","https:\/\/www.instagram.com\/aguavivaguaruja\/"]},{"@type":"Person","@id":"https:\/\/guaruja.org.br\/aguaviva\/#\/schema\/person\/9eebcb3a8418982418c00d543a25aee4","name":"morgana","sameAs":["https:\/\/guaruja.org.br\/aguaviva-02"],"url":"https:\/\/guaruja.org.br\/aguaviva\/author\/morgana\/"}]}},"_links":{"self":[{"href":"https:\/\/guaruja.org.br\/aguaviva\/wp-json\/wp\/v2\/posts\/967","targetHints":{"allow":["GET"]}}],"collection":[{"href":"https:\/\/guaruja.org.br\/aguaviva\/wp-json\/wp\/v2\/posts"}],"about":[{"href":"https:\/\/guaruja.org.br\/aguaviva\/wp-json\/wp\/v2\/types\/post"}],"author":[{"embeddable":true,"href":"https:\/\/guaruja.org.br\/aguaviva\/wp-json\/wp\/v2\/users\/1"}],"replies":[{"embeddable":true,"href":"https:\/\/guaruja.org.br\/aguaviva\/wp-json\/wp\/v2\/comments?post=967"}],"version-history":[{"count":4,"href":"https:\/\/guaruja.org.br\/aguaviva\/wp-json\/wp\/v2\/posts\/967\/revisions"}],"predecessor-version":[{"id":4659,"href":"https:\/\/guaruja.org.br\/aguaviva\/wp-json\/wp\/v2\/posts\/967\/revisions\/4659"}],"wp:featuredmedia":[{"embeddable":true,"href":"https:\/\/guaruja.org.br\/aguaviva\/wp-json\/wp\/v2\/media\/968"}],"wp:attachment":[{"href":"https:\/\/guaruja.org.br\/aguaviva\/wp-json\/wp\/v2\/media?parent=967"}],"wp:term":[{"taxonomy":"category","embeddable":true,"href":"https:\/\/guaruja.org.br\/aguaviva\/wp-json\/wp\/v2\/categories?post=967"},{"taxonomy":"post_tag","embeddable":true,"href":"https:\/\/guaruja.org.br\/aguaviva\/wp-json\/wp\/v2\/tags?post=967"}],"curies":[{"name":"wp","href":"https:\/\/api.w.org\/{rel}","templated":true}]}}