{"id":979,"date":"2023-12-05T15:20:23","date_gmt":"2023-12-05T18:20:23","guid":{"rendered":"https:\/\/guaruja.org.br\/aguaviva\/?p=979"},"modified":"2023-12-07T10:34:20","modified_gmt":"2023-12-07T13:34:20","slug":"associacao-guaruja-viva-convida-moradores-para-manifestacao-em-usca-de-solucoes-para-problemas-na-praia-das-asturias","status":"publish","type":"post","link":"https:\/\/guaruja.org.br\/aguaviva\/associacao-guaruja-viva-convida-moradores-para-manifestacao-em-usca-de-solucoes-para-problemas-na-praia-das-asturias\/","title":{"rendered":"MANIFESTA\u00c7\u00c3O PELA PAZ NA PRAIA DAS AST\u00daRIAS"},"content":{"rendered":"\n<p>Data: 09\/12\/2023 | Hor\u00e1rio: 17:00 | Local: Praia das Ast\u00farias<\/p>\n\n\n\n<h2 class=\"wp-block-heading\">Convoca\u00e7\u00e3o Urgente aos Moradores e Amigos da Praia das Ast\u00farias<\/h2>\n\n\n\n<p>A Associa\u00e7\u00e3o Guaruj\u00e1 Viva (AGUAVIVA) n\u00e3o apenas convida, mas apela \u00e0 sua consci\u00eancia c\u00edvica para se unir a n\u00f3s numa <strong>manifesta\u00e7\u00e3o pac\u00edfica<\/strong>, vital para o futuro da nossa amada Praia das Ast\u00farias. <strong>Sua voz \u00e9 essencial<\/strong> na constru\u00e7\u00e3o de um amanh\u00e3 mais seguro e harmonioso para todos.<\/p>\n\n\n\n<h2 class=\"wp-block-heading\">Por que Esta Manifesta\u00e7\u00e3o \u00e9 Crucial?<\/h2>\n\n\n\n<p>Recentemente, nossa querida praia tem sido palco de in\u00fameros desafios: <strong>aglomera\u00e7\u00f5es descontroladas, som alto incessante, pr\u00e1ticas perigosas com motos, consumo aberto de drogas e uma s\u00e9rie de comportamentos que amea\u00e7am nossa serenidade e seguran\u00e7a<\/strong>. Estes incidentes n\u00e3o s\u00e3o apenas perturba\u00e7\u00f5es ocasionais, mas sim amea\u00e7as reais \u00e0 integridade e ao bem-estar de nossa comunidade.<\/p>\n\n\n\n<h2 class=\"wp-block-heading\">Demandando A\u00e7\u00e3o Imediata<\/h2>\n\n\n\n<p>Apesar de repetidos apelos \u00e0 Pol\u00edcia Militar e \u00e0 Guarda Civil Municipal, as solu\u00e7\u00f5es oferecidas t\u00eam sido insuficientes. <strong>N\u00e3o podemos mais ficar \u00e0 margem<\/strong>. Chegou o momento de erguer nossa voz coletivamente e exigir medidas imediatas e eficazes das autoridades.<\/p>\n\n\n\n<h2 class=\"wp-block-heading\">Seu Papel na Mudan\u00e7a<\/h2>\n\n\n\n<p>&#8211; <strong>Mostre Solidariedade<\/strong>: Sua presen\u00e7a \u00e9 um poderoso s\u00edmbolo de apoio \u00e0 nossa comunidade.<br>&#8211; <strong>Reivindique Seu Direito<\/strong>: Todos merecem viver em um ambiente seguro e pac\u00edfico.<br>&#8211; <strong>Seja um Agente de Mudan\u00e7a<\/strong>: Junte-se a n\u00f3s para moldar o futuro da Praia das Ast\u00farias.<\/p>\n\n\n\n<h2 class=\"wp-block-heading\">Detalhes da Manifesta\u00e7\u00e3o<\/h2>\n\n\n\n<p>&#8211; <strong>Data<\/strong>: 09\/12\/2023 (s\u00e1bado)<br>&#8211; <strong>Hor\u00e1rio<\/strong>: 17:00<br>&#8211; <strong>Local<\/strong>: Praia das Ast\u00farias, ponto de concentra\u00e7\u00e3o no canto das Galhetas, Clube de Bocha<\/p>\n\n\n\n<h2 class=\"wp-block-heading\">Juntos, Nossa Voz Ressoar\u00e1 Mais Forte!<\/h2>\n\n\n\n<p>Este \u00e9 um chamado para mostrar a uni\u00e3o e determina\u00e7\u00e3o de nossa comunidade. Junte-se a n\u00f3s para reivindicar n\u00e3o s\u00f3 a paz, mas tamb\u00e9m a qualidade de vida que todos n\u00f3s merecemos.<\/p>\n\n\n\n<h2 class=\"wp-block-heading\">Contatos para Informa\u00e7\u00f5es Adicionais:<\/h2>\n\n\n\n<p>&#8211; <strong>Whatsapp<\/strong>: (013) 97801-6446<br>&#8211; <strong>Email<\/strong>: contato@guaruja.org.br<\/p>\n\n\n\n<p><strong>&nbsp;Associa\u00e7\u00e3o Guaruj\u00e1 Viva &#8211; AGUAVIVA<\/strong><br><strong>Unidos pela Paz, Seguran\u00e7a e Qualidade de Vida!<\/strong><\/p>\n\n\n\n<figure class=\"wp-block-image size-large\"><img fetchpriority=\"high\" decoding=\"async\" width=\"1024\" height=\"1024\" src=\"https:\/\/guaruja.org.br\/aguaviva\/wp-content\/uploads\/2023\/12\/Post-para-instagram-aviso-garotas-empoderadas-placa-megafone-personagens-ilustrado-azul-e-vermelho-3-1-1024x1024.png\" alt=\"\" class=\"wp-image-1007\" srcset=\"https:\/\/guaruja.org.br\/aguaviva\/wp-content\/uploads\/2023\/12\/Post-para-instagram-aviso-garotas-empoderadas-placa-megafone-personagens-ilustrado-azul-e-vermelho-3-1-1024x1024.png 1024w, https:\/\/guaruja.org.br\/aguaviva\/wp-content\/uploads\/2023\/12\/Post-para-instagram-aviso-garotas-empoderadas-placa-megafone-personagens-ilustrado-azul-e-vermelho-3-1-300x300.png 300w, https:\/\/guaruja.org.br\/aguaviva\/wp-content\/uploads\/2023\/12\/Post-para-instagram-aviso-garotas-empoderadas-placa-megafone-personagens-ilustrado-azul-e-vermelho-3-1-150x150.png 150w, https:\/\/guaruja.org.br\/aguaviva\/wp-content\/uploads\/2023\/12\/Post-para-instagram-aviso-garotas-empoderadas-placa-megafone-personagens-ilustrado-azul-e-vermelho-3-1-768x768.png 768w, https:\/\/guaruja.org.br\/aguaviva\/wp-content\/uploads\/2023\/12\/Post-para-instagram-aviso-garotas-empoderadas-placa-megafone-personagens-ilustrado-azul-e-vermelho-3-1.png 1080w\" sizes=\"(max-width: 1024px) 100vw, 1024px\" \/><\/figure>\n\n\n\n<h2 class=\"wp-block-heading\">Associa\u00e7\u00e3o Guaruj\u00e1 Viva convida moradores para manifesta\u00e7\u00e3o em usca de solu\u00e7\u00f5es para problemas na Praia das Ast\u00farias<\/h2>\n\n\n\n<p>A Praia das Ast\u00farias, no munic\u00edpio de Guaruj\u00e1, tem sido palco de eventos perturbadores que t\u00eam impactado severamente a qualidade de vida dos moradores locais. A Associa\u00e7\u00e3o Guaruj\u00e1 Viva (AGUAVIVA), entidade sem fins lucrativos representante da Sociedade Civil do Guaruj\u00e1 e da Baixada Santista, protocolou um Of\u00edcio junto ao Minist\u00e9rio P\u00fablico do Estado de S\u00e3o Paulo (MPSP), solicitando a abertura de um Inqu\u00e9rito Civil para investigar os fatos ocorridos recentemente.<\/p>\n\n\n\n<div data-wp-interactive=\"core\/file\" class=\"wp-block-file\"><object data-wp-bind--hidden=\"!state.hasPdfPreview\" hidden class=\"wp-block-file__embed\" data=\"https:\/\/guaruja.org.br\/aguaviva\/wp-content\/uploads\/2023\/12\/Oficio-AV-157.2023-MPSP-Praia-das-Asturias.pdf\" type=\"application\/pdf\" style=\"width:100%;height:600px\" aria-label=\"Incorporado de Oficio-AV-157.2023-MPSP-Praia-das-Asturias.\"><\/object><a id=\"wp-block-file--media-2f448431-1746-4f4d-8f53-bce97074714f\" href=\"https:\/\/guaruja.org.br\/aguaviva\/wp-content\/uploads\/2023\/12\/Oficio-AV-157.2023-MPSP-Praia-das-Asturias.pdf\">Oficio-AV-157.2023-MPSP-Praia-das-Asturias<\/a><a href=\"https:\/\/guaruja.org.br\/aguaviva\/wp-content\/uploads\/2023\/12\/Oficio-AV-157.2023-MPSP-Praia-das-Asturias.pdf\" class=\"wp-block-file__button wp-element-button\" download aria-describedby=\"wp-block-file--media-2f448431-1746-4f4d-8f53-bce97074714f\">Baixar<\/a><\/div>\n\n\n\n<p>No \u00faltimo s\u00e1bado, 02\/12\/2023, dezenas de jovens e crian\u00e7as se aglomeraram na faixa de areia da Praia das Ast\u00farias, infringindo diversas leis municipais. Imagens registradas pela popula\u00e7\u00e3o mostram multid\u00f5es na praia, uso de caixas de som com extremo volume, motos sendo empinadas e transitando entre as pessoas na faixa de areia, e outras pr\u00e1ticas que t\u00eam prejudicado a tranquilidade dos moradores.<\/p>\n\n\n\n<figure class=\"wp-block-image size-full\"><img decoding=\"async\" width=\"612\" height=\"408\" src=\"https:\/\/guaruja.org.br\/aguaviva\/wp-content\/uploads\/2023\/12\/Imagem-do-WhatsApp-de-2023-12-05-as-15.19.00_6773ba35.jpg\" alt=\"\" class=\"wp-image-983\" srcset=\"https:\/\/guaruja.org.br\/aguaviva\/wp-content\/uploads\/2023\/12\/Imagem-do-WhatsApp-de-2023-12-05-as-15.19.00_6773ba35.jpg 612w, https:\/\/guaruja.org.br\/aguaviva\/wp-content\/uploads\/2023\/12\/Imagem-do-WhatsApp-de-2023-12-05-as-15.19.00_6773ba35-300x200.jpg 300w\" sizes=\"(max-width: 612px) 100vw, 612px\" \/><\/figure>\n\n\n\n<p>A AGUAVIVA destaca em seu of\u00edcio que a situa\u00e7\u00e3o na regi\u00e3o tem se agravado, com relatos constantes de volume alto de som, estouro de escapamentos de motos, consumo e tr\u00e1fico de subst\u00e2ncias il\u00edcitas, al\u00e9m da comercializa\u00e7\u00e3o de bebidas alco\u00f3licas em espa\u00e7os p\u00fablicos. Pr\u00e1ticas inadequadas, como atos sexuais em \u00e1reas p\u00fablicas e o descarte indevido de preservativos, tamb\u00e9m t\u00eam sido registradas, contribuindo para um ambiente de inseguran\u00e7a generalizada.<\/p>\n\n\n\n<h2 class=\"wp-block-heading\">Convite<\/h2>\n\n\n\n<p>Em resposta a essa situa\u00e7\u00e3o cr\u00edtica, a Associa\u00e7\u00e3o Guaruj\u00e1 Viva convida todos os moradores da Praia das Ast\u00farias para uma manifesta\u00e7\u00e3o pac\u00edfica no pr\u00f3ximo s\u00e1bado, <strong>09\/12, \u00e0s 17:00<\/strong>, com o objetivo de sensibilizar as autoridades locais e buscar solu\u00e7\u00f5es para os problemas enfrentados pela comunidade.<\/p>\n\n\n\n<p>Os moradores est\u00e3o convidados a se unirem \u00e0 manifesta\u00e7\u00e3o para expressar suas preocupa\u00e7\u00f5es e buscar uma resolu\u00e7\u00e3o conjunta para os problemas enfrentados na Praia das Ast\u00farias. A Associa\u00e7\u00e3o Guaruj\u00e1 Viva acredita que a mobiliza\u00e7\u00e3o da comunidade \u00e9 essencial para promover as mudan\u00e7as necess\u00e1rias e restaurar a paz na regi\u00e3o.<\/p>\n\n\n\n<h2 class=\"wp-block-heading\">Nosso presidente, Eng. Jos\u00e9 Manoel Ferreira Gon\u00e7alves<\/h2>\n\n\n\n<figure class=\"wp-block-video\"><video height=\"1920\" style=\"aspect-ratio: 1080 \/ 1920;\" width=\"1080\" controls src=\"https:\/\/guaruja.org.br\/aguaviva\/wp-content\/uploads\/2023\/12\/@JoseManoelFG-1.mp4\"><\/video><\/figure>\n\n\n\n<h2 class=\"wp-block-heading\">Saiu na M\u00eddia<\/h2>\n\n\n\n<p><a href=\"https:\/\/g1.globo.com\/sp\/santos-regiao\/noticia\/2023\/12\/05\/guaruja-reforca-policiamento-em-praia-apos-reclamacoes-de-moradores-sobre-o-banheiro-ao-ar-livre-drogas-e-barulho.ghtml\">https:\/\/g1.globo.com\/sp\/santos-regiao\/noticia\/2023\/12\/05\/guaruja-reforca-policiamento-em-praia-apos-reclamacoes-de-moradores-sobre-o-banheiro-ao-ar-livre-drogas-e-barulho.ghtml<\/a><\/p>\n\n\n\n<p><a href=\"https:\/\/globoplay.globo.com\/v\/12168661\/\">https:\/\/globoplay.globo.com\/v\/12168661\/<\/a><\/p>\n\n\n\n<p><a href=\"https:\/\/g1.globo.com\/sp\/santos-regiao\/noticia\/2023\/12\/04\/moradores-denunciam-situacao-de-praia-do-litoral-de-sp-com-motos-empinadas-multidao-e-drogas-video.ghtml \">https:\/\/g1.globo.com\/sp\/santos-regiao\/noticia\/2023\/12\/04\/moradores-denunciam-situacao-de-praia-do-litoral-de-sp-com-motos-empinadas-multidao-e-drogas-video.ghtml <\/a><br><br><a href=\"https:\/\/www.atribuna.com.br\/noticias\/policia\/bailes-funk-na-areia-da-praia-com-sexo-e-drogas-causam-transtornos-no-litoral-de-sp-video\">https:\/\/www.atribuna.com.br\/noticias\/policia\/bailes-funk-na-areia-da-praia-com-sexo-e-drogas-causam-transtornos-no-litoral-de-sp-video<\/a><br><br><a href=\"https:\/\/g1.globo.com\/sp\/santos-regiao\/noticia\/2023\/12\/04\/moradores-denunciam-situacao-de-praia-do-litoral-de-sp-com-motos-empinadas-multidao-e-drogas-video.ghtml\">https:\/\/g1.globo.com\/sp\/santos-regiao\/noticia\/2023\/12\/04\/moradores-denunciam-situacao-de-praia-do-litoral-de-sp-com-motos-empinadas-multidao-e-drogas-video.ghtml<\/a><\/p>\n","protected":false},"excerpt":{"rendered":"<p>Data: 09\/12\/2023 | Hor\u00e1rio: 17:00 | Local: Praia das Ast\u00farias Convoca\u00e7\u00e3o Urgente aos Moradores e Amigos da Praia das Ast\u00farias A Associa\u00e7\u00e3o Guaruj\u00e1 Viva (AGUAVIVA) n\u00e3o apenas convida, mas apela \u00e0 sua consci\u00eancia c\u00edvica para se unir a n\u00f3s numa manifesta\u00e7\u00e3o pac\u00edfica, vital para o futuro da nossa amada Praia das Ast\u00farias. Sua voz \u00e9 [&hellip;]<\/p>\n","protected":false},"author":1,"featured_media":982,"comment_status":"closed","ping_status":"closed","sticky":true,"template":"","format":"standard","meta":{"footnotes":""},"categories":[10],"tags":[82,61,20,83],"class_list":["post-979","post","type-post","status-publish","format-standard","has-post-thumbnail","hentry","category-noticia-da-cidade-e-baixada-santista","tag-asturias","tag-baixadasantista","tag-guaruja-2","tag-mpsp"],"yoast_head":"<!-- This site is optimized with the Yoast SEO Premium plugin v26.7 (Yoast SEO v26.7) - https:\/\/yoast.com\/wordpress\/plugins\/seo\/ -->\n<title>MANIFESTA\u00c7\u00c3O PELA PAZ NA PRAIA DAS AST\u00daRIAS - AGUAVIVA<\/title>\n<meta name=\"robots\" content=\"index, follow, max-snippet:-1, max-image-preview:large, max-video-preview:-1\" \/>\n<link rel=\"canonical\" href=\"https:\/\/guaruja.org.br\/aguaviva\/associacao-guaruja-viva-convida-moradores-para-manifestacao-em-usca-de-solucoes-para-problemas-na-praia-das-asturias\/\" \/>\n<meta property=\"og:locale\" content=\"pt_BR\" \/>\n<meta property=\"og:type\" content=\"article\" \/>\n<meta property=\"og:title\" content=\"MANIFESTA\u00c7\u00c3O PELA PAZ NA PRAIA DAS AST\u00daRIAS\" \/>\n<meta property=\"og:description\" content=\"Data: 09\/12\/2023 | Hor\u00e1rio: 17:00 | Local: Praia das Ast\u00farias Convoca\u00e7\u00e3o Urgente aos Moradores e Amigos da Praia das Ast\u00farias A Associa\u00e7\u00e3o Guaruj\u00e1 Viva (AGUAVIVA) n\u00e3o apenas convida, mas apela \u00e0 sua consci\u00eancia c\u00edvica para se unir a n\u00f3s numa manifesta\u00e7\u00e3o pac\u00edfica, vital para o futuro da nossa amada Praia das Ast\u00farias. Sua voz \u00e9 [&hellip;]\" \/>\n<meta property=\"og:url\" content=\"https:\/\/guaruja.org.br\/aguaviva\/associacao-guaruja-viva-convida-moradores-para-manifestacao-em-usca-de-solucoes-para-problemas-na-praia-das-asturias\/\" \/>\n<meta property=\"og:site_name\" content=\"AGUAVIVA\" \/>\n<meta property=\"article:publisher\" content=\"https:\/\/www.facebook.com\/guarujaaguaviva\" \/>\n<meta property=\"article:published_time\" content=\"2023-12-05T18:20:23+00:00\" \/>\n<meta property=\"article:modified_time\" content=\"2023-12-07T13:34:20+00:00\" \/>\n<meta property=\"og:image\" content=\"https:\/\/guaruja.org.br\/aguaviva\/wp-content\/uploads\/2023\/12\/asturias.jpg\" \/>\n\t<meta property=\"og:image:width\" content=\"300\" \/>\n\t<meta property=\"og:image:height\" content=\"168\" \/>\n\t<meta property=\"og:image:type\" content=\"image\/jpeg\" \/>\n<meta name=\"author\" content=\"morgana\" \/>\n<meta name=\"twitter:card\" content=\"summary_large_image\" \/>\n<meta name=\"twitter:label1\" content=\"Escrito por\" \/>\n\t<meta name=\"twitter:data1\" content=\"morgana\" \/>\n\t<meta name=\"twitter:label2\" content=\"Est. tempo de leitura\" \/>\n\t<meta name=\"twitter:data2\" content=\"4 minutos\" \/>\n<script type=\"application\/ld+json\" class=\"yoast-schema-graph\">{\"@context\":\"https:\/\/schema.org\",\"@graph\":[{\"@type\":\"Article\",\"@id\":\"https:\/\/guaruja.org.br\/aguaviva\/associacao-guaruja-viva-convida-moradores-para-manifestacao-em-usca-de-solucoes-para-problemas-na-praia-das-asturias\/#article\",\"isPartOf\":{\"@id\":\"https:\/\/guaruja.org.br\/aguaviva\/associacao-guaruja-viva-convida-moradores-para-manifestacao-em-usca-de-solucoes-para-problemas-na-praia-das-asturias\/\"},\"author\":{\"name\":\"morgana\",\"@id\":\"https:\/\/guaruja.org.br\/aguaviva\/#\/schema\/person\/9eebcb3a8418982418c00d543a25aee4\"},\"headline\":\"MANIFESTA\u00c7\u00c3O PELA PAZ NA PRAIA DAS AST\u00daRIAS\",\"datePublished\":\"2023-12-05T18:20:23+00:00\",\"dateModified\":\"2023-12-07T13:34:20+00:00\",\"mainEntityOfPage\":{\"@id\":\"https:\/\/guaruja.org.br\/aguaviva\/associacao-guaruja-viva-convida-moradores-para-manifestacao-em-usca-de-solucoes-para-problemas-na-praia-das-asturias\/\"},\"wordCount\":765,\"publisher\":{\"@id\":\"https:\/\/guaruja.org.br\/aguaviva\/#organization\"},\"image\":{\"@id\":\"https:\/\/guaruja.org.br\/aguaviva\/associacao-guaruja-viva-convida-moradores-para-manifestacao-em-usca-de-solucoes-para-problemas-na-praia-das-asturias\/#primaryimage\"},\"thumbnailUrl\":\"https:\/\/guaruja.org.br\/aguaviva\/wp-content\/uploads\/2023\/12\/asturias.jpg\",\"keywords\":[\"asturias\",\"baixadasantista\",\"guaruj\u00e1\",\"mpsp\"],\"articleSection\":[\"Not\u00edcias da Cidade e Baixada Santista\"],\"inLanguage\":\"pt-BR\"},{\"@type\":\"WebPage\",\"@id\":\"https:\/\/guaruja.org.br\/aguaviva\/associacao-guaruja-viva-convida-moradores-para-manifestacao-em-usca-de-solucoes-para-problemas-na-praia-das-asturias\/\",\"url\":\"https:\/\/guaruja.org.br\/aguaviva\/associacao-guaruja-viva-convida-moradores-para-manifestacao-em-usca-de-solucoes-para-problemas-na-praia-das-asturias\/\",\"name\":\"MANIFESTA\u00c7\u00c3O PELA PAZ NA PRAIA DAS AST\u00daRIAS - AGUAVIVA\",\"isPartOf\":{\"@id\":\"https:\/\/guaruja.org.br\/aguaviva\/#website\"},\"primaryImageOfPage\":{\"@id\":\"https:\/\/guaruja.org.br\/aguaviva\/associacao-guaruja-viva-convida-moradores-para-manifestacao-em-usca-de-solucoes-para-problemas-na-praia-das-asturias\/#primaryimage\"},\"image\":{\"@id\":\"https:\/\/guaruja.org.br\/aguaviva\/associacao-guaruja-viva-convida-moradores-para-manifestacao-em-usca-de-solucoes-para-problemas-na-praia-das-asturias\/#primaryimage\"},\"thumbnailUrl\":\"https:\/\/guaruja.org.br\/aguaviva\/wp-content\/uploads\/2023\/12\/asturias.jpg\",\"datePublished\":\"2023-12-05T18:20:23+00:00\",\"dateModified\":\"2023-12-07T13:34:20+00:00\",\"breadcrumb\":{\"@id\":\"https:\/\/guaruja.org.br\/aguaviva\/associacao-guaruja-viva-convida-moradores-para-manifestacao-em-usca-de-solucoes-para-problemas-na-praia-das-asturias\/#breadcrumb\"},\"inLanguage\":\"pt-BR\",\"potentialAction\":[{\"@type\":\"ReadAction\",\"target\":[\"https:\/\/guaruja.org.br\/aguaviva\/associacao-guaruja-viva-convida-moradores-para-manifestacao-em-usca-de-solucoes-para-problemas-na-praia-das-asturias\/\"]}]},{\"@type\":\"ImageObject\",\"inLanguage\":\"pt-BR\",\"@id\":\"https:\/\/guaruja.org.br\/aguaviva\/associacao-guaruja-viva-convida-moradores-para-manifestacao-em-usca-de-solucoes-para-problemas-na-praia-das-asturias\/#primaryimage\",\"url\":\"https:\/\/guaruja.org.br\/aguaviva\/wp-content\/uploads\/2023\/12\/asturias.jpg\",\"contentUrl\":\"https:\/\/guaruja.org.br\/aguaviva\/wp-content\/uploads\/2023\/12\/asturias.jpg\",\"width\":300,\"height\":168},{\"@type\":\"BreadcrumbList\",\"@id\":\"https:\/\/guaruja.org.br\/aguaviva\/associacao-guaruja-viva-convida-moradores-para-manifestacao-em-usca-de-solucoes-para-problemas-na-praia-das-asturias\/#breadcrumb\",\"itemListElement\":[{\"@type\":\"ListItem\",\"position\":1,\"name\":\"In\u00edcio\",\"item\":\"https:\/\/guaruja.org.br\/aguaviva\/\"},{\"@type\":\"ListItem\",\"position\":2,\"name\":\"MANIFESTA\u00c7\u00c3O PELA PAZ NA PRAIA DAS AST\u00daRIAS\"}]},{\"@type\":\"WebSite\",\"@id\":\"https:\/\/guaruja.org.br\/aguaviva\/#website\",\"url\":\"https:\/\/guaruja.org.br\/aguaviva\/\",\"name\":\"AGUAVIVA\",\"description\":\"Associa\u00e7\u00e3o Guaruj\u00e1 Viva\",\"publisher\":{\"@id\":\"https:\/\/guaruja.org.br\/aguaviva\/#organization\"},\"alternateName\":\"AGUAVIVA\",\"potentialAction\":[{\"@type\":\"SearchAction\",\"target\":{\"@type\":\"EntryPoint\",\"urlTemplate\":\"https:\/\/guaruja.org.br\/aguaviva\/?s={search_term_string}\"},\"query-input\":{\"@type\":\"PropertyValueSpecification\",\"valueRequired\":true,\"valueName\":\"search_term_string\"}}],\"inLanguage\":\"pt-BR\"},{\"@type\":\"Organization\",\"@id\":\"https:\/\/guaruja.org.br\/aguaviva\/#organization\",\"name\":\"AGUAVIVA\",\"alternateName\":\"AGUAVIVA\",\"url\":\"https:\/\/guaruja.org.br\/aguaviva\/\",\"logo\":{\"@type\":\"ImageObject\",\"inLanguage\":\"pt-BR\",\"@id\":\"https:\/\/guaruja.org.br\/aguaviva\/#\/schema\/logo\/image\/\",\"url\":\"https:\/\/guaruja.org.br\/aguaviva\/wp-content\/uploads\/2025\/03\/logo-aguaviva-horizontal.png\",\"contentUrl\":\"https:\/\/guaruja.org.br\/aguaviva\/wp-content\/uploads\/2025\/03\/logo-aguaviva-horizontal.png\",\"width\":3280,\"height\":1080,\"caption\":\"AGUAVIVA\"},\"image\":{\"@id\":\"https:\/\/guaruja.org.br\/aguaviva\/#\/schema\/logo\/image\/\"},\"sameAs\":[\"https:\/\/www.facebook.com\/guarujaaguaviva\",\"https:\/\/www.instagram.com\/aguavivaguaruja\/\"]},{\"@type\":\"Person\",\"@id\":\"https:\/\/guaruja.org.br\/aguaviva\/#\/schema\/person\/9eebcb3a8418982418c00d543a25aee4\",\"name\":\"morgana\",\"sameAs\":[\"https:\/\/guaruja.org.br\/aguaviva-02\"],\"url\":\"https:\/\/guaruja.org.br\/aguaviva\/author\/morgana\/\"}]}<\/script>\n<!-- \/ Yoast SEO Premium plugin. -->","yoast_head_json":{"title":"MANIFESTA\u00c7\u00c3O PELA PAZ NA PRAIA DAS AST\u00daRIAS - AGUAVIVA","robots":{"index":"index","follow":"follow","max-snippet":"max-snippet:-1","max-image-preview":"max-image-preview:large","max-video-preview":"max-video-preview:-1"},"canonical":"https:\/\/guaruja.org.br\/aguaviva\/associacao-guaruja-viva-convida-moradores-para-manifestacao-em-usca-de-solucoes-para-problemas-na-praia-das-asturias\/","og_locale":"pt_BR","og_type":"article","og_title":"MANIFESTA\u00c7\u00c3O PELA PAZ NA PRAIA DAS AST\u00daRIAS","og_description":"Data: 09\/12\/2023 | Hor\u00e1rio: 17:00 | Local: Praia das Ast\u00farias Convoca\u00e7\u00e3o Urgente aos Moradores e Amigos da Praia das Ast\u00farias A Associa\u00e7\u00e3o Guaruj\u00e1 Viva (AGUAVIVA) n\u00e3o apenas convida, mas apela \u00e0 sua consci\u00eancia c\u00edvica para se unir a n\u00f3s numa manifesta\u00e7\u00e3o pac\u00edfica, vital para o futuro da nossa amada Praia das Ast\u00farias. Sua voz \u00e9 [&hellip;]","og_url":"https:\/\/guaruja.org.br\/aguaviva\/associacao-guaruja-viva-convida-moradores-para-manifestacao-em-usca-de-solucoes-para-problemas-na-praia-das-asturias\/","og_site_name":"AGUAVIVA","article_publisher":"https:\/\/www.facebook.com\/guarujaaguaviva","article_published_time":"2023-12-05T18:20:23+00:00","article_modified_time":"2023-12-07T13:34:20+00:00","og_image":[{"width":300,"height":168,"url":"https:\/\/guaruja.org.br\/aguaviva\/wp-content\/uploads\/2023\/12\/asturias.jpg","type":"image\/jpeg"}],"author":"morgana","twitter_card":"summary_large_image","twitter_misc":{"Escrito por":"morgana","Est. tempo de leitura":"4 minutos"},"schema":{"@context":"https:\/\/schema.org","@graph":[{"@type":"Article","@id":"https:\/\/guaruja.org.br\/aguaviva\/associacao-guaruja-viva-convida-moradores-para-manifestacao-em-usca-de-solucoes-para-problemas-na-praia-das-asturias\/#article","isPartOf":{"@id":"https:\/\/guaruja.org.br\/aguaviva\/associacao-guaruja-viva-convida-moradores-para-manifestacao-em-usca-de-solucoes-para-problemas-na-praia-das-asturias\/"},"author":{"name":"morgana","@id":"https:\/\/guaruja.org.br\/aguaviva\/#\/schema\/person\/9eebcb3a8418982418c00d543a25aee4"},"headline":"MANIFESTA\u00c7\u00c3O PELA PAZ NA PRAIA DAS AST\u00daRIAS","datePublished":"2023-12-05T18:20:23+00:00","dateModified":"2023-12-07T13:34:20+00:00","mainEntityOfPage":{"@id":"https:\/\/guaruja.org.br\/aguaviva\/associacao-guaruja-viva-convida-moradores-para-manifestacao-em-usca-de-solucoes-para-problemas-na-praia-das-asturias\/"},"wordCount":765,"publisher":{"@id":"https:\/\/guaruja.org.br\/aguaviva\/#organization"},"image":{"@id":"https:\/\/guaruja.org.br\/aguaviva\/associacao-guaruja-viva-convida-moradores-para-manifestacao-em-usca-de-solucoes-para-problemas-na-praia-das-asturias\/#primaryimage"},"thumbnailUrl":"https:\/\/guaruja.org.br\/aguaviva\/wp-content\/uploads\/2023\/12\/asturias.jpg","keywords":["asturias","baixadasantista","guaruj\u00e1","mpsp"],"articleSection":["Not\u00edcias da Cidade e Baixada Santista"],"inLanguage":"pt-BR"},{"@type":"WebPage","@id":"https:\/\/guaruja.org.br\/aguaviva\/associacao-guaruja-viva-convida-moradores-para-manifestacao-em-usca-de-solucoes-para-problemas-na-praia-das-asturias\/","url":"https:\/\/guaruja.org.br\/aguaviva\/associacao-guaruja-viva-convida-moradores-para-manifestacao-em-usca-de-solucoes-para-problemas-na-praia-das-asturias\/","name":"MANIFESTA\u00c7\u00c3O PELA PAZ NA PRAIA DAS AST\u00daRIAS - AGUAVIVA","isPartOf":{"@id":"https:\/\/guaruja.org.br\/aguaviva\/#website"},"primaryImageOfPage":{"@id":"https:\/\/guaruja.org.br\/aguaviva\/associacao-guaruja-viva-convida-moradores-para-manifestacao-em-usca-de-solucoes-para-problemas-na-praia-das-asturias\/#primaryimage"},"image":{"@id":"https:\/\/guaruja.org.br\/aguaviva\/associacao-guaruja-viva-convida-moradores-para-manifestacao-em-usca-de-solucoes-para-problemas-na-praia-das-asturias\/#primaryimage"},"thumbnailUrl":"https:\/\/guaruja.org.br\/aguaviva\/wp-content\/uploads\/2023\/12\/asturias.jpg","datePublished":"2023-12-05T18:20:23+00:00","dateModified":"2023-12-07T13:34:20+00:00","breadcrumb":{"@id":"https:\/\/guaruja.org.br\/aguaviva\/associacao-guaruja-viva-convida-moradores-para-manifestacao-em-usca-de-solucoes-para-problemas-na-praia-das-asturias\/#breadcrumb"},"inLanguage":"pt-BR","potentialAction":[{"@type":"ReadAction","target":["https:\/\/guaruja.org.br\/aguaviva\/associacao-guaruja-viva-convida-moradores-para-manifestacao-em-usca-de-solucoes-para-problemas-na-praia-das-asturias\/"]}]},{"@type":"ImageObject","inLanguage":"pt-BR","@id":"https:\/\/guaruja.org.br\/aguaviva\/associacao-guaruja-viva-convida-moradores-para-manifestacao-em-usca-de-solucoes-para-problemas-na-praia-das-asturias\/#primaryimage","url":"https:\/\/guaruja.org.br\/aguaviva\/wp-content\/uploads\/2023\/12\/asturias.jpg","contentUrl":"https:\/\/guaruja.org.br\/aguaviva\/wp-content\/uploads\/2023\/12\/asturias.jpg","width":300,"height":168},{"@type":"BreadcrumbList","@id":"https:\/\/guaruja.org.br\/aguaviva\/associacao-guaruja-viva-convida-moradores-para-manifestacao-em-usca-de-solucoes-para-problemas-na-praia-das-asturias\/#breadcrumb","itemListElement":[{"@type":"ListItem","position":1,"name":"In\u00edcio","item":"https:\/\/guaruja.org.br\/aguaviva\/"},{"@type":"ListItem","position":2,"name":"MANIFESTA\u00c7\u00c3O PELA PAZ NA PRAIA DAS AST\u00daRIAS"}]},{"@type":"WebSite","@id":"https:\/\/guaruja.org.br\/aguaviva\/#website","url":"https:\/\/guaruja.org.br\/aguaviva\/","name":"AGUAVIVA","description":"Associa\u00e7\u00e3o Guaruj\u00e1 Viva","publisher":{"@id":"https:\/\/guaruja.org.br\/aguaviva\/#organization"},"alternateName":"AGUAVIVA","potentialAction":[{"@type":"SearchAction","target":{"@type":"EntryPoint","urlTemplate":"https:\/\/guaruja.org.br\/aguaviva\/?s={search_term_string}"},"query-input":{"@type":"PropertyValueSpecification","valueRequired":true,"valueName":"search_term_string"}}],"inLanguage":"pt-BR"},{"@type":"Organization","@id":"https:\/\/guaruja.org.br\/aguaviva\/#organization","name":"AGUAVIVA","alternateName":"AGUAVIVA","url":"https:\/\/guaruja.org.br\/aguaviva\/","logo":{"@type":"ImageObject","inLanguage":"pt-BR","@id":"https:\/\/guaruja.org.br\/aguaviva\/#\/schema\/logo\/image\/","url":"https:\/\/guaruja.org.br\/aguaviva\/wp-content\/uploads\/2025\/03\/logo-aguaviva-horizontal.png","contentUrl":"https:\/\/guaruja.org.br\/aguaviva\/wp-content\/uploads\/2025\/03\/logo-aguaviva-horizontal.png","width":3280,"height":1080,"caption":"AGUAVIVA"},"image":{"@id":"https:\/\/guaruja.org.br\/aguaviva\/#\/schema\/logo\/image\/"},"sameAs":["https:\/\/www.facebook.com\/guarujaaguaviva","https:\/\/www.instagram.com\/aguavivaguaruja\/"]},{"@type":"Person","@id":"https:\/\/guaruja.org.br\/aguaviva\/#\/schema\/person\/9eebcb3a8418982418c00d543a25aee4","name":"morgana","sameAs":["https:\/\/guaruja.org.br\/aguaviva-02"],"url":"https:\/\/guaruja.org.br\/aguaviva\/author\/morgana\/"}]}},"_links":{"self":[{"href":"https:\/\/guaruja.org.br\/aguaviva\/wp-json\/wp\/v2\/posts\/979","targetHints":{"allow":["GET"]}}],"collection":[{"href":"https:\/\/guaruja.org.br\/aguaviva\/wp-json\/wp\/v2\/posts"}],"about":[{"href":"https:\/\/guaruja.org.br\/aguaviva\/wp-json\/wp\/v2\/types\/post"}],"author":[{"embeddable":true,"href":"https:\/\/guaruja.org.br\/aguaviva\/wp-json\/wp\/v2\/users\/1"}],"replies":[{"embeddable":true,"href":"https:\/\/guaruja.org.br\/aguaviva\/wp-json\/wp\/v2\/comments?post=979"}],"version-history":[{"count":4,"href":"https:\/\/guaruja.org.br\/aguaviva\/wp-json\/wp\/v2\/posts\/979\/revisions"}],"predecessor-version":[{"id":1033,"href":"https:\/\/guaruja.org.br\/aguaviva\/wp-json\/wp\/v2\/posts\/979\/revisions\/1033"}],"wp:featuredmedia":[{"embeddable":true,"href":"https:\/\/guaruja.org.br\/aguaviva\/wp-json\/wp\/v2\/media\/982"}],"wp:attachment":[{"href":"https:\/\/guaruja.org.br\/aguaviva\/wp-json\/wp\/v2\/media?parent=979"}],"wp:term":[{"taxonomy":"category","embeddable":true,"href":"https:\/\/guaruja.org.br\/aguaviva\/wp-json\/wp\/v2\/categories?post=979"},{"taxonomy":"post_tag","embeddable":true,"href":"https:\/\/guaruja.org.br\/aguaviva\/wp-json\/wp\/v2\/tags?post=979"}],"curies":[{"name":"wp","href":"https:\/\/api.w.org\/{rel}","templated":true}]}}